{"id":2168,"date":"2018-01-23T11:04:22","date_gmt":"2018-01-23T11:04:22","guid":{"rendered":"http:\/\/galaxy.agh.edu.pl\/~swagh\/?p=2168"},"modified":"2018-02-22T11:08:51","modified_gmt":"2018-02-22T11:08:51","slug":"koncert-noworoczny","status":"publish","type":"post","link":"https:\/\/swagh.agh.edu.pl\/?p=2168","title":{"rendered":"Koncert Noworoczny"},"content":{"rendered":"<p><strong>Koncert Noworoczny Fundacji dla AGH i Stowarzyszenia Wychowank\u00f3w AGH<\/strong><\/p>\n<p><!--more--><\/p>\n<p>15 stycznia 2018 roku \u2013 po raz trzeci Wychowankowie AGH spotkali si\u0119 w Teatrze im. Juliusza S\u0142owackiego na wielkiej gali konkursowej i koncercie, kt\u00f3rym pragn\u0119li\u015bmy zainaugurowa\u0107 2018 rok.<\/p>\n<p style=\"text-align: center;\"><a href=\"http:\/\/galaxy.agh.edu.pl\/~swagh\/wp-content\/uploads\/2018\/01\/DSC_6753.jpg\"><img loading=\"lazy\" decoding=\"async\" class=\"aligncenter size-medium wp-image-2169\" src=\"http:\/\/galaxy.agh.edu.pl\/~swagh\/wp-content\/uploads\/2018\/01\/DSC_6753-300x200.jpg\" alt=\"\" width=\"300\" height=\"200\" srcset=\"https:\/\/swagh.agh.edu.pl\/wp-content\/uploads\/2018\/01\/DSC_6753-300x200.jpg 300w, https:\/\/swagh.agh.edu.pl\/wp-content\/uploads\/2018\/01\/DSC_6753-768x513.jpg 768w, https:\/\/swagh.agh.edu.pl\/wp-content\/uploads\/2018\/01\/DSC_6753-1024x684.jpg 1024w\" sizes=\"auto, (max-width: 300px) 100vw, 300px\" \/><\/a><\/p>\n<p>Wype\u0142niona niemal do ostatniego miejsca widownia teatru ciep\u0142o przyj\u0119\u0142a prowadz\u0105c\u0105 koncert pani\u0105 Paulin\u0119 Turek \u2013 studentk\u0119 Wydzia\u0142u G\u00f3rnictwa i Geoin\u017cynierii i aktywn\u0105 dzia\u0142aczk\u0119 Ko\u0142a Naukowego Zarz\u0105dzanie. Publiczno\u015b\u0107 i prominentnych go\u015bci przywita\u0142 dr Jerzy Kicki \u2013 Prezes Fundacji dla AGH. W\u015br\u00f3d powitanych byli prorektorzy AGH: prof. Anna Siwik, prof. Jerzy Lis i prof. Andrzej Pach, dziekani kilku wydzia\u0142\u00f3w oraz go\u015bcie z przemys\u0142u i r\u00f3\u017cnych instytucji wsp\u00f3\u0142pracuj\u0105cych zar\u00f3wno z Fundacj\u0105 dla AGH jak r\u00f3wnie\u017c ze Stowarzyszeniem Wychowank\u00f3w AGH.<\/p>\n<hr \/>\n<p><strong>Zdj\u0119cia z wydarzenia:<\/strong><\/p>\n<p><a title=\"Z\u0142oty Indeks - 8 wrze\u015bnia 2017\" href=\"http:\/\/foto.agh.edu.pl\/thumbnails.php?album=515\" target=\"_blank\" rel=\"noopener\">Koncert Noworoczny SW AGH i Fundacji dla AGH &#8211; 15 stycznia 2018<\/a><\/p>\n<hr \/>\n<p>Jednym z podstawowych cel\u00f3w tej uroczysto\u015bci jest podsumowanie minionego roku i uhonorowanie os\u00f3b tych, kt\u00f3re przekraczaj\u0105c najr\u00f3\u017cniejsze bariery osi\u0105gaj\u0105 sukcesy zauwa\u017calne w \u015brodowisku w my\u015bl s\u0142\u00f3w Adama Mickiewicza z <em>Ody do M\u0142odo\u015bci<\/em>:<\/p>\n<p><strong>\u201eTam si\u0119gaj gdzie wzrok nie si\u0119ga, \u0142am czego rozum nie z\u0142amie\u201d.<\/strong><\/p>\n<p>Na wst\u0119pie uroczystej gali dr J. Kicki w telegraficznym skr\u00f3cie przedstawi\u0142 najwa\u017cniejsze wydarzenia 2017 roku, kt\u00f3re wpisuj\u0105 si\u0119 w istot\u0119 i cel jej dzia\u0142alno\u015bci. Podobnie prof. Piotr Czaja \u2013 Przewodnicz\u0105cy Stowarzyszenia Wychowank\u00f3w AGH, zwr\u00f3ci\u0142 uwag\u0119 na kila aspekt\u00f3w dzia\u0142alno\u015bci stowarzyszenia, omawiaj\u0105c mi\u0119dzy innymi tworz\u0105ce si\u0119 nowe ko\u0142a SW przyk\u0142adowo w Kopalni Soli Wieliczka (reaktywacja) czy w przedsi\u0119biorstwie \u201eMaspex Wadowice\u201d Grupie kapita\u0142owej o profilu spo\u017cywczym, a zatrudniaj\u0105cej oko\u0142o 70 absolwent\u00f3w AGH ze wszystkich niemal wydzia\u0142\u00f3w. Przewodnicz\u0105cy pochwali\u0142 tak\u017ce ko\u0142a o ponadprzeci\u0119tnej aktywno\u015b\u0107 jak:<\/p>\n<ul>\n<li>Ko\u0142o w Tarnowie pod przewodnictwem Micha\u0142a Krai\u0144skiego,<\/li>\n<li>Ko\u0142o KHW S.A. KWK \u201eMurcki-Staszic\u201d pod przewodnictwem Piotra Ubowskiego,<\/li>\n<li>Ko\u0142o Piotrkowsko-Be\u0142chatowskie pod przewodnictwem Andrzeja Kacperskiego,<\/li>\n<li>Terenowe Ko\u0142o Grodzkie \u201eCzeczott\u201d pod wodz\u0105 Jerzego Strzempka i Henryka Konieczki,<\/li>\n<li>Ko\u0142o im. Walerego Goetla pod kierownictwem Renaty Wac\u0142awik-Wr\u00f3bel.<\/li>\n<li>Ko\u0142o Terenowe w Ostrowcu \u015awi\u0119tokrzyskim pod wodz\u0105 J\u00f3zefa Grabowskiego.<\/li>\n<\/ul>\n<p>Przewodnicz\u0105cy podkre\u015bli\u0142 tak\u017ce fenomenalne zaanga\u017cowanie w promowanie AGH w \u015bwiecie poprzez prac\u0119 k\u00f3\u0142 zagranicznych jak:<\/p>\n<ul>\n<li>Ko\u0142o Absolwent\u00f3w w Albanii pod kierownictwem prof. Arqille Teta,<\/li>\n<li>Ko\u0142o Geolog\u00f3w w Wietnamie pod przyw\u00f3dztwem prof. Ho Chi Hung,<\/li>\n<li>Ko\u0142o w Bu\u0142garii reprezentowane przez pani\u0105: Penk\u0119 Matew\u0119.<\/li>\n<\/ul>\n<p>O ko\u0142ach tych wspominamy, bo wszystkie trzy swym zasi\u0119giem otar\u0142y si\u0119 o polsk\u0105 dyplomacj\u0119 rz\u0105dow\u0105. Penka Matewa i Arqille Teta na spotkaniach z Ambasadorami RP w swoich krajach prezentowali<strong> wi\u0119\u017a i o\u017cywion\u0105 wsp\u00f3\u0142prac\u0119 ze swoj\u0105 uczelni\u0105 czyli AGH<\/strong>. Z kolei prof. Ho Chi Hung (polski pseudonim \u2013 Henio) Rzecznik Ko\u0142a SW w Hanoi \u2013 zosta\u0142 odznaczony przez Prezydenta RP Andrzeja Dud\u0119 podczas ostatniej Jego wizyty w Wietnamie w listopadzie 2017 roku \u2013 najwy\u017cszym polskim orderem \u2013 Krzy\u017cem Komandorskim z Gwiazd\u0105 Orderu Zas\u0142ugi Rzeczypospolitej Polskiej \u2013 mi\u0119dzy innymi za promowanie Polski i sukces\u00f3w AGH w tym dalekim azjatyckim kraju.<\/p>\n<p>Na zako\u0144czenie wyst\u0105pienia przewodnicz\u0105cy Piotr Czaja zaprezentowa\u0142 nowy znak graficzny stowarzyszenia, opracowany przez pracowni\u0119 graficzn\u0105 \u201eWilk Studio\u201d z Krakowa zatwierdzony przez Zarz\u0105d G\u0142\u00f3wny SW. Obecny znak graficzny zostaje znakiem historycznym, natomiast od 1 marca 2018 obowi\u0105zuje wy\u0142\u0105cznie znak nowy. Miesi\u0105c luty 2018 jest okresem przej\u015bciowym kiedy mog\u0105 by\u0107 stosowane obydwa znaki; stary i nowy.<\/p>\n<p>Studium nowego znaku graficznego przedstawia za\u0142\u0105czona prezentacja <a href=\"http:\/\/galaxy.agh.edu.pl\/~swagh\/pliki\/2018_logo_SW_AGH_pierwsza_prezentacja.pptx\">\u201etutaj\u201d<\/a><br \/>\nW gali konkursowej zosta\u0142y og\u0142oszone werdykty kapitu\u0142y dotycz\u0105ce:<\/p>\n<p><strong>I. Absolwent AGH 2017<\/strong><\/p>\n<p>Zosta\u0142 nim <strong>mgr in\u017c. Bogus\u0142aw Ochab<\/strong> \u2013 Prezes Zarz\u0105du Zak\u0142ad\u00f3w G\u00f3rniczo-Hutniczych \u201eBoles\u0142aw\u201d w Bukownie, Absolwent Wydzia\u0142u Elektrotechniki , Automatyki i Elektroniki oraz Wydzia\u0142u G\u00f3rniczego.<br \/>\nWerdykt odczyta\u0142 i statuetk\u0119 wr\u0119czy\u0142 prof. Andrzej Pach \u2013 Prorektor ds. Nauki w towarzystwie dr. J. Kickiego i prof. P. Czai.<\/p>\n<p><strong>II. Absolwent Junior AGH 2017<\/strong><\/p>\n<p>Kapitu\u0142a przyzna\u0142a w tej kategorii dwa r\u00f3wnorz\u0119dne tytu\u0142y dla:<\/p>\n<p><strong>Wiktora Warcha\u0142owskiego \u2013 wsp\u00f3\u0142tw\u00f3rcy i prezesa firmy Airly<\/strong> \u2013 Absolwenta Wydzia\u0142u Fizyki i Informatyki Stosowanej. Firma wyprodukowa\u0142a czujnik powietrza pozwalaj\u0105cy na monitorowanie smogu.<\/p>\n<p><strong>\u0141ukasza Kostki \u2013 tw\u00f3rcy firmy Estimote<\/strong> \u2013 pierwszego na \u015bwiecie startupu, kt\u00f3ry zaproponowa\u0142 kompletny pomys\u0142 na zagospodarowanie technologii \u201ebeacon\u201d wykorzystywanej powszechnie w I\u2019phone\u2019ach. Absolwenta Wydzia\u0142u Elektrotechniki, Automatyki, Informatyki i In\u017cynierii Biomedycznej<\/p>\n<p>Pe\u0142ne sylwetki tegorocznych \u201eAbsolwent\u00f3w roku\u201d zostan\u0105 zaprezentowane w kolejnym 18. numerze Vivat Akademia.<\/p>\n<p><strong>III. Najlepsze Ko\u0142o Naukowe AGH 2017<\/strong><\/p>\n<p>W tym plebiscycie uczestniczy\u0142o 14 k\u00f3\u0142 spo\u015br\u00f3d 131 dzia\u0142aj\u0105cych obecnie w AGH. Kapitu\u0142a pod przewodnictwem pani prof. Anny Siwik \u2013 Prorektor ds. Studenckich, przyzna\u0142a dla:<\/p>\n<p><strong>1. miejsce \u2013 Studenckie Ko\u0142o Naukowe Fizyk\u00f3w Bozon \u2013 Wydzia\u0142 Fizyki i Informatyki Stosowanej<\/strong>, (opiekun \u2013 dr Beata Ostachowicz) \u2013 nagroda czek na 7 tys. z\u0142. oraz czek na kursy specjalistyczne dla cz\u0142onk\u00f3w ko\u0142a o warto\u015bci 2,5 tys. z\u0142 (sponsor nagrody \u2013 EC Grupa).<\/p>\n<p><strong>2. miejsce \u2013 Studenckie Ko\u0142o Naukowe Zarz\u0105dzanie Wydzia\u0142 G\u00f3rnictwa i Geoin\u017cynierii<\/strong> (opiekun \u2013 dr in\u017c. Anna Witor-Su\u0142kowska) \u2013 nagroda czek na kwot\u0119 5 tys. z\u0142. (sponsor nagrody \u2013 Grupa Maspex).<\/p>\n<p><strong>3. miejsce \u2013 Studenckie Ko\u0142o Naukowe Metaloznawc\u00f3w \u2013 wydzia\u0142 In\u017cynierii Metali i Informatyki Przemys\u0142owej<\/strong> (opiekun dr in\u017c. Grzegorz Michta) \u2013 nagroda \u2013 czek na kwot\u0119 3 tys. z\u0142. (Sponsor nagrody: SAG Katowice).<\/p>\n<p><strong>IV. Festiwal Staszica<\/strong><\/p>\n<p>W konkursach organizowanych w ramach Festiwalu Staszica (wsp\u00f3lny projekt Fundacji dla AGH oraz KN Zarz\u0105dzanie) nagrody zdobyli:<\/p>\n<p><strong>W ramach konkursu fotograficznego pt. \u201eKo\u0142o post\u0119pu\u201d:<\/strong><\/p>\n<p>1. miejsce \u2013 Aleksandra Ka\u017amierska \u2013 Zesp\u00f3\u0142 Szk\u00f3\u0142 nr 4 z Warszawy.<\/p>\n<p>2. miejsce \u2013 Julia \u017belazko \u2013 Zesp\u00f3\u0142 Szk\u00f3\u0142 nr 4 z Warszawy<\/p>\n<p>3. miejsce \u2013 Weronika M\u0142odzik \u2013 Zesp\u00f3\u0142 Szk\u00f3\u0142 CKU w Radoczy<\/p>\n<p>Nagroda internaut\u00f3w \u2013 Aleksandra Ka\u017amierska Zesp\u00f3\u0142 Szk\u00f3\u0142 nr 4 z Warszawy.<\/p>\n<p><strong>W ramach konkursu komiksowego pt. \u201eInnowacja wyobra\u017ani\u201d:<\/strong><\/p>\n<p>1. miejsce \u2013 Mateusz Antos \u2013 Zesp\u00f3\u0142 Szk\u00f3\u0142 CKU w Radoczy<\/p>\n<p>2. miejsce \u2013 Wiktoria Widlarz \u2013 Zesp\u00f3\u0142 Szk\u00f3\u0142 CKU w Radoczy<\/p>\n<p>3. miejsce \u2013 Kacper Roma\u0144czyk \u2013 Zesp\u00f3\u0142 Szk\u00f3\u0142 CKU w Radoczy<\/p>\n<p>Nagroda internaut\u00f3w: Jakub Serwin \u2013 Zesp\u00f3\u0142 Szk\u00f3\u0142 CKU w Radoczy.<\/p>\n<p><strong>V. Absens Carens Biegu AGH<\/strong><\/p>\n<p>W tej kategorii \u2013 drugi raz z rz\u0119du \u2013 nagrodzony zosta\u0142 Wydzia\u0142 Elektrotechniki Automatyki, Informatyki i In\u017cynierii Biomedycznej \u2013 jako najliczniej reprezentowany w dorocznym biegu AGH w 2017 roku, kt\u00f3ry mia\u0142 miejsce podczas Dnia AGH w czerwcu 2017 roku.<\/p>\n<p>Po zako\u0144czonej Gali w teatrze zabrzmia\u0142a pi\u0119kna muzyka w wykonaniu:<\/p>\n<ul>\n<li>Crazy Accordion Trio,<\/li>\n<li>Orkiestry Reprezentacyjnej AGH,<\/li>\n<li>oraz Sok\u00f3\u0142 Orkestar z go\u015bcinnym wyst\u0119pem Maji Sikorowskiej, Agnieszki Chrzanowskiej i Paw\u0142a Steczkowskiego.<\/li>\n<\/ul>\n<p>Uroczysto\u015b\u0107 zako\u0144czy\u0142y Noworoczne \u017cyczenia Jerzego Kickiego \u2013 prezesa Fundacji dla AGH i Piotra Czai \u2013 Przewodnicz\u0105cego SW AGH oraz symboliczna lampka wina serwowana w przepi\u0119knych wn\u0119trzach Teatru im. Juliusza S\u0142owackiego.<\/p>\n<p>Nad przygotowaniem gali konkursowej oraz koncertu noworocznego czuwa\u0142a Katarzyna Styk z Fundacji dla AGH. W organizacji uroczysto\u015bci Stowarzyszenie Wychowank\u00f3w AGH reprezentowa\u0142y panie: Teresa Nosal i Ewa Cichy.<\/p>\n<p>Nad przygotowaniem gali konkursowej oraz koncertu noworocznego czuwa\u0142a Katarzyna Styk z Fundacji dla AGH. W organizacji uroczysto\u015bci Stowarzyszenie Wychowank\u00f3w AGH reprezentowa\u0142y panie: Teresa Nosal i Ewa Cichy.<\/p>\n<p><strong>Wszystkim organizatorom gratulujemy i serdecznie dzi\u0119kujemy.<\/strong><\/p>\n<p>prof. Piotr Czaja \u2013 Przewodnicz\u0105cy SW AGH<\/p>\n","protected":false},"excerpt":{"rendered":"<p>Koncert Noworoczny Fundacji dla AGH i Stowarzyszenia Wychowank\u00f3w AGH<\/p>\n","protected":false},"author":1,"featured_media":2169,"comment_status":"closed","ping_status":"open","sticky":false,"template":"","format":"standard","meta":{"footnotes":"","_links_to":"","_links_to_target":""},"categories":[1],"tags":[],"class_list":["post-2168","post","type-post","status-publish","format-standard","has-post-thumbnail","hentry","category-bez-kategorii"],"_links":{"self":[{"href":"https:\/\/swagh.agh.edu.pl\/index.php?rest_route=\/wp\/v2\/posts\/2168","targetHints":{"allow":["GET"]}}],"collection":[{"href":"https:\/\/swagh.agh.edu.pl\/index.php?rest_route=\/wp\/v2\/posts"}],"about":[{"href":"https:\/\/swagh.agh.edu.pl\/index.php?rest_route=\/wp\/v2\/types\/post"}],"author":[{"embeddable":true,"href":"https:\/\/swagh.agh.edu.pl\/index.php?rest_route=\/wp\/v2\/users\/1"}],"replies":[{"embeddable":true,"href":"https:\/\/swagh.agh.edu.pl\/index.php?rest_route=%2Fwp%2Fv2%2Fcomments&post=2168"}],"version-history":[{"count":12,"href":"https:\/\/swagh.agh.edu.pl\/index.php?rest_route=\/wp\/v2\/posts\/2168\/revisions"}],"predecessor-version":[{"id":2214,"href":"https:\/\/swagh.agh.edu.pl\/index.php?rest_route=\/wp\/v2\/posts\/2168\/revisions\/2214"}],"wp:featuredmedia":[{"embeddable":true,"href":"https:\/\/swagh.agh.edu.pl\/index.php?rest_route=\/wp\/v2\/media\/2169"}],"wp:attachment":[{"href":"https:\/\/swagh.agh.edu.pl\/index.php?rest_route=%2Fwp%2Fv2%2Fmedia&parent=2168"}],"wp:term":[{"taxonomy":"category","embeddable":true,"href":"https:\/\/swagh.agh.edu.pl\/index.php?rest_route=%2Fwp%2Fv2%2Fcategories&post=2168"},{"taxonomy":"post_tag","embeddable":true,"href":"https:\/\/swagh.agh.edu.pl\/index.php?rest_route=%2Fwp%2Fv2%2Ftags&post=2168"}],"curies":[{"name":"wp","href":"https:\/\/api.w.org\/{rel}","templated":true}]}}