{"id":2877,"date":"2019-01-17T12:39:07","date_gmt":"2019-01-17T12:39:07","guid":{"rendered":"http:\/\/galaxy.agh.edu.pl\/~swagh\/?p=2877"},"modified":"2019-02-04T09:34:20","modified_gmt":"2019-02-04T09:34:20","slug":"stowarzyszenie-wychowankow-agh-powitalo-nowy-rok","status":"publish","type":"post","link":"https:\/\/swagh.agh.edu.pl\/?p=2877","title":{"rendered":"Stowarzyszenie Wychowank\u00f3w AGH powita\u0142o Nowy Rok"},"content":{"rendered":"\n<p class=\"normal\">Na dorocznym \u015awi\u0105teczno-Noworocznym spotkaniu, kt\u00f3re jak co roku odby\u0142o si\u0119 w auli AGH tym razem 14 stycznia, licznie zgromadzeni wychowankowie AGH przywitali Nowy Rok 2019.<\/p>\n<p class=\"normal\">W spotkaniu uczestniczyli ze strony w\u0142adz AGH prorektorzy: prof. Jerzy Lis, prof. Miros\u0142aw Karbowniczek, prof. Wojciech \u0141u\u017cny, kt\u00f3rzy godnie reprezentowali prof. Tadeusza S\u0142omk\u0119 \u2013 Rektora AGH. Obecni byli tak\u017ce dziekani wydzia\u0142\u00f3w, kierownicy jednostek organizacyjnych i wielka rzesza wychowank\u00f3w AGH, g\u0142\u00f3wnie spoza grona pracownik\u00f3w uczelni.<\/p>\n<hr \/>\n<p><strong>Zdj\u0119cia ze spotkania:<\/strong><\/p>\n<p><a title=\"Z\u0142oty Indeks - 14 wrze\u015bnia 2018\" href=\"http:\/\/foto.agh.edu.pl\/thumbnails.php?album=572\" target=\"_blank\">Spotkanie op\u0142atkowo-noworoczne &#8211; 14 stycznia 2019<\/a><\/p>\n<hr \/>\n<p class=\"normal\">Chocia\u017c spotkanie odbywa\u0142o si\u0119 3 tygodnie po tradycyjnej polskiej wigilii, zgodnie z wieloletni\u0105 tradycj\u0105 mia\u0142o ono r\u00f3wnie\u017c charakter spotkania op\u0142atkowego. Dla podkre\u015blenia jego element\u00f3w religijnych zwi\u0105zanych z Bo\u017cym Narodzeniem w spotkaniu uczestniczy\u0142 ksi\u0105dz pra\u0142at Andrzej Waksam\u0144ski \u2013 przedstawiciel proboszcza parafii \u015bw. Szczepana w Krakowie. Obecna by\u0142a r\u00f3wnie\u017c delegacja Stowarzyszenia Absolwent\u00f3w Uniwersytetu Jagiello\u0144skiego z pani\u0105 Barbar\u0105 Nikorowicz \u2013 wiceprezesem zarz\u0105du, na czele.<\/p>\n<p style=\"text-align: center;\"><a href=\"http:\/\/galaxy.agh.edu.pl\/~swagh\/wp-content\/uploads\/2019\/01\/2018_01_17_oplatek_SW__01.jpg\"><img loading=\"lazy\" decoding=\"async\" src=\"http:\/\/galaxy.agh.edu.pl\/~swagh\/wp-content\/uploads\/2019\/01\/2018_01_17_oplatek_SW__01-300x199.jpg\" alt=\"\" width=\"300\" height=\"199\" class=\"aligncenter size-medium wp-image-2882\" srcset=\"https:\/\/swagh.agh.edu.pl\/wp-content\/uploads\/2019\/01\/2018_01_17_oplatek_SW__01-300x199.jpg 300w, https:\/\/swagh.agh.edu.pl\/wp-content\/uploads\/2019\/01\/2018_01_17_oplatek_SW__01-768x510.jpg 768w, https:\/\/swagh.agh.edu.pl\/wp-content\/uploads\/2019\/01\/2018_01_17_oplatek_SW__01-1024x680.jpg 1024w, https:\/\/swagh.agh.edu.pl\/wp-content\/uploads\/2019\/01\/2018_01_17_oplatek_SW__01-420x280.jpg 420w\" sizes=\"auto, (max-width: 300px) 100vw, 300px\" \/><\/a><\/p>\n<p class=\"normal\">Rozpoczynaj\u0105c spotkanie, prof. Piotr Czaja \u2013 Przewodnicz\u0105cy Stowarzyszenia Wychowank\u00f3w AGH, nawi\u0105za\u0142 do pi\u0119knej polskiej tradycji bo\u017conarodzeniowej zakorzenionej g\u0142\u0119boko w polskiej kulturze i obyczajowo\u015bci. Wigilia Bo\u017cego Narodzenia od niepami\u0119tnych czas\u00f3w jest t\u0105 chwila i okazj\u0105, aby w gronie rodzinnym \u2013 jak pisa\u0142 w Tryptyku Rzymskim \u015bw. Jan Pawe\u0142 II \u2013 \u201ezatrzyma\u0107 si\u0119\u201d na chwil\u0119 bo \u201eto przemijanie ma sens\u201d, aby przytuli\u0107 swoich bliskich, aby \u0142ami\u0105c si\u0119 op\u0142atkiem \u2013 symbolem chleba \u2013 \u201enajczulsze przekazywa\u0107 \u017cyczenia\u201d (C. K. Norwid).<\/p>\n<p style=\"text-align: center;\"><a href=\"http:\/\/galaxy.agh.edu.pl\/~swagh\/wp-content\/uploads\/2019\/01\/2018_01_17_oplatek_SW__02.jpg\"><img loading=\"lazy\" decoding=\"async\" src=\"http:\/\/galaxy.agh.edu.pl\/~swagh\/wp-content\/uploads\/2019\/01\/2018_01_17_oplatek_SW__02-300x199.jpg\" alt=\"\" width=\"300\" height=\"199\" class=\"aligncenter size-medium wp-image-2884\" srcset=\"https:\/\/swagh.agh.edu.pl\/wp-content\/uploads\/2019\/01\/2018_01_17_oplatek_SW__02-300x199.jpg 300w, https:\/\/swagh.agh.edu.pl\/wp-content\/uploads\/2019\/01\/2018_01_17_oplatek_SW__02-768x510.jpg 768w, https:\/\/swagh.agh.edu.pl\/wp-content\/uploads\/2019\/01\/2018_01_17_oplatek_SW__02-1024x680.jpg 1024w, https:\/\/swagh.agh.edu.pl\/wp-content\/uploads\/2019\/01\/2018_01_17_oplatek_SW__02-420x280.jpg 420w\" sizes=\"auto, (max-width: 300px) 100vw, 300px\" \/><\/a><\/p>\n<p class=\"normal\">W wigilijny nastr\u00f3j spotkania \u2013 r\u00f3wnie\u017c zgodnie z tradycj\u0105 ostatnich lat \u2013 wprowadzi\u0142 zebranych najpierw gromki \u015bpiew kol\u0119dy \u201eGdy si\u0119 Chrystus Rodzi\u201d, a potem wiersz Ireny Kaczmarczyk \u2013 cz\u0142onkini delegacji SA UJ \u2013 pt. \u201eWigilia w Krakowie\u201d \u2013 odczytany przez prowadz\u0105cego, przy dochodz\u0105cych z oddali d\u017awi\u0119kach polskiej kol\u0119dy \u201eLulaj\u017ce Jezuniu\u201d. Tam w Betlejem anio\u0142owie \u015bpiewali \u201eGloria In excelsis Deo\u201d, a 2019 lat p\u00f3\u017aniej w AGH w Krakowie \u015bwi\u0119towano Bo\u017ce Narodzenie Wychowank\u00f3w uczelni s\u0142uchaj\u0105c jak:<\/p>\n<p class=\"normal\">Mr\u00f3z wspina si\u0119 po szybach haftem wigilijnym<br \/>\n\t\t\t\tBia\u0142y wiecz\u00f3r nad miastem niby bajka staje<br \/>\n\t\t\t\tPuls ulic coraz s\u0142abszy, migoc\u0105 latarnie<br \/>\n\t\t\t\tPrzypr\u00f3szone srebrzystym mariackim hejna\u0142em<br \/>\n\t\t\t\tPod ratuszem \u015bwiat czar\u00f3w. Choinki, \u015bwiate\u0142ka<br \/>\n\t\t\t\tW \u015bnie\u017cn\u0105 Rynku pod\u0142og\u0119 \u015bwi\u0105teczny \u015bwierk wpi\u0119ty<br \/>\n\t\t\t\tNa kamiennym obrusie jemio\u0142a dla Piotra<br \/>\n\t\t\t\tZ op\u0142atkiem dla artyst\u00f3w i samotnych wierszy<br \/>\n\t\t\t\tBracka, Szewska, Floria\u0144ska w puszystych zas\u0142onach<br \/>\n\t\t\t\tBlady ksi\u0119\u017cyc roz\u015bwietla cie\u0144 gotyckich sieni<br \/>\n\t\t\t\tPlanty w bia\u0142ych koronkach wypatruj\u0105 gwiazdy<br \/>\n\t\t\t\tZ kt\u00f3rej strony Krakowa na wieczerz\u0119 sfrunie?<br \/>\n\t\t\t\tJa dzieci\u0119c\u0105 wigili\u0119 do dzi\u015b w sobie nosz\u0119<br \/>\n\t\t\t\tPachnie z\u0142otem pszenicy i prawdziw\u0105 jod\u0142\u0105<br \/>\n\t\t\t\tGdy Krak\u00f3w wpina w gwiazdy w wigilijne niebo<br \/>\n\t\t\t\tS\u0142ysz\u0119, jak si\u0119 nad sadem p\u0142atki \u015bniegu modl\u0105.<\/p>\n<p class=\"normal\">Pi\u0119kne i niezwykle ciep\u0142e \u017cyczenia Noworoczne \u2013 na rok Jubileuszu 100-lecia uczelni \u2013 z\u0142o\u017cy\u0142 zebranym w&nbsp;imieniu rektora \u2013 prof. Jerzy Lis.<\/p>\n<p style=\"text-align: center;\"><a href=\"http:\/\/galaxy.agh.edu.pl\/~swagh\/wp-content\/uploads\/2019\/01\/2018_01_17_oplatek_SW__03.jpg\"><img loading=\"lazy\" decoding=\"async\" src=\"http:\/\/galaxy.agh.edu.pl\/~swagh\/wp-content\/uploads\/2019\/01\/2018_01_17_oplatek_SW__03-300x199.jpg\" alt=\"\" width=\"300\" height=\"199\" class=\"aligncenter size-medium wp-image-2885\" srcset=\"https:\/\/swagh.agh.edu.pl\/wp-content\/uploads\/2019\/01\/2018_01_17_oplatek_SW__03-300x199.jpg 300w, https:\/\/swagh.agh.edu.pl\/wp-content\/uploads\/2019\/01\/2018_01_17_oplatek_SW__03-768x510.jpg 768w, https:\/\/swagh.agh.edu.pl\/wp-content\/uploads\/2019\/01\/2018_01_17_oplatek_SW__03-1024x680.jpg 1024w, https:\/\/swagh.agh.edu.pl\/wp-content\/uploads\/2019\/01\/2018_01_17_oplatek_SW__03-420x280.jpg 420w\" sizes=\"auto, (max-width: 300px) 100vw, 300px\" \/><\/a><\/p>\n<p class=\"normal\">W wyst\u0105pieniu pani Barbary Nikorowicz (delegacja Stowarzyszenia Absolwent\u00f3w UJ) wybrzmia\u0142y bardzo oryginalne \u017cyczenia, wype\u0142niaj\u0105ce ca\u0142y polski alfabet.<\/p>\n<p style=\"text-align: center;\"><a href=\"http:\/\/galaxy.agh.edu.pl\/~swagh\/wp-content\/uploads\/2019\/01\/2018_01_17_oplatek_SW_zyczenia_SAUJ_.jpg\"><img loading=\"lazy\" decoding=\"async\" src=\"http:\/\/galaxy.agh.edu.pl\/~swagh\/wp-content\/uploads\/2019\/01\/2018_01_17_oplatek_SW_zyczenia_SAUJ_-214x300.jpg\" alt=\"\" width=\"214\" height=\"300\" class=\"aligncenter size-medium wp-image-2878\" srcset=\"https:\/\/swagh.agh.edu.pl\/wp-content\/uploads\/2019\/01\/2018_01_17_oplatek_SW_zyczenia_SAUJ_-214x300.jpg 214w, https:\/\/swagh.agh.edu.pl\/wp-content\/uploads\/2019\/01\/2018_01_17_oplatek_SW_zyczenia_SAUJ_-768x1079.jpg 768w, https:\/\/swagh.agh.edu.pl\/wp-content\/uploads\/2019\/01\/2018_01_17_oplatek_SW_zyczenia_SAUJ_-729x1024.jpg 729w\" sizes=\"auto, (max-width: 214px) 100vw, 214px\" \/><\/a><\/p>\n<p class=\"normal\">Delegacja najstarszej polskiej uczelni przekaza\u0142a r\u00f3wnie\u017c SW AGH unikatowe i bardzo pi\u0119kne wydawnictwo zwi\u0105zane z jubileuszem 650-lecia UJ, obchodzonym w 2014 roku.<\/p>\n<p style=\"text-align: center;\"><a href=\"http:\/\/galaxy.agh.edu.pl\/~swagh\/wp-content\/uploads\/2019\/01\/2018_01_17_oplatek_SW__04.jpg\"><img loading=\"lazy\" decoding=\"async\" src=\"http:\/\/galaxy.agh.edu.pl\/~swagh\/wp-content\/uploads\/2019\/01\/2018_01_17_oplatek_SW__04-300x199.jpg\" alt=\"\" width=\"300\" height=\"199\" class=\"aligncenter size-medium wp-image-2886\" srcset=\"https:\/\/swagh.agh.edu.pl\/wp-content\/uploads\/2019\/01\/2018_01_17_oplatek_SW__04-300x199.jpg 300w, https:\/\/swagh.agh.edu.pl\/wp-content\/uploads\/2019\/01\/2018_01_17_oplatek_SW__04-768x510.jpg 768w, https:\/\/swagh.agh.edu.pl\/wp-content\/uploads\/2019\/01\/2018_01_17_oplatek_SW__04-1024x680.jpg 1024w, https:\/\/swagh.agh.edu.pl\/wp-content\/uploads\/2019\/01\/2018_01_17_oplatek_SW__04-420x280.jpg 420w\" sizes=\"auto, (max-width: 300px) 100vw, 300px\" \/><\/a><\/p>\n<p class=\"normal\">W \u017cyczeniach prof. Piotra Czai \u2013 Przewodnicz\u0105cego SW AGH, dominowa\u0142y akcenty jubileuszowe oraz potrzeba wzajemnej \u017cyczliwo\u015bci i umiej\u0119tno\u015bci \u201ezatrzymana si\u0119\u201d oraz umiej\u0119tno\u015bci czerpania rado\u015bci z \u017cycia we wsp\u00f3lnocie wychowank\u00f3w \u2013 mimo przemijania, kt\u00f3re \u201ema sens\u201d.<\/p>\n<p style=\"text-align: center;\"><a href=\"http:\/\/galaxy.agh.edu.pl\/~swagh\/wp-content\/uploads\/2019\/01\/2018_01_17_oplatek_SW__05.jpg\"><img loading=\"lazy\" decoding=\"async\" src=\"http:\/\/galaxy.agh.edu.pl\/~swagh\/wp-content\/uploads\/2019\/01\/2018_01_17_oplatek_SW__05-300x199.jpg\" alt=\"\" width=\"300\" height=\"199\" class=\"aligncenter size-medium wp-image-2888\" srcset=\"https:\/\/swagh.agh.edu.pl\/wp-content\/uploads\/2019\/01\/2018_01_17_oplatek_SW__05-300x199.jpg 300w, https:\/\/swagh.agh.edu.pl\/wp-content\/uploads\/2019\/01\/2018_01_17_oplatek_SW__05-768x510.jpg 768w, https:\/\/swagh.agh.edu.pl\/wp-content\/uploads\/2019\/01\/2018_01_17_oplatek_SW__05-1024x680.jpg 1024w, https:\/\/swagh.agh.edu.pl\/wp-content\/uploads\/2019\/01\/2018_01_17_oplatek_SW__05-420x280.jpg 420w\" sizes=\"auto, (max-width: 300px) 100vw, 300px\" \/><\/a><\/p>\n<p class=\"normal\">W cz\u0119\u015bci obrz\u0119dowej spotkania, w pi\u0119knym wyst\u0105pieniu, ks. Pra\u0142at Andrzej Waksama\u0144ski \u2013 przewodnicz\u0105c bo\u017conarodzeniowej modlitwie za nasze polskie sprawy \u2013 w tym tak\u017ce za ci\u0119\u017cko ranionego w dniu 13 stycznia 2019 roku. Paw\u0142a Adamowicza \u2013 Prezydenta Gda\u0144ska, kt\u00f3ry niestety zmar\u0142 dwie godziny p\u00f3\u017aniej \u2013 apelowa\u0142 o umiej\u0119tne przyj\u0119cie przes\u0142ania jakie B\u00f3g skierowa\u0142 do \u201eSwojego Ludu\u201d posy\u0142aj\u0105c im jednorodzonego Syna \u2013 Jezusa Chrystusa.<\/p>\n<p style=\"text-align: center;\"><a href=\"http:\/\/galaxy.agh.edu.pl\/~swagh\/wp-content\/uploads\/2019\/01\/2018_01_17_oplatek_SW__06.jpg\"><img loading=\"lazy\" decoding=\"async\" src=\"http:\/\/galaxy.agh.edu.pl\/~swagh\/wp-content\/uploads\/2019\/01\/2018_01_17_oplatek_SW__06-300x199.jpg\" alt=\"\" width=\"300\" height=\"199\" class=\"aligncenter size-medium wp-image-2889\" srcset=\"https:\/\/swagh.agh.edu.pl\/wp-content\/uploads\/2019\/01\/2018_01_17_oplatek_SW__06-300x199.jpg 300w, https:\/\/swagh.agh.edu.pl\/wp-content\/uploads\/2019\/01\/2018_01_17_oplatek_SW__06-768x510.jpg 768w, https:\/\/swagh.agh.edu.pl\/wp-content\/uploads\/2019\/01\/2018_01_17_oplatek_SW__06-1024x680.jpg 1024w, https:\/\/swagh.agh.edu.pl\/wp-content\/uploads\/2019\/01\/2018_01_17_oplatek_SW__06-420x280.jpg 420w\" sizes=\"auto, (max-width: 300px) 100vw, 300px\" \/><\/a><\/p>\n<p class=\"normal\">Pob\u0142ogos\u0142awione op\u0142atki pow\u0119drowa\u0142y do Zebranych, kt\u00f3rzy wzajemnie je prze\u0142amuj\u0105c mieli sobie wiele do powiedzenia. Zapraszamy do obejrzenia licznych fotografii zamieszczonych w naszym serwisie.<\/p>\n<p style=\"text-align: center;\"><a href=\"http:\/\/galaxy.agh.edu.pl\/~swagh\/wp-content\/uploads\/2019\/01\/2018_01_17_oplatek_SW__07.jpg\"><img loading=\"lazy\" decoding=\"async\" src=\"http:\/\/galaxy.agh.edu.pl\/~swagh\/wp-content\/uploads\/2019\/01\/2018_01_17_oplatek_SW__07-300x199.jpg\" alt=\"\" width=\"300\" height=\"199\" class=\"aligncenter size-medium wp-image-2890\" srcset=\"https:\/\/swagh.agh.edu.pl\/wp-content\/uploads\/2019\/01\/2018_01_17_oplatek_SW__07-300x199.jpg 300w, https:\/\/swagh.agh.edu.pl\/wp-content\/uploads\/2019\/01\/2018_01_17_oplatek_SW__07-768x510.jpg 768w, https:\/\/swagh.agh.edu.pl\/wp-content\/uploads\/2019\/01\/2018_01_17_oplatek_SW__07-1024x680.jpg 1024w, https:\/\/swagh.agh.edu.pl\/wp-content\/uploads\/2019\/01\/2018_01_17_oplatek_SW__07-420x280.jpg 420w\" sizes=\"auto, (max-width: 300px) 100vw, 300px\" \/><\/a><\/p>\n<p class=\"normal\">Elementem ko\u0144cz\u0105cym spotkanie by\u0142o \u2013 bardzo radosne i pi\u0119kne \u2013 wsp\u00f3lne kol\u0119dowanie przy akompaniamencie kapeli Zespo\u0142u Pie\u015bni i Ta\u0144ca AGH \u201eKrakus\u201d.<\/p>\n<p class=\"normal\">prof. Piotr Czaja<\/p>\n<p style=\"text-align: center;\"><a href=\"http:\/\/galaxy.agh.edu.pl\/~swagh\/wp-content\/uploads\/2019\/01\/2018_01_17_oplatek_SW__08.jpg\"><img loading=\"lazy\" decoding=\"async\" src=\"http:\/\/galaxy.agh.edu.pl\/~swagh\/wp-content\/uploads\/2019\/01\/2018_01_17_oplatek_SW__08-300x199.jpg\" alt=\"\" width=\"300\" height=\"199\" class=\"aligncenter size-medium wp-image-2891\" srcset=\"https:\/\/swagh.agh.edu.pl\/wp-content\/uploads\/2019\/01\/2018_01_17_oplatek_SW__08-300x199.jpg 300w, https:\/\/swagh.agh.edu.pl\/wp-content\/uploads\/2019\/01\/2018_01_17_oplatek_SW__08-768x510.jpg 768w, https:\/\/swagh.agh.edu.pl\/wp-content\/uploads\/2019\/01\/2018_01_17_oplatek_SW__08-1024x680.jpg 1024w, https:\/\/swagh.agh.edu.pl\/wp-content\/uploads\/2019\/01\/2018_01_17_oplatek_SW__08-420x280.jpg 420w\" sizes=\"auto, (max-width: 300px) 100vw, 300px\" \/><\/a><\/p>\n<p>fotografie: Zbigniew Sulima<\/p>\n","protected":false},"excerpt":{"rendered":"<p>Na dorocznym \u015awi\u0105teczno-Noworocznym spotkaniu, kt\u00f3re jak co roku odby\u0142o si\u0119 w auli AGH tym razem 14 stycznia, licznie zgromadzeni wychowankowie AGH przywitali Nowy Rok 2019. W spotkaniu uczestniczyli ze strony w\u0142adz AGH prorektorzy: prof. Jerzy<\/p>\n","protected":false},"author":1,"featured_media":2881,"comment_status":"closed","ping_status":"open","sticky":false,"template":"","format":"standard","meta":{"footnotes":"","_links_to":"","_links_to_target":""},"categories":[1],"tags":[],"class_list":["post-2877","post","type-post","status-publish","format-standard","has-post-thumbnail","hentry","category-bez-kategorii"],"_links":{"self":[{"href":"https:\/\/swagh.agh.edu.pl\/index.php?rest_route=\/wp\/v2\/posts\/2877","targetHints":{"allow":["GET"]}}],"collection":[{"href":"https:\/\/swagh.agh.edu.pl\/index.php?rest_route=\/wp\/v2\/posts"}],"about":[{"href":"https:\/\/swagh.agh.edu.pl\/index.php?rest_route=\/wp\/v2\/types\/post"}],"author":[{"embeddable":true,"href":"https:\/\/swagh.agh.edu.pl\/index.php?rest_route=\/wp\/v2\/users\/1"}],"replies":[{"embeddable":true,"href":"https:\/\/swagh.agh.edu.pl\/index.php?rest_route=%2Fwp%2Fv2%2Fcomments&post=2877"}],"version-history":[{"count":7,"href":"https:\/\/swagh.agh.edu.pl\/index.php?rest_route=\/wp\/v2\/posts\/2877\/revisions"}],"predecessor-version":[{"id":2883,"href":"https:\/\/swagh.agh.edu.pl\/index.php?rest_route=\/wp\/v2\/posts\/2877\/revisions\/2883"}],"wp:featuredmedia":[{"embeddable":true,"href":"https:\/\/swagh.agh.edu.pl\/index.php?rest_route=\/wp\/v2\/media\/2881"}],"wp:attachment":[{"href":"https:\/\/swagh.agh.edu.pl\/index.php?rest_route=%2Fwp%2Fv2%2Fmedia&parent=2877"}],"wp:term":[{"taxonomy":"category","embeddable":true,"href":"https:\/\/swagh.agh.edu.pl\/index.php?rest_route=%2Fwp%2Fv2%2Fcategories&post=2877"},{"taxonomy":"post_tag","embeddable":true,"href":"https:\/\/swagh.agh.edu.pl\/index.php?rest_route=%2Fwp%2Fv2%2Ftags&post=2877"}],"curies":[{"name":"wp","href":"https:\/\/api.w.org\/{rel}","templated":true}]}}