{"id":2929,"date":"2019-01-25T09:46:56","date_gmt":"2019-01-25T09:46:56","guid":{"rendered":"http:\/\/galaxy.agh.edu.pl\/~swagh\/?p=2929"},"modified":"2019-01-25T12:25:29","modified_gmt":"2019-01-25T12:25:29","slug":"koncert-noworoczny-2018-2019","status":"publish","type":"post","link":"https:\/\/swagh.agh.edu.pl\/?p=2929","title":{"rendered":"Koncert Noworoczny \u2013 2018\/2019"},"content":{"rendered":"\n<p class=\"normal\">14 stycznia 2019 roku ju\u017c po raz czarty odby\u0142 si\u0119 Koncert Noworoczny organizowany pod honorowym patronatem prof. Tadeusza S\u0142omki \u2013 Rektora AGH przez Fundacj\u0119 dla AGH przy wsp\u00f3\u0142pracy Stowarzyszenia Wychowank\u00f3w.<\/p>\n<p class=\"normal\">Jak co roku koncert odby\u0142 si\u0119 w najpi\u0119kniejszej widowni Krakowa \u2013 w Teatrze im. Juliusza S\u0142owackiego. Go\u015bci, kt\u00f3rzy wype\u0142nili teatr niemal do ostatniego miejsca przywitali: dr Jerzy Kicki \u2013 Prezes Fundacji dla AGH i prof. Piotr Czaja \u2013 Przewodnicz\u0105cy Stowarzyszenia Wychowank\u00f3w AGH.<\/p>\n<p class=\"normal\">Niestety uroczysto\u015b\u0107 rozpocz\u0119\u0142a si\u0119 bardzo smutno \u2013 bo od minuty ciszy w ho\u0142dzie i pami\u0119ci tragicznie zmar\u0142ego przed 3 godzinami Paw\u0142a Adamowicza \u2013 Prezydenta Gda\u0144ska.<\/p>\n<p class=\"normal\">Za portalem Fundacji dla AGH przekazujemy poni\u017cej relacje z tej uroczysto\u015bci:<\/p>\n<p>Spotkanie poprowadzi\u0142a Katarzyna Styk, doktorantka na Wydziale G\u00f3rnictwa i Geoin\u017cynierii.<br \/>\n\t\t\t\tW pierwszej cz\u0119\u015bci spotkania wr\u0119czone zosta\u0142y nast\u0119puj\u0105ce nagrody i wyr\u00f3\u017cnienia:<\/p>\n<p class=\"font-9\"><strong>Konkurs na najlepsze Ko\u0142o Naukowe AGH<\/strong><\/p>\n<p class=\"font-9\">Jednym z podstawowych zada\u0144 Fundacji dla AGH jest aktywowanie, prowokowanie i motywowanie do dzia\u0142ania student\u00f3w AGH. Dlatego decyzj\u0105 zarz\u0105du fundacji w tym roku \u2013 po raz czwarty \u2013 przyznane zosta\u0142y nagrody dla najaktywniejszych studenckich k\u00f3\u0142 naukowych i z racji na niewielkie r\u00f3\u017cnice punktowe zosta\u0142o przyznane r\u00f3wnie\u017c wyr\u00f3\u017cnienie dla Ko\u0142a naukowego Metaloznawc\u00f3w.<\/p>\n<p class=\"font-9\">I miejsce \u2013 SKNF BOZON,<br \/>\n\t\t\t\tII miejsce \u2013 SKN Zarz\u0105dzanie<br \/>\n\t\t\t\tIII miejsce \u2013 SKN Akustyki Architektonicznej<br \/>\n\t\t\t\tIV miejsce SKN Metaloznawc\u00f3w.<\/p>\n<p class=\"font-9\"><strong>Absolwent AGH 2018 roku<\/strong><\/p>\n<p class=\"font-9\">Og\u0142osili\u015bmy r\u00f3wnie\u017c wyniki konkursu \u201eAbsolwent Roku 2018\u201d. Zgodnie z werdyktem kapitu\u0142y za rok 2018 statuetki otrzymali:<\/p>\n<p class=\"font-9\"><strong>Absolwent AGH 2018 \u2013 prof. Janusz Filipiak \u2013 Prezes firmy Comarch,<\/strong><\/p>\n<p style=\"text-align: center;\"><a href=\"http:\/\/galaxy.agh.edu.pl\/~swagh\/wp-content\/uploads\/2019\/01\/koncert_noworoczny__7940.jpg\"><img loading=\"lazy\" decoding=\"async\" src=\"http:\/\/galaxy.agh.edu.pl\/~swagh\/wp-content\/uploads\/2019\/01\/koncert_noworoczny__7940-300x200.jpg\" alt=\"\" width=\"300\" height=\"200\" class=\"aligncenter size-medium wp-image-2933\" srcset=\"https:\/\/swagh.agh.edu.pl\/wp-content\/uploads\/2019\/01\/koncert_noworoczny__7940-300x200.jpg 300w, https:\/\/swagh.agh.edu.pl\/wp-content\/uploads\/2019\/01\/koncert_noworoczny__7940-768x512.jpg 768w, https:\/\/swagh.agh.edu.pl\/wp-content\/uploads\/2019\/01\/koncert_noworoczny__7940-1024x683.jpg 1024w, https:\/\/swagh.agh.edu.pl\/wp-content\/uploads\/2019\/01\/koncert_noworoczny__7940-420x280.jpg 420w\" sizes=\"auto, (max-width: 300px) 100vw, 300px\" \/><\/a><\/p>\n<p style=\"text-align: center;\"><a href=\"http:\/\/galaxy.agh.edu.pl\/~swagh\/wp-content\/uploads\/2019\/01\/koncert_noworoczny__7966.jpg\"><img loading=\"lazy\" decoding=\"async\" src=\"http:\/\/galaxy.agh.edu.pl\/~swagh\/wp-content\/uploads\/2019\/01\/koncert_noworoczny__7966-300x200.jpg\" alt=\"\" width=\"300\" height=\"200\" class=\"aligncenter size-medium wp-image-2935\" srcset=\"https:\/\/swagh.agh.edu.pl\/wp-content\/uploads\/2019\/01\/koncert_noworoczny__7966-300x200.jpg 300w, https:\/\/swagh.agh.edu.pl\/wp-content\/uploads\/2019\/01\/koncert_noworoczny__7966-768x512.jpg 768w, https:\/\/swagh.agh.edu.pl\/wp-content\/uploads\/2019\/01\/koncert_noworoczny__7966-1024x683.jpg 1024w, https:\/\/swagh.agh.edu.pl\/wp-content\/uploads\/2019\/01\/koncert_noworoczny__7966-420x280.jpg 420w\" sizes=\"auto, (max-width: 300px) 100vw, 300px\" \/><\/a><\/p>\n<p style=\"text-align: center;\">Grzegorz \u0141yko<\/p>\n<p>\t\t\t\t<strong>Absolwent Junior AGH 2018 \u2013Jaros\u0142aw Kr\u00f3lewski \u2013 Prezes firmy Synerise.<\/strong><\/p>\n<p style=\"text-align: center;\"><a href=\"http:\/\/galaxy.agh.edu.pl\/~swagh\/wp-content\/uploads\/2019\/01\/koncert_noworoczny__7987.jpg\"><img loading=\"lazy\" decoding=\"async\" src=\"http:\/\/galaxy.agh.edu.pl\/~swagh\/wp-content\/uploads\/2019\/01\/koncert_noworoczny__7987-300x200.jpg\" alt=\"\" width=\"300\" height=\"200\" class=\"aligncenter size-medium wp-image-2936\" srcset=\"https:\/\/swagh.agh.edu.pl\/wp-content\/uploads\/2019\/01\/koncert_noworoczny__7987-300x200.jpg 300w, https:\/\/swagh.agh.edu.pl\/wp-content\/uploads\/2019\/01\/koncert_noworoczny__7987-768x512.jpg 768w, https:\/\/swagh.agh.edu.pl\/wp-content\/uploads\/2019\/01\/koncert_noworoczny__7987-1024x683.jpg 1024w, https:\/\/swagh.agh.edu.pl\/wp-content\/uploads\/2019\/01\/koncert_noworoczny__7987-420x280.jpg 420w\" sizes=\"auto, (max-width: 300px) 100vw, 300px\" \/><\/a><\/p>\n<p style=\"text-align: center;\"><a href=\"http:\/\/galaxy.agh.edu.pl\/~swagh\/wp-content\/uploads\/2019\/01\/koncert_noworoczny__8004.jpg\"><img loading=\"lazy\" decoding=\"async\" src=\"http:\/\/galaxy.agh.edu.pl\/~swagh\/wp-content\/uploads\/2019\/01\/koncert_noworoczny__8004-300x200.jpg\" alt=\"\" width=\"300\" height=\"200\" class=\"aligncenter size-medium wp-image-2937\" srcset=\"https:\/\/swagh.agh.edu.pl\/wp-content\/uploads\/2019\/01\/koncert_noworoczny__8004-300x200.jpg 300w, https:\/\/swagh.agh.edu.pl\/wp-content\/uploads\/2019\/01\/koncert_noworoczny__8004-768x512.jpg 768w, https:\/\/swagh.agh.edu.pl\/wp-content\/uploads\/2019\/01\/koncert_noworoczny__8004-1024x683.jpg 1024w, https:\/\/swagh.agh.edu.pl\/wp-content\/uploads\/2019\/01\/koncert_noworoczny__8004-420x280.jpg 420w\" sizes=\"auto, (max-width: 300px) 100vw, 300px\" \/><\/a><\/p>\n<p style=\"text-align: center;\">Grzegorz \u0141yko<\/p>\n<p class=\"font-9\">Nast\u0119pnie po wr\u0119czeniu nagr\u00f3d rozpocz\u0119\u0142a si\u0119 cz\u0119\u015b\u0107 artystyczna.<\/p>\n<p class=\"font-9\">Pierwszy zaprezentowa\u0142 si\u0119 zesp\u00f3\u0142 Buskers Band, jest to zesp\u00f3\u0142 za\u0142o\u017cony 2 lata temu przez sze\u015bciu student\u00f3w krakowskich uczelni, kt\u00f3rych \u0142\u0105czy wsp\u00f3lna pasja do muzyki rockowej. Panowie zaczynali od wyst\u0119p\u00f3w na krakowskim rynku, a teraz wyst\u0119puj\u0105 na terenie ca\u0142ej Polski.<\/p>\n<p style=\"text-align: center;\"><a href=\"http:\/\/galaxy.agh.edu.pl\/~swagh\/wp-content\/uploads\/2019\/01\/koncert_noworoczny__8083.jpg\"><img loading=\"lazy\" decoding=\"async\" src=\"http:\/\/galaxy.agh.edu.pl\/~swagh\/wp-content\/uploads\/2019\/01\/koncert_noworoczny__8083-300x200.jpg\" alt=\"\" width=\"300\" height=\"200\" class=\"aligncenter size-medium wp-image-2938\" srcset=\"https:\/\/swagh.agh.edu.pl\/wp-content\/uploads\/2019\/01\/koncert_noworoczny__8083-300x200.jpg 300w, https:\/\/swagh.agh.edu.pl\/wp-content\/uploads\/2019\/01\/koncert_noworoczny__8083-768x512.jpg 768w, https:\/\/swagh.agh.edu.pl\/wp-content\/uploads\/2019\/01\/koncert_noworoczny__8083-1024x683.jpg 1024w, https:\/\/swagh.agh.edu.pl\/wp-content\/uploads\/2019\/01\/koncert_noworoczny__8083-420x280.jpg 420w\" sizes=\"auto, (max-width: 300px) 100vw, 300px\" \/><\/a><\/p>\n<p style=\"text-align: center;\">Grzegorz \u0141yko<\/p>\n<p class=\"font-9\">Nast\u0119pnie na scenie pojawi\u0142y si\u0119 3 duety: Jakub Staszel (skrzypce) i Micha\u0142 Balas (wiolonczela); Mateusz Obsza\u0144ski (gitara), Daniel Domarecki (gitara) oraz Pawe\u0142 Dyyak (marimba) i Jakub Ko\u0142odziejczyk (marimba), podopieczni Fundacji&nbsp;Pro Musica Bona, wspieraj\u0105cej&nbsp;m\u0142odych uzdolnionych muzyk\u00f3w.<\/p>\n<p style=\"text-align: center;\"><a href=\"http:\/\/galaxy.agh.edu.pl\/~swagh\/wp-content\/uploads\/2019\/01\/koncert_noworoczny__8099.jpg\"><img loading=\"lazy\" decoding=\"async\" src=\"http:\/\/galaxy.agh.edu.pl\/~swagh\/wp-content\/uploads\/2019\/01\/koncert_noworoczny__8099-300x200.jpg\" alt=\"\" width=\"300\" height=\"200\" class=\"aligncenter size-medium wp-image-2939\" srcset=\"https:\/\/swagh.agh.edu.pl\/wp-content\/uploads\/2019\/01\/koncert_noworoczny__8099-300x200.jpg 300w, https:\/\/swagh.agh.edu.pl\/wp-content\/uploads\/2019\/01\/koncert_noworoczny__8099-768x512.jpg 768w, https:\/\/swagh.agh.edu.pl\/wp-content\/uploads\/2019\/01\/koncert_noworoczny__8099-1024x683.jpg 1024w, https:\/\/swagh.agh.edu.pl\/wp-content\/uploads\/2019\/01\/koncert_noworoczny__8099-420x280.jpg 420w\" sizes=\"auto, (max-width: 300px) 100vw, 300px\" \/><\/a><\/p>\n<p style=\"text-align: center;\">Grzegorz \u0141yko<\/p>\n<p class=\"font-9\">Kolejnym zespo\u0142em, kt\u00f3ry porwa\u0142 ca\u0142\u0105 publiczno\u015b\u0107 by\u0142 Jazz Band Ball Orchestra zas\u0142u\u017cony dla europejskiego jazzu, zawi\u0105zany w 1962 roku zesp\u00f3\u0142 od pocz\u0105tku swojego istnienia by\u0142 wa\u017cnym elementem rodz\u0105cej si\u0119 polskiej sceny jazzowej, wielokrotnie zostaj\u0105c laureatem nagr\u00f3d dla najlepszego w Polsce zespo\u0142u jazzu tradycyjnego. Popularno\u015b\u0107 formacji szybko jednak przekroczy\u0142a granice kraju \u2013 koncerty w Austrii, Czechos\u0142owacji, Danii, Francji, Stanach Zjednoczonych Niemczech czy na Wyspach Kanaryjskich, udzia\u0142 w zagranicznych festiwalach, mi\u0119dzy innymi North See Jazz Festivalu w Hadze ugruntowa\u0142y pozycj\u0119 JBBO jako jednej z wa\u017cniejszych europejskich formacji tradycyjnego jazzu.<\/p>\n<p style=\"text-align: center;\"><a href=\"http:\/\/galaxy.agh.edu.pl\/~swagh\/wp-content\/uploads\/2019\/01\/koncert_noworoczny__8274.jpg\"><img loading=\"lazy\" decoding=\"async\" src=\"http:\/\/galaxy.agh.edu.pl\/~swagh\/wp-content\/uploads\/2019\/01\/koncert_noworoczny__8274-300x200.jpg\" alt=\"\" width=\"300\" height=\"200\" class=\"aligncenter size-medium wp-image-2940\" srcset=\"https:\/\/swagh.agh.edu.pl\/wp-content\/uploads\/2019\/01\/koncert_noworoczny__8274-300x200.jpg 300w, https:\/\/swagh.agh.edu.pl\/wp-content\/uploads\/2019\/01\/koncert_noworoczny__8274-768x512.jpg 768w, https:\/\/swagh.agh.edu.pl\/wp-content\/uploads\/2019\/01\/koncert_noworoczny__8274-1024x683.jpg 1024w, https:\/\/swagh.agh.edu.pl\/wp-content\/uploads\/2019\/01\/koncert_noworoczny__8274-420x280.jpg 420w\" sizes=\"auto, (max-width: 300px) 100vw, 300px\" \/><\/a><\/p>\n<p style=\"text-align: center;\">Grzegorz \u0141yko<\/p>\n<p class=\"font-9\">Na scenie oczywi\u015bcie nie mog\u0142o zabrakn\u0105\u0107 Orkiestry Reprezentacyjnej Akademii&nbsp;G\u00f3rniczo-Hutniczej, kt\u00f3r\u0105 prowadzi niezast\u0105piony Karol Pyka. Mimo zmieniaj\u0105cego si\u0119 sk\u0142adu graj\u0105 od 17 lat. Jej g\u0142\u00f3wnym celem jest&nbsp;popularyzowanie idei muzyki \u2013 rozbudzanie zainteresowa\u0144 muzycznych, tw\u00f3rczych oraz&nbsp;artystycznych w \u015brodowisku studenckim, a tak\u017ce u\u015bwietnianie uroczysto\u015bci odbywaj\u0105cych si\u0119 na terenie uczelni, reprezentowanie i kultywowanie tradycji Akademii G\u00f3rniczo-Hutniczej.<\/p>\n<p style=\"text-align: center;\"><a href=\"http:\/\/galaxy.agh.edu.pl\/~swagh\/wp-content\/uploads\/2019\/01\/koncert_noworoczny__8297.jpg\"><img loading=\"lazy\" decoding=\"async\" src=\"http:\/\/galaxy.agh.edu.pl\/~swagh\/wp-content\/uploads\/2019\/01\/koncert_noworoczny__8297-300x200.jpg\" alt=\"\" width=\"300\" height=\"200\" class=\"aligncenter size-medium wp-image-2941\" srcset=\"https:\/\/swagh.agh.edu.pl\/wp-content\/uploads\/2019\/01\/koncert_noworoczny__8297-300x200.jpg 300w, https:\/\/swagh.agh.edu.pl\/wp-content\/uploads\/2019\/01\/koncert_noworoczny__8297-768x512.jpg 768w, https:\/\/swagh.agh.edu.pl\/wp-content\/uploads\/2019\/01\/koncert_noworoczny__8297-1024x683.jpg 1024w, https:\/\/swagh.agh.edu.pl\/wp-content\/uploads\/2019\/01\/koncert_noworoczny__8297-420x280.jpg 420w\" sizes=\"auto, (max-width: 300px) 100vw, 300px\" \/><\/a><\/p>\n<p style=\"text-align: center;\">Grzegorz \u0141yko<\/p>\n<p class=\"font-9\">Tradycj\u0105 tych artystycznych spotka\u0144 jest wsp\u00f3lne koncertowanie Orkiestry Reprezentacyjnej AGH i zaproszonego zespo\u0142u \u2013 w tym wypadku grupy jazzowej \u201eJazz Band Ball\u201d. W wyst\u0119pie fina\u0142owym obydwa zespo\u0142y graj\u0105c pi\u0119kny standard jazzowy zeszli ze sceny i w\u0119druj\u0105c po rozgrzanej do czerwono\u015bci widowni, odebrali d\u0142ug\u0105 \u201eowacje na stoj\u0105co\u201d.<\/p>\n<p style=\"text-align: center;\"><a href=\"http:\/\/galaxy.agh.edu.pl\/~swagh\/wp-content\/uploads\/2019\/01\/koncert_noworoczny__8313.jpg\"><img loading=\"lazy\" decoding=\"async\" src=\"http:\/\/galaxy.agh.edu.pl\/~swagh\/wp-content\/uploads\/2019\/01\/koncert_noworoczny__8313-300x200.jpg\" alt=\"\" width=\"300\" height=\"200\" class=\"aligncenter size-medium wp-image-2942\" srcset=\"https:\/\/swagh.agh.edu.pl\/wp-content\/uploads\/2019\/01\/koncert_noworoczny__8313-300x200.jpg 300w, https:\/\/swagh.agh.edu.pl\/wp-content\/uploads\/2019\/01\/koncert_noworoczny__8313-768x512.jpg 768w, https:\/\/swagh.agh.edu.pl\/wp-content\/uploads\/2019\/01\/koncert_noworoczny__8313-1024x683.jpg 1024w, https:\/\/swagh.agh.edu.pl\/wp-content\/uploads\/2019\/01\/koncert_noworoczny__8313-420x280.jpg 420w\" sizes=\"auto, (max-width: 300px) 100vw, 300px\" \/><\/a><\/p>\n<p style=\"text-align: center;\">Grzegorz \u0141yko<\/p>\n<p class=\"font-9\">Z wyrazami podzi\u0119kowa\u0144 na scenie pojawi\u0142 si\u0119 prof. Tadeusz S\u0142omka \u2013 Rektor AGH, kt\u00f3ry zapraszaj\u0105c do licznego uczestnictwa w imprezach jubileuszu 100-lecia AGH wzni\u00f3s\u0142 sw\u00f3j \u201emarkowy\u201d okrzyk: \u201eTak si\u0119 bawi!, Tak si\u0119 bawi!\u201d \u2013 z gromk\u0105 odpowiedzi\u0105 sali \u201eAGH!\u201d<\/p>\n<p class=\"font-9\">Po koncercie \u017cyczenia noworoczne sk\u0142adano sobie w przepi\u0119knych kuluarach teatru przy symbolicznej lampce wina, co te\u017c ju\u017c sta\u0142o si\u0119 mi\u0142a tradycj\u0105 tych spotka\u0144.<\/p>\n","protected":false},"excerpt":{"rendered":"<p>14 stycznia 2019 roku ju\u017c po raz czarty odby\u0142 si\u0119 Koncert Noworoczny organizowany pod honorowym patronatem prof. Tadeusza S\u0142omki \u2013 Rektora AGH przez Fundacj\u0119 dla AGH przy wsp\u00f3\u0142pracy Stowarzyszenia Wychowank\u00f3w. Jak co roku koncert odby\u0142<\/p>\n","protected":false},"author":1,"featured_media":2931,"comment_status":"closed","ping_status":"open","sticky":false,"template":"","format":"standard","meta":{"footnotes":"","_links_to":"","_links_to_target":""},"categories":[1],"tags":[],"class_list":["post-2929","post","type-post","status-publish","format-standard","has-post-thumbnail","hentry","category-bez-kategorii"],"_links":{"self":[{"href":"https:\/\/swagh.agh.edu.pl\/index.php?rest_route=\/wp\/v2\/posts\/2929","targetHints":{"allow":["GET"]}}],"collection":[{"href":"https:\/\/swagh.agh.edu.pl\/index.php?rest_route=\/wp\/v2\/posts"}],"about":[{"href":"https:\/\/swagh.agh.edu.pl\/index.php?rest_route=\/wp\/v2\/types\/post"}],"author":[{"embeddable":true,"href":"https:\/\/swagh.agh.edu.pl\/index.php?rest_route=\/wp\/v2\/users\/1"}],"replies":[{"embeddable":true,"href":"https:\/\/swagh.agh.edu.pl\/index.php?rest_route=%2Fwp%2Fv2%2Fcomments&post=2929"}],"version-history":[{"count":3,"href":"https:\/\/swagh.agh.edu.pl\/index.php?rest_route=\/wp\/v2\/posts\/2929\/revisions"}],"predecessor-version":[{"id":2943,"href":"https:\/\/swagh.agh.edu.pl\/index.php?rest_route=\/wp\/v2\/posts\/2929\/revisions\/2943"}],"wp:featuredmedia":[{"embeddable":true,"href":"https:\/\/swagh.agh.edu.pl\/index.php?rest_route=\/wp\/v2\/media\/2931"}],"wp:attachment":[{"href":"https:\/\/swagh.agh.edu.pl\/index.php?rest_route=%2Fwp%2Fv2%2Fmedia&parent=2929"}],"wp:term":[{"taxonomy":"category","embeddable":true,"href":"https:\/\/swagh.agh.edu.pl\/index.php?rest_route=%2Fwp%2Fv2%2Fcategories&post=2929"},{"taxonomy":"post_tag","embeddable":true,"href":"https:\/\/swagh.agh.edu.pl\/index.php?rest_route=%2Fwp%2Fv2%2Ftags&post=2929"}],"curies":[{"name":"wp","href":"https:\/\/api.w.org\/{rel}","templated":true}]}}