{"id":3571,"date":"2020-03-27T15:54:34","date_gmt":"2020-03-27T15:54:34","guid":{"rendered":"http:\/\/galaxy.agh.edu.pl\/~swagh\/?p=3571"},"modified":"2020-03-28T12:14:00","modified_gmt":"2020-03-28T12:14:00","slug":"list-do-czlonkow-sw-agh","status":"publish","type":"post","link":"https:\/\/swagh.agh.edu.pl\/?p=3571","title":{"rendered":"List do cz\u0142onk\u00f3w SW AGH"},"content":{"rendered":"\n<p><strong>Szanowni Cz\u0142onkowie Wielkiej Rodziny Wychowank\u00f3w AGH<\/strong><\/p>\n\n\n\n<p>Prze\u017cywamy niebywa\u0142y okres oczekiwania na\n\u015awi\u0119ta Wielkanocne, a tu najwi\u0119ksza niespodzianka, o&nbsp;kt\u00f3rej nikt nigdy nie\nmy\u015bla\u0142. Maj\u0105c nowoczesne technologie, nieprzebran\u0105 ilo\u015b\u0107 d\u00f3br materialnych \u2013 wydawa\u0142o\nsi\u0119 nam, \u017ce nic nam nie mo\u017ce zagrozi\u0107. A tu \u2013 <strong>jeden male\u0144ki, niewidoczny wirus<\/strong> \u2013 po\u0142o\u017cy\u0142 na kolana ca\u0142y \u015bwiat oko\u0142o\n7,5 miliarda ludzi. Wszyscy s\u0105 zagro\u017ceni i nikt, p\u00f3ki co, nie wie jak to si\u0119\nwszystko sko\u0144czy.<\/p>\n\n\n\n<p>Rz\u0105dy wi\u0119kszo\u015bci kraj\u00f3w na \u015bwiecie podejmuj\u0105\nrozpaczliwe kroki ograniczaj\u0105ce tempo jego rozpowszechniania si\u0119. Odwo\u0142ane\nwszystkie wielkie imprezy o zasi\u0119gu mi\u0119dzynarodowym, jak Igrzyska Olimpijskie,\nMistrzostwa Europy w Pi\u0142ce No\u017cnej, kongresy, konferencje zjazdy itd. itp.<\/p>\n\n\n\n<p>Skutki tych decyzji w Polsce znamy. Niedozwolone\ns\u0105 zgromadzenia powy\u017cej 2 os\u00f3b!<\/p>\n\n\n\n<p>W tej sytuacji r\u00f3wnie\u017c uczelnia nasza przyj\u0119\u0142a\nspecyficzny tryb pracy. Wszystkie dzia\u0142ania ograniczaj\u0105 si\u0119 wy\u0142\u0105cznie do\nkomunikacji elektronicznej. Zdalnie funkcjonuje kierownictwo uczelni, zdalnie\nprowadzone s\u0105 zaj\u0119cia dydaktyczne, zdalnie obradowa\u0142 b\u0119dzie Senat AGH.<\/p>\n\n\n\n<p>My jako Stowarzyszenie Wychowank\u00f3w w tej\nsytuacji jeste\u015bmy zmuszeni do zrewidowania naszych plan\u00f3w na rok 2020, chocia\u017c\nby\u0142y bardzo ambitne i bogate. I tak:<\/p>\n\n\n\n<ul class=\"wp-block-list\"><li>Musieli\u015bmy zrewidowa\u0107 kalendarz naszych sztandarowych uroczysto\u015bci\njakimi s\u0105 \u201eZ\u0142ote indeksy\u201d czyli ponowna immatrykulacja po 50 latach.\nUroczysto\u015b\u0107 kwietniowa jest prze\u0142o\u017cona na czerwiec, ale liczymy si\u0119 z tym, \u017ce\nb\u0119dziemy musieli j\u0105 prze\u0142o\u017cy\u0107 dalej mo\u017ce nawet na 25. wrze\u015bnia.<\/li><li>W maju mieli\u015bmy odby\u0107 podr\u00f3\u017c do grobu \u015awi\u0119tego Jana Paw\u0142a II. Wszystko\nna to wskazuje, \u017ce wyjazd ten, w&nbsp;tym terminie b\u0119dzie niemo\u017cliwy. Tu\nb\u0119dziemy szuka\u0107 innego rozwi\u0105zania.<\/li><li>W dniach 25-26 wrze\u015bnia planowali\u015bmy nasz Brylantowy Jubileusz 75-lat\npracy SW AGH. Bogaty program jubileuszu musimy skorygowa\u0107 do bardzo\nsymbolicznego wydarzenia.<\/li><li>Zgodnie ze Statutem SW, po 16. listopada winni\u015bmy odby\u0107 Krajowy Zjazd\nSprawozdawczo-Wyborczy. Tu Prezydium Zarz\u0105d podj\u0119\u0142o ju\u017c decyzj\u0119 o przedstawieniu\nZarz\u0105dowi G\u0142\u00f3wnemu \u2013 prze\u0142o\u017cenie tego wydarzenia na pocz\u0105tek 2021 roku (zgodnie\nz prawem mamy maksymalnie 6 miesi\u0119cy czasu, od 16 listopada licz\u0105c).<\/li><li>Wszystko na to wskazuje, \u017ce nie b\u0119d\u0105 mog\u0142y si\u0119 odby\u0107 normalne\nposiedzenia Zarz\u0105du G\u0142\u00f3wnego SW, na kt\u00f3rym dokonuje si\u0119 przyj\u0119cia rocznego\nsprawozdania wymaganego przepisami prawa. Materia\u0142y opracowane przez\nkierownictwo SW (sprawozdanie merytoryczne i finansowe) zosta\u0142y zamieszczone\nju\u017c na stronie internetowej stowarzyszenia, natomiast cz\u0142onkowie ZG b\u0119d\u0105\nproszeni o zapoznanie si\u0119 z nimi, ewentualne zg\u0142oszenie uwag oraz przyj\u0119cie\nprzez g\u0142osowanie elektroniczne. Po tym wydarzeniu materia\u0142 zostanie poddany do\nzatwierdzenie przez Krajowy Zjazd Delegat\u00f3w w g\u0142osowaniu elektronicznym.<\/li><li>Nieprzerwanie trwaj\u0105 prace nad naszymi wydawnictwami, poniewa\u017c tu\nzdalne dzia\u0142ania s\u0105 mo\u017cliwe i ca\u0142kowicie efektywne. I tak:<\/li><li>w dniu 25 marca ukaza\u0142a si\u0119 elektroniczna wersja Vivat Akademia numer\n21, kt\u00f3ry zawiera mi\u0119dzy innymi szerok\u0105 relacj\u0119 z obchod\u00f3w 100-lecia AGH, kt\u00f3re\ncelebrowali\u015bmy w dniach 18 i 19 pa\u017adziernika 2019 roku. Kiedy b\u0119dziemy mogli\ndzia\u0142a\u0107 normalnie (obecnie decyzj\u0105 rektora uczelnia jest zamkni\u0119ta) b\u0119dziemy\nrozsy\u0142a\u0107 do pa\u0144stwa tradycyjn\u0105 poczt\u0105 wersje drukowan\u0105 pisma.<\/li><li>Trwaj\u0105 prace nad ksi\u0105\u017ck\u0105 zatytu\u0142owan\u0105: <em>Czytelnio Polska cze\u015b\u0107 Ci cze\u015b\u0107, \u017ce tutaj na obczy\u017anie\u2026<\/em>, kt\u00f3ra w\nbardzo obszerny spos\u00f3b opowiada losy 574 polskich student\u00f3w kszta\u0142c\u0105cych si\u0119 w\nXIX i XX wieku w Akademii G\u00f3rniczej w Leoben. W czytelni Polskiej Akademik\u00f3w\nG\u00f3rniczych w Leoben dzia\u0142a\u0142 silny nurt stara\u0144 o nasz\u0105 Akademi\u0119 G\u00f3rnicz\u0105\nw&nbsp;Krakowie, kt\u00f3ra \u2013 obok marzenia o niepodleg\u0142ej ojczy\u017anie \u2013 by\u0142a\nnajszlachetniejszym celem ich odwa\u017cnej dzia\u0142alno\u015bci. Z grona \u201eLeobe\u0144czyk\u00f3w\u201d\nwywodzi si\u0119 pierwszy profesor AG w Krakowie i jej wsp\u00f3\u0142tw\u00f3rca Jan Zara\u0144ski.<\/li><li>Trwaj\u0105 te\u017c prace nad Kronik\u0105 K\u00f3\u0142 Stowarzyszenia.<\/li><\/ul>\n\n\n\n<p>O wszystkich nowych decyzjach i wydarzeniach\nb\u0119dziemy informowa\u0107 na naszej stronie Internetowej: prosimy zagl\u0105da\u0107 na: <a href=\"http:\/\/galaxy.agh.edu.pl\/~swagh\/\">http:\/\/galaxy.agh.edu.pl\/~swagh\/<\/a><\/p>\n\n\n\n<p>Wielu z nas zw\u0142aszcza aktywnych gospodarczo\nprze\u017cywa obawy o dalsze losy swoich firm i naszej gospodarki. Martwimy si\u0119\nwszyscy. W bezradno\u015bci pozostaje tylko nadzieja i s\u0142owa otuchy wieszcza narodowego\nJuliusza S\u0142owackiego:<\/p>\n\n\n\n<p>(\u2026) Lecz zaklinam: niech \u017cywi nie trac\u0105 nadziei<br> I przed narodem nios\u0105 o\u015bwiaty kaganiec;\u2026<br> <br> Wiemy bowiem, \u017ce nadzieja umiera ostatnia<\/p>\n\n\n\n<p>Stowarzyszenie Wychowank\u00f3w powsta\u0142o w czasach\nbardzo trudnych, g\u0142\u00f3wnie po to, aby sobie wzajemnie pomaga\u0107. Apeluj\u0119 wiec do\nwszystkich Wychowank\u00f3w AGH. Pomagajcie tym, kt\u00f3rzy tej pomocy potrzebuj\u0105\nzw\u0142aszcza teraz. Wszystkim, kt\u00f3rzy sw\u00f3j 1 procent przekazali nam do zespo\u0142u\nAkcji Zapom\u00f3g <strong>serdecznie dzi\u0119kujemy<\/strong>,\na tych kt\u00f3rzy to jeszcze mog\u0105 zrobi\u0107 i nie maj\u0105 w swoim otoczeniu kogo\u015b\nbardziej potrzebuj\u0105cego serdecznie zapraszamy.<\/p>\n\n\n\n<p><strong>Nasz KRS\nto:&nbsp; 0000084696<\/strong><\/p>\n\n\n\n<p><strong>Zatem\ndrodzy Wychowankowie<\/strong><\/p>\n\n\n\n<p><strong>Mimo\nwszystko \u017cycz\u0119 spokojnych dni i aby ten okrutny wirus nikogo z Was nie\nodwiedzi\u0142.<\/strong><\/p>\n\n\n\n<p>Niech ten trudny czas b\u0119dzie dla nas naszymi wielkimi narodowymi rekolekcjami wielkopostnymi.<\/p>\n\n\n\n<p>Pozdrawiam wszystkich!<br>Piotr Czaja<br>Przewodnicz\u0105cy SW AGH<\/p>\n","protected":false},"excerpt":{"rendered":"<p>Szanowni Cz\u0142onkowie Wielkiej Rodziny Wychowank\u00f3w AGH Prze\u017cywamy niebywa\u0142y okres oczekiwania na \u015awi\u0119ta Wielkanocne, a tu najwi\u0119ksza niespodzianka, o&nbsp;kt\u00f3rej nikt nigdy nie my\u015bla\u0142. Maj\u0105c nowoczesne technologie, nieprzebran\u0105 ilo\u015b\u0107 d\u00f3br materialnych \u2013 wydawa\u0142o si\u0119 nam, \u017ce nic<\/p>\n","protected":false},"author":1,"featured_media":2861,"comment_status":"closed","ping_status":"open","sticky":false,"template":"","format":"standard","meta":{"footnotes":"","_links_to":"","_links_to_target":""},"categories":[1],"tags":[],"class_list":["post-3571","post","type-post","status-publish","format-standard","has-post-thumbnail","hentry","category-bez-kategorii"],"_links":{"self":[{"href":"https:\/\/swagh.agh.edu.pl\/index.php?rest_route=\/wp\/v2\/posts\/3571","targetHints":{"allow":["GET"]}}],"collection":[{"href":"https:\/\/swagh.agh.edu.pl\/index.php?rest_route=\/wp\/v2\/posts"}],"about":[{"href":"https:\/\/swagh.agh.edu.pl\/index.php?rest_route=\/wp\/v2\/types\/post"}],"author":[{"embeddable":true,"href":"https:\/\/swagh.agh.edu.pl\/index.php?rest_route=\/wp\/v2\/users\/1"}],"replies":[{"embeddable":true,"href":"https:\/\/swagh.agh.edu.pl\/index.php?rest_route=%2Fwp%2Fv2%2Fcomments&post=3571"}],"version-history":[{"count":5,"href":"https:\/\/swagh.agh.edu.pl\/index.php?rest_route=\/wp\/v2\/posts\/3571\/revisions"}],"predecessor-version":[{"id":3577,"href":"https:\/\/swagh.agh.edu.pl\/index.php?rest_route=\/wp\/v2\/posts\/3571\/revisions\/3577"}],"wp:featuredmedia":[{"embeddable":true,"href":"https:\/\/swagh.agh.edu.pl\/index.php?rest_route=\/wp\/v2\/media\/2861"}],"wp:attachment":[{"href":"https:\/\/swagh.agh.edu.pl\/index.php?rest_route=%2Fwp%2Fv2%2Fmedia&parent=3571"}],"wp:term":[{"taxonomy":"category","embeddable":true,"href":"https:\/\/swagh.agh.edu.pl\/index.php?rest_route=%2Fwp%2Fv2%2Fcategories&post=3571"},{"taxonomy":"post_tag","embeddable":true,"href":"https:\/\/swagh.agh.edu.pl\/index.php?rest_route=%2Fwp%2Fv2%2Ftags&post=3571"}],"curies":[{"name":"wp","href":"https:\/\/api.w.org\/{rel}","templated":true}]}}