{"id":3646,"date":"2020-05-23T13:06:56","date_gmt":"2020-05-23T13:06:56","guid":{"rendered":"http:\/\/galaxy.agh.edu.pl\/~swagh\/?p=3646"},"modified":"2020-06-04T09:06:44","modified_gmt":"2020-06-04T09:06:44","slug":"msza-swieta-z-okazji-100-urodzin-sw-jana-pawla-ii","status":"publish","type":"post","link":"https:\/\/swagh.agh.edu.pl\/?p=3646","title":{"rendered":"Msza \u015bwi\u0119ta z okazji 100. Urodzin \u015bw. Jana Paw\u0142a II"},"content":{"rendered":"\n<p><strong> Msza \u015bwi\u0119ta z okazji 100. urodzin \u015bw. Jana Paw\u0142a II oraz w 20 rocznic\u0119 przyj\u0119cia od AGH godno\u015bci Doktora Honoris Causa odby\u0142a si\u0119 w Kolegiacie \u015bw. Anny w Krakowie, dnia 18 maja 2020 o godzinie 18:00<\/strong><\/p>\n\n\n\n<p>19 maja 2020 roku o\ngodzinie 8:00 grupa pracownik\u00f3w i wychowank\u00f3w AGH za po\u015brednictwem Biura\nTurystycznego Orlando Travel mia\u0142a stan\u0105\u0107 jako delegacja Akademii\nG\u00f3rniczo-Hutniczej przy grobie. \u015bw. Jana Paw\u0142a II w bazylice \u015bw. Piotra, aby\nuczci\u0107 100. rocznic\u0119 jego urodzin i 20. rocznic\u0119 nadania Mu godno\u015bci Doktora\nHonoris Causa AGH.<\/p>\n\n\n\n<p><strong>Pandemia wywo\u0142ana koronawirusem Covid-19 sprawi\u0142a, \u017ce wyjazd do\nRzymu zosta\u0142 odwo\u0142any, ale koronawirus nie wymaza\u0142 nic z naszej pami\u0119ci i nie\nprzygasi\u0142 w \u017cadnym stopniu naszej wdzi\u0119czno\u015bci temu najwi\u0119kszemu z Polak\u00f3w, z\nkt\u00f3rym si\u0119 spotykali\u015bmy, a kt\u00f3ry 6 lat temu zosta\u0142 wyniesiony na o\u0142tarze.<\/strong><\/p>\n\n\n\n<p>Zamiast\nmodlitwy w Rzymie 18 maja 2020 roku o godzinie 18:00 czyli dok\u0142adnie w 100.\nrocznic\u0119 urodzin Karola Wojty\u0142y i nawet dok\u0142adnie o tej samej godzinie, w\nkt\u00f3rej male\u0144ki Lolek przyszed\u0142 na \u015bwiat w domu w Wadowicach, spo\u0142eczno\u015b\u0107\nAkademii G\u00f3rniczo-Hutniczej z prof. Tadeuszem S\u0142omk\u0105 \u2013 Rektorem AGH na czele, z\nby\u0142ym rektorem prof. Miros\u0142awem Handke, z prorektorami i dziekanami wielu\nwydzia\u0142\u00f3w, z kierownictwem Stowarzyszenia Wychowank\u00f3w AGH \u2013 zgromadzi\u0142a si\u0119 w\nnaszej akademickiej kolegiacie, \u015bw. Anny, aby wsp\u00f3lnie dzi\u0119kowa\u0107 Bogu za dar\nwielkiego papie\u017ca Polaka, a za jego wstawiennictwem prosi\u0107 o \u0142aski dla naszych\nrodzin, dla uczelni, ojczyzny i \u015bwiata.<\/p>\n\n\n\n<p>Celebra\nta przejdzie do historii AGH cho\u0107by z tego powodu, \u017ce wszyscy jej uczestnicy\nopr\u00f3cz celebransa ks. prof. Tadeusza Panusia \u2013 proboszcza tej parafii \u2013\nwyst\u0105pili w maseczkach ochronnych przed wirusem, to tak\u017ce po raz pierwszy w modlitewnych\nuroczysto\u015bciach AGH mog\u0142y uczestniczy\u0107 maksymalnie 84 osoby. Nigdy za mojego \u2013 ju\u017c\ndosy\u0107 d\u0142ugiego \u017cycia \u2013 takiego ograniczenia w ko\u015bcio\u0142ach nie by\u0142o. Z regu\u0142y\nzawsze trzeba by\u0142o zach\u0119ca\u0107 do uczestnictwa we mszy, aby \u015bwi\u0105tynia nie\nwygl\u0105da\u0142a pusto.<\/p>\n\n\n\n<p>Prawie\nwszystkie \u2013 odpowiednio rozmieszczone miejsca w \u015bwi\u0105tyni zaj\u0119li wcze\u015bniej\nzaanonsowani uczestnicy uroczysto\u015bci. Opr\u00f3cz w\u0142adz AGH i Stowarzyszenia poka\u017an\u0105\ngrup\u0119 uczestnik\u00f3w stanowili niedoszli pielgrzymi do grobu \u015bw. Jana Paw\u0142a II \u2013\nuczestnicy odwo\u0142anej wyprawy. Z woli Kolegium Rektorskiego AGH i osobi\u015bcie pana\nrektora prof. Tadeusza S\u0142omki, uroczysto\u015b\u0107 t\u0119 uznano za g\u0142\u00f3wny akcent obchod\u00f3w w\nAGH \u2011 setnej rocznicy urodzin papie\u017ca Polaka \u2013 \u015bw. Jana Paw\u0142a II.<\/p>\n\n\n\n<div class=\"wp-block-image\"><figure class=\"aligncenter size-medium is-resized\"><a href=\"http:\/\/galaxy.agh.edu.pl\/~swagh\/wp-content\/uploads\/2020\/05\/2020_05_22__JPII_100_lecie__01.jpg\"><img loading=\"lazy\" decoding=\"async\" src=\"http:\/\/galaxy.agh.edu.pl\/~swagh\/wp-content\/uploads\/2020\/05\/2020_05_22__JPII_100_lecie__01-300x200.jpg\" alt=\"\" class=\"wp-image-3647\" width=\"300\" height=\"200\" srcset=\"https:\/\/swagh.agh.edu.pl\/wp-content\/uploads\/2020\/05\/2020_05_22__JPII_100_lecie__01-300x200.jpg 300w, https:\/\/swagh.agh.edu.pl\/wp-content\/uploads\/2020\/05\/2020_05_22__JPII_100_lecie__01-1024x682.jpg 1024w, https:\/\/swagh.agh.edu.pl\/wp-content\/uploads\/2020\/05\/2020_05_22__JPII_100_lecie__01-768x511.jpg 768w, https:\/\/swagh.agh.edu.pl\/wp-content\/uploads\/2020\/05\/2020_05_22__JPII_100_lecie__01-1536x1023.jpg 1536w, https:\/\/swagh.agh.edu.pl\/wp-content\/uploads\/2020\/05\/2020_05_22__JPII_100_lecie__01-2048x1364.jpg 2048w, https:\/\/swagh.agh.edu.pl\/wp-content\/uploads\/2020\/05\/2020_05_22__JPII_100_lecie__01-420x280.jpg 420w\" sizes=\"auto, (max-width: 300px) 100vw, 300px\" \/><\/a><\/figure><\/div>\n\n\n\n<div class=\"wp-block-image\"><figure class=\"aligncenter size-medium\"><a href=\"http:\/\/galaxy.agh.edu.pl\/~swagh\/wp-content\/uploads\/2020\/05\/2020_05_22__JPII_100_lecie__02.jpg\"><img loading=\"lazy\" decoding=\"async\" width=\"300\" height=\"200\" src=\"http:\/\/galaxy.agh.edu.pl\/~swagh\/wp-content\/uploads\/2020\/05\/2020_05_22__JPII_100_lecie__02-300x200.jpg\" alt=\"\" class=\"wp-image-3648\" srcset=\"https:\/\/swagh.agh.edu.pl\/wp-content\/uploads\/2020\/05\/2020_05_22__JPII_100_lecie__02-300x200.jpg 300w, https:\/\/swagh.agh.edu.pl\/wp-content\/uploads\/2020\/05\/2020_05_22__JPII_100_lecie__02-1024x682.jpg 1024w, https:\/\/swagh.agh.edu.pl\/wp-content\/uploads\/2020\/05\/2020_05_22__JPII_100_lecie__02-768x511.jpg 768w, https:\/\/swagh.agh.edu.pl\/wp-content\/uploads\/2020\/05\/2020_05_22__JPII_100_lecie__02-1536x1023.jpg 1536w, https:\/\/swagh.agh.edu.pl\/wp-content\/uploads\/2020\/05\/2020_05_22__JPII_100_lecie__02-2048x1364.jpg 2048w, https:\/\/swagh.agh.edu.pl\/wp-content\/uploads\/2020\/05\/2020_05_22__JPII_100_lecie__02-420x280.jpg 420w\" sizes=\"auto, (max-width: 300px) 100vw, 300px\" \/><\/a><figcaption> Uczestnicy mszy \u015bw. z okazji 100. Rocznicy urodzin \u015bw. Jana Paw\u0142a II<br>(fot. Z. Sulima) <\/figcaption><\/figure><\/div>\n\n\n\n<p>Po procesyjnym wej\u015bciu celebransa i asysty, witaj\u0105c przyby\u0142ych ks. prof. Tadeusz Panu\u015b zaznaczy\u0142, \u017ce AGH jest jedn\u0105 z nielicznych na \u015bwiecie uczelni, kt\u00f3rej godno\u015b\u0107 doktora honoris causa zgodzi\u0142 si\u0119 przyj\u0105\u0107 wtedy papie\u017c, a obecnie \u015bwi\u0119ty ko\u015bcio\u0142a katolickiego. Tu trzeba zaznaczy\u0107, \u017ce papie\u017ce na og\u00f3\u0142 nie przyjmowali \u017cadnych godno\u015bci i zaszczyt\u00f3w zw\u0142aszcza od instytucji \u015bwieckich. Tym sposobem lista doktor\u00f3w honorowych AGH zosta\u0142a wzbogacona i u\u015bwi\u0119cona obecno\u015bci\u0105 osoby \u015bwi\u0119tej co w warunkach uczelni tak polskich jak te\u017c \u015bwiatowych jest absolutn\u0105 rzadko\u015bci\u0105.<\/p>\n\n\n\n<p>Dzie\u0144\n100. rocznicy urodzin Karola Wojty\u0142y uczczono na ca\u0142ym \u015bwiecie. Wspomnia\u0142 o tym\nwydarzeniu Donald Trump \u2013 prezydent Stan\u00f3w Zjednoczonych, a papie\u017c Franciszek\nodprawi\u0142 przy jego grobie, w bazylice \u015bw. Piotra, porann\u0105 msz\u0119 \u015bwi\u0119t\u0105,\nprzywo\u0142uj\u0105c w homilii najwa\u017cniejsze trzy przymioty tego wielkiego biskupa\nRzymu. Nale\u017ca\u0142y do nich: <strong>po pierwsze\nmodlitwa<\/strong>. Papie\u017c Jan Pawe\u0142 II by\u0142 cz\u0142owiekiem modlitwy. Sp\u0119dza\u0142 na niej\nka\u017cd\u0105 chwil\u0119 woln\u0105 od obowi\u0105zk\u00f3w g\u0142owy pa\u0144stwa i zwierzchnika ca\u0142ego Ko\u015bcio\u0142a.<\/p>\n\n\n\n<p>Drugim\nbardzo wa\u017cnym wyr\u00f3\u017cnikiem papieskiej pos\u0142ugi by\u0142a <strong>wi\u0119\u017a z wiernymi<\/strong>. W odr\u00f3\u017cnieniu od niemal wszystkich jego\npoprzednik\u00f3w, opu\u015bci\u0142 mury Watykanu udaj\u0105c si\u0119 na spotkania z wiernymi do\nnajdalszych zak\u0105tk\u00f3w Ziemi. W swym 27 letnim pontyfikacie \u2013 jednym z\nnajd\u0142u\u017cszych w historii ko\u015bcio\u0142a \u2013 Jan Pawe\u0142 II odby\u0142 104 pielgrzymki\nzagraniczne odwiedzaj\u0105c 129 kraj\u00f3w i 900 r\u00f3\u017cnych miejscowo\u015bci. W niekt\u00f3rych\nkrajach jak Polska by\u0142 wiele razy. Statystycy obliczyli, \u017ce \u0142\u0105czna d\u0142ugo\u015b\u0107 tras\npielgrzymich Jana Paw\u0142a II przekroczy\u0142a 1,7 mln km. Cech\u0105\nwsp\u00f3ln\u0105 wszystkich pielgrzymek papie\u017ca by\u0142y spotkania ekumeniczne, ze\nwsp\u00f3lnotami mi\u0119dzy innymi \u017byd\u00f3w, Muzu\u0142man\u00f3w czy wyznawc\u00f3w innych religii,\nspotkania z m\u0142odzie\u017c\u0105, chorymi i niepe\u0142nosprawnymi. Wsz\u0119dzie g\u0142osi\u0142 or\u0119dzie\npokoju i wzajemnej mi\u0142o\u015bci. Sam da\u0142 przyk\u0142ad wielkiej mi\u0142o\u015bci do ludzi w chwili\nzamachu na jego \u017cycie w dniu 13 maja 1981 roku. Postrzelony na placu \u015bw.\nPiotra, osuwaj\u0105c si\u0119 w ramiona kardyna\u0142a Stanis\u0142awa Dziwisza pierwsze co\nwyszepta\u0142, to s\u0142owa przebaczenia zamachowcowi nie pytaj\u0105c nawet kto strzela\u0142 i\ndlaczego. Przebaczenie to powt\u00f3rzy\u0142 odwiedzaj\u0105c swojego niedosz\u0142ego zab\u00f3jc\u0119 w\nwiezieniu. Trzecim przymiotem Jana Paw\u0142a II \u2013 wed\u0142ug papie\u017ca Franciszka \u2013 by\u0142a <strong>sprawiedliwo\u015b\u0107 i mi\u0142osierdzie<\/strong>. Za\nprzyczyn\u0105 Siostry Faustyny z krakowskich \u0141agiewnik, kt\u00f3r\u0105 kanonizowa\u0142 w 2000 roku,\nrozpropagowa\u0142 kult <strong>Mi\u0142osierdzia Bo\u017cego<\/strong>\nlokuj\u0105c w Polsce w sanktuarium w \u0141agiewnikach jego \u015bwiatowe centrum. Sam jako\nor\u0119downik Bo\u017cego Mi\u0142osierdzia g\u0142osi\u0142 w\u015br\u00f3d narod\u00f3w uci\u015bnionych: <strong>sprawiedliwo\u015b\u0107 mi\u0142osiern\u0105<\/strong> i<strong> mi\u0142osierdzie sprawiedliwe. <\/strong>W ko\u015bciele\nkatolickim \u015bw. Jan Pawe\u0142 II ustanowi\u0142 \u015bwi\u0119to Bo\u017cego Mi\u0142osierdzia obchodzone w pierwsz\u0105\nniedziel\u0119 po Wielkanocy. Sam te\u017c dost\u0105pi\u0142 Bo\u017cego Mi\u0142osierdzia odchodz\u0105c do domu\nOjca 2 kwietna 2005 roku \u2013 czyli w sobot\u0119 wieczorem w przededniu \u015awi\u0119ta Mi\u0142osierdzia.<\/p>\n\n\n\n<p>W swojej\nhomilii ks. prof. Tadeusz Panu\u015b, charakteryzuj\u0105cy osob\u0119 \u015bw. Jana Paw\u0142a II,\nwprowadzi\u0142 jeszcze jedn\u0105 istotn\u0105 jego cech\u0119 \u201eumiej\u0119tno\u015b\u0107 s\u0142uchania innych i\numiej\u0119tno\u015b\u0107 pochylania si\u0119\u201d czyli s\u0142uchanie i wra\u017cliwo\u015b\u0107 na to, co podopieczni chc\u0105\npowiedzie\u0107 swojemu zwierzchnikowi. Wst\u0119pem do rozwini\u0119cia tej my\u015bli by\u0142a jedna\nz anegdot o Ojcu \u015awi\u0119tym. Ta pochodzi jeszcze z czas\u00f3w kiedy by\u0142 metropolit\u0105\nkrakowskim i podczas wizytacji jednej z g\u00f3rskich parafii w czasie powitania\nmia\u0142o doj\u015b\u0107 do nast\u0119puj\u0105cego dialogu: Witaj\u0105cy go przedstawiciel parafii \u2013\nm\u0142ody g\u00f3ral \u2013 m\u00f3wi\u0142 co\u015b po cichu wi\u0119c metropolita upomnia\u0142 si\u0119 s\u0142owami<em>: <\/em>\u201e\u2026m\u00f3w g\u0142o\u015bniej bo nie s\u0142ysz\u0119\u201d: na to\ndzieciak mia\u0142 odpowiedzie\u0107: \u201ejak nie s\u0142yszycie \u2013 to si\u0119 nachylcie\u201d. Od tego te\u017c\nrozpocz\u0105\u0142 swoj\u0105 homili\u0119 Kardyna\u0142 Wojty\u0142a m\u00f3wi\u0105c:. \u201e\u2026M\u0142ody cz\u0142owiek zaleci\u0142 mi abym\nsi\u0119 nachyli\u0142 i powiem Wam, \u017ce mia\u0142 racj\u0119\u201d. Aby zrozumie\u0107 losy wielu trzeba si\u0119\nnajpierw nad nimi pochyli\u0107. T\u0119 w\u0142a\u015bciwo\u015b\u0107 \u2013 pochylania si\u0119 nad innymi\nrealizowa\u0142 papie\u017c Jan Pawe\u0142 II przez ca\u0142y okres swej papieskiej pos\u0142ugi. Bra\u0142 w\nramiona zrozpaczonych \u2013 cierpi\u0105cych niedostatek \u2011 g\u00f3rnik\u00f3w Ameryki Po\u0142udniowej,\nprzytula\u0142 schorowane i niepe\u0142nosprawne dzieci, odwiedza\u0142 chorych w szpitalach,\nubogim g\u0142osi\u0142 nadziej\u0119 i dobr\u0105 nowin\u0119.<\/p>\n\n\n\n<p>Jak wiemy z \u017cyciorysu Jana Paw\u0142a II \u2013 sam w \u017cyciu dozna\u0142 wielu zawod\u00f3w i bolesnej udr\u0119ki. Ju\u017c w wieku 9 lat utraci\u0142 swoj\u0105 matk\u0119 Emili\u0119 (1884\u20111929), kt\u00f3ra wierzy\u0142a, \u017ce jej Lolu\u015b b\u0119dzie cz\u0142owiekiem wielkim. W 1931 roku straci\u0142 jedynego brata Edmunda, kt\u00f3ry jako lekarz ratuj\u0105c w szpitalu innych, sam umar\u0142 zaka\u017cony p\u0142onic\u0105. Pasmo nieszcz\u0119\u015b\u0107 nie sko\u0144czy\u0142o si\u0119. W czasie wojny w 1941 roku umar\u0142 jego ojciec Karol \u2013 senior (1889\u20111941). W tym czasie m\u0142ody student polonistyki na Wydziale Filozoficznym Uniwersytetu Jagiello\u0144skiego chroni si\u0119 przed wyw\u00f3zk\u0105 na roboty do Niemiec przez zatrudnienie si\u0119 w zak\u0142adach sodowych Solvay w Borku Fa\u0142\u0119ckim. Tu dum\u0119 mog\u0105 odczuwa\u0107 g\u00f3rnicy z AGH \u2013 bo zatrudnienie to \u2013 by\u0107 mo\u017ce ratuj\u0105ce \u017cycie przysz\u0142ego papie\u017ca \u2013 by\u0142o mo\u017cliwe za spraw\u0105 dw\u00f3ch absolwent\u00f3w Akademii G\u00f3rniczej w Leoben \u2013 aktywnych cz\u0142onk\u00f3w Czytelni Polskiej Akademik\u00f3w G\u00f3rniczych funkcjonuj\u0105cej w Leoben w bardzo trudnych dla Polski czasach na prze\u0142omie wieku XIX i XX. Byli nimi bli\u017cej nie znani wsp\u00f3\u0142czesnym: in\u017cynier Henryk Ku\u0142akowski, kt\u00f3ry pe\u0142ni\u0142 w czasie okupacji w\u00a0Krakowie funkcj\u0119 wiceprezesa Rady G\u0142\u00f3wnej Opieku\u0144czej oraz in\u017cynier Pawe\u0142 Wa\u0142ach pe\u0142ni\u0105cy w\u00a0fabryce funkcj\u0119 zast\u0119pcy niemieckiego dyrektora F\u00f6hla. Obydwaj odpowiedzieli pozytywnie na pro\u015bb\u0119 metropolity krakowskiego Arcybiskupa Adama Stefana Sapiehy i zatrudnili kilku m\u0142odzie\u0144c\u00f3w zagro\u017conych wyw\u00f3zk\u0105 do Niemiec w\u015br\u00f3d kt\u00f3rych byli: Karol Wojty\u0142a, Wojciech Kruczkowski i\u00a0Juliusz Kydry\u0144ski (starszy brat znanego redaktora Lucjana Kydry\u0144skiego). Ma\u0142o tego, po 1942 roku, kiedy Karol Wojty\u0142a wst\u0105pi\u0142 do tajnego seminarium duchownego w Krakowie obydwaj in\u017cynierowie przez pewien czas ukrywali przed Niemcami jego nieobecno\u015b\u0107 w zak\u0142adzie. Okrutne wojenne i powojenne losy nie przynios\u0142y im wtedy splendoru ani chwa\u0142y. Po wkroczeniu do Krakowa armii wyzwole\u0144czej obydwaj zostali zaaresztowani najprawdopodobniej pod zarzutem wsp\u00f3\u0142pracy z Niemcami i w 1945 roku razem z transportem \u015bl\u0105skich g\u00f3rnik\u00f3w zostali wywiezieni do Donbasu, sk\u0105d ju\u017c nie wr\u00f3cili. Obydwaj nie maj\u0105 nawet symbolicznych grob\u00f3w. Jedyn\u0105 pami\u0105tk\u0105 w Krakowie jest ulica H. Ku\u0142akowskiego w Borku Fa\u0142\u0119ckim.<\/p>\n\n\n\n<p>W\nprzeciwie\u0144stwie do mrocznego i bardzo trudnego dzieci\u0144stwa oraz lat m\u0142odzie\u0144czych\nKarola Wojty\u0142y bardzo szybko rozwija\u0142a si\u0119 jego kariera jako duchownego.\nWy\u015bwi\u0119cony w 1946 roku ju\u017c po 12 latach (1958) zostaje mianowany biskupem pomocniczym,\na w 1963 roku zostaj\u0119 metropolit\u0105 krakowskim. R\u00f3wnie\u017c bardzo szybko zosta\u0142\nkardyna\u0142em (1968), a po 10 latach intensywnej pracy mi\u0119dzy innymi w czasie\nSoboru Watyka\u0144skiego Drugiego, zostaje wybrany papie\u017cem jako pierwszy od przesz\u0142o\n400 lat biskup spoza W\u0142och i cz\u0142owiek zza \u017celaznej kurtyny. Jako kardyna\u0142 \u2013\nmetropolita krakowski mia\u0142 w AGH wielu bliskich przyjaci\u00f3\u0142. By\u0142 uwielbiany\nprzez m\u0142odzie\u017c studenck\u0105, zw\u0142aszcza podczas spotka\u0144 op\u0142atkowych w\nduszpasterstwie akademickim \u201eNa miasteczku\u201d, gdzie opr\u00f3cz osobistych \u017cycze\u0144 rozkoszowa\u0142\nsi\u0119 pi\u0119knym kol\u0119dowaniem wraz z m\u0142odzie\u017c\u0105.<\/p>\n\n\n\n<p>&nbsp;&nbsp;&nbsp;&nbsp;&nbsp;&nbsp;&nbsp;&nbsp;&nbsp; Zas\u0142ugi Jana Paw\u0142a II dla Polski i\n\u015bwiata s\u0105 powszechnie znane. Dzi\u0119kowali\u015bmy za nie podczas mszy \u015bw. s\u0142owami\nmodlitwy wiernych, w kt\u00f3rej znalaz\u0142y si\u0119 miedzy innymi:<\/p>\n\n\n\n<p><strong>\u015awi\u0119tuj\u0105c\n100. rocznic\u0119 urodzin najwi\u0119kszego z Polak\u00f3w \u2013 \u015bw. Jana Paw\u0142a II i 20. rocznic\u0119\nprzyj\u0119cia przez Niego godno\u015bci doktora honoris causa AGH \u2013zanie\u015bmy do Boga\nnasze gorliwe modlitwy:<\/strong><\/p>\n\n\n\n<ul class=\"wp-block-list\"><li>M\u00f3dlmy\nsi\u0119 za \u015bwi\u0119ty ko\u015bci\u00f3\u0142 katolicki, tak obficie wzbogacony papiesk\u0105 pos\u0142ug\u0105 \u015bw.\nJana Paw\u0142a II\u2026<\/li><\/ul>\n\n\n\n<p>\u2026i\ndalej:<\/p>\n\n\n\n<ul class=\"wp-block-list\"><li>Z\u0142\u00f3\u017cmy\nBogu ho\u0142d dzi\u0119kczynienia za osob\u0119 papie\u017ca Jana Paw\u0142a II, kt\u00f3ry swym nauczaniem\ni s\u0142owami: \u201eNie l\u0119kajcie si\u0119, otw\u00f3rzcie drzwi Chrystusowi\u201d przyni\u00f3s\u0142 \u015bwiatu tak\nwiele nadziei, przyzywaj\u0105c w Warszawie Ducha \u015awi\u0119tego \u2013proroczymi s\u0142owami:\n\u201eNiech st\u0105pi duch Tw\u00f3j\u2026\u201d otworzy\u0142 Polsce drog\u0119 do wolno\u015bci, a przyjmuj\u0105c\ngodno\u015b\u0107 Doktora Honoris Causa AGH sta\u0142 si\u0119 \u201eIn\u017cynierem dusz\u201d przysparzaj\u0105c nam\nwielkiego zaszczytu i splendoru.<\/li><\/ul>\n\n\n\n<p>Ca\u0142a Polska, a Akademia G\u00f3rniczo-Hutnicza szczeg\u00f3lnie \u2011 ma za co dzi\u0119kowa\u0107 \u015bwi\u0119temu papie\u017cowi. Gdy Kardyna\u0142 Karol Wojty\u0142a zosta\u0142 papie\u017cem (16 pa\u017adziernika 1978 roku) nie zapomina\u0142 o AGH. Mi\u0119dzy innymi w 1999 roku na zaproszenie \u00f3wczesnych w\u0142adz uczelni podczas wizyty w Ojczy\u017anie, w dniu 17 czerwca, Ojciec \u015awi\u0119ty przyby\u0142 przed gmach g\u0142\u00f3wny AGH, na spotkanie z jej pracownikami i\u00a0studentami w\u00a0trakcie, kt\u00f3rego po\u015bwi\u0119ci\u0142 zrekonstruowan\u0105 przez artyst\u0119 Jana Sieka i grup\u0119 wychowank\u00f3w AGH kierowan\u0105 przez prof. Kazimierza Czopka, figur\u0119 \u015bw. Barbary postawion\u0105 na pawilonie A-0, gdzie stan\u0119\u0142a jeszcze przed II Wojn\u0105 \u015awiatow\u0105, a zrzucona zosta\u0142a przez Niemc\u00f3w pod koniec 1939 roku.<\/p>\n\n\n\n<div class=\"wp-block-image\"><figure class=\"aligncenter size-medium\"><a href=\"http:\/\/galaxy.agh.edu.pl\/~swagh\/wp-content\/uploads\/2020\/05\/2020_05_22__JPII_100_lecie__03.jpg\"><img loading=\"lazy\" decoding=\"async\" width=\"300\" height=\"182\" src=\"http:\/\/galaxy.agh.edu.pl\/~swagh\/wp-content\/uploads\/2020\/05\/2020_05_22__JPII_100_lecie__03-300x182.jpg\" alt=\"\" class=\"wp-image-3652\" srcset=\"https:\/\/swagh.agh.edu.pl\/wp-content\/uploads\/2020\/05\/2020_05_22__JPII_100_lecie__03-300x182.jpg 300w, https:\/\/swagh.agh.edu.pl\/wp-content\/uploads\/2020\/05\/2020_05_22__JPII_100_lecie__03-1024x620.jpg 1024w, https:\/\/swagh.agh.edu.pl\/wp-content\/uploads\/2020\/05\/2020_05_22__JPII_100_lecie__03-768x465.jpg 768w, https:\/\/swagh.agh.edu.pl\/wp-content\/uploads\/2020\/05\/2020_05_22__JPII_100_lecie__03-1536x929.jpg 1536w, https:\/\/swagh.agh.edu.pl\/wp-content\/uploads\/2020\/05\/2020_05_22__JPII_100_lecie__03-2048x1239.jpg 2048w\" sizes=\"auto, (max-width: 300px) 100vw, 300px\" \/><\/a><\/figure><\/div>\n\n\n\n<div class=\"wp-block-image\"><figure class=\"aligncenter size-medium\"><a href=\"http:\/\/galaxy.agh.edu.pl\/~swagh\/wp-content\/uploads\/2020\/05\/2020_05_22__JPII_100_lecie__04.jpg\"><img loading=\"lazy\" decoding=\"async\" width=\"300\" height=\"180\" src=\"http:\/\/galaxy.agh.edu.pl\/~swagh\/wp-content\/uploads\/2020\/05\/2020_05_22__JPII_100_lecie__04-300x180.jpg\" alt=\"\" class=\"wp-image-3653\" srcset=\"https:\/\/swagh.agh.edu.pl\/wp-content\/uploads\/2020\/05\/2020_05_22__JPII_100_lecie__04-300x180.jpg 300w, https:\/\/swagh.agh.edu.pl\/wp-content\/uploads\/2020\/05\/2020_05_22__JPII_100_lecie__04-1024x615.jpg 1024w, https:\/\/swagh.agh.edu.pl\/wp-content\/uploads\/2020\/05\/2020_05_22__JPII_100_lecie__04-768x462.jpg 768w, https:\/\/swagh.agh.edu.pl\/wp-content\/uploads\/2020\/05\/2020_05_22__JPII_100_lecie__04-1536x923.jpg 1536w, https:\/\/swagh.agh.edu.pl\/wp-content\/uploads\/2020\/05\/2020_05_22__JPII_100_lecie__04-2048x1231.jpg 2048w\" sizes=\"auto, (max-width: 300px) 100vw, 300px\" \/><\/a><figcaption> Uroczysto\u015b\u0107 po\u015bwi\u0119cenia przez Ojca \u015bw. JP-II pos\u0105gu \u015bw. Barbary na gmachu A-O AGH<br>w dniu 17 czerwca 1999 roku<br>(fot. Z. Sulima) <\/figcaption><\/figure><\/div>\n\n\n\n<p>Po licznych zabiegach prowadzonych wcze\u015bniej przez rektora prof. Miros\u0142awa Handke (rektora AGH w latach 1993\u20131998), a potem przez \u00f3wczesnego rektora prof. Ryszarda Tadeusiewicza (rektora AGH w latach 1998\u20132005), Papie\u017c Jan Pawe\u0142 II w 2000 roku zgodzi\u0142 si\u0119 przyj\u0105\u0107 godno\u015b\u0107 doktora honoris causa AGH jako jedno z trzech tego typu wyr\u00f3\u017cnie\u0144 w Polsce. (UJ, KUL i AGH).<\/p>\n\n\n\n<p>2\nlutego 2000 Senat AGH podj\u0105\u0142 decyzj\u0119 o nadaniu tej godno\u015bci, uzasadniaj\u0105c to\ns\u0142owami:<\/p>\n\n\n\n<p>\u201e<strong>w\nuznaniu ogromnych zas\u0142ug w dziele g\u0142oszenia mi\u0142o\u015bci i \u0142adu moralnego we\nwszystkich dziedzinach ludzkiej egzystencji, a szczeg\u00f3lnie w budowaniu\netycznych fundament\u00f3w rozwoju techniki i technologii\u201d.<\/strong><\/p>\n\n\n\n<p>Godno\u015b\u0107 zosta\u0142a\nwr\u0119czona podczas uroczystego posiedzenia Senatu AGH w Watykanie w Sali\nKonsystorskiej, 3 kwietnia 2000 roku z udzia\u0142em 33 cz\u0142onk\u00f3w senatu w obecno\u015bci\n250 innych uczestnik\u00f3w pielgrzymki AGH do Rzymu.<\/p>\n\n\n\n<div class=\"wp-block-image\"><figure class=\"aligncenter size-medium\"><a href=\"http:\/\/galaxy.agh.edu.pl\/~swagh\/wp-content\/uploads\/2020\/05\/2020_05_22__JPII_100_lecie__05.jpg\"><img loading=\"lazy\" decoding=\"async\" width=\"300\" height=\"210\" src=\"http:\/\/galaxy.agh.edu.pl\/~swagh\/wp-content\/uploads\/2020\/05\/2020_05_22__JPII_100_lecie__05-300x210.jpg\" alt=\"\" class=\"wp-image-3655\" srcset=\"https:\/\/swagh.agh.edu.pl\/wp-content\/uploads\/2020\/05\/2020_05_22__JPII_100_lecie__05-300x210.jpg 300w, https:\/\/swagh.agh.edu.pl\/wp-content\/uploads\/2020\/05\/2020_05_22__JPII_100_lecie__05-1024x718.jpg 1024w, https:\/\/swagh.agh.edu.pl\/wp-content\/uploads\/2020\/05\/2020_05_22__JPII_100_lecie__05-768x538.jpg 768w, https:\/\/swagh.agh.edu.pl\/wp-content\/uploads\/2020\/05\/2020_05_22__JPII_100_lecie__05-1536x1076.jpg 1536w, https:\/\/swagh.agh.edu.pl\/wp-content\/uploads\/2020\/05\/2020_05_22__JPII_100_lecie__05-2048x1435.jpg 2048w\" sizes=\"auto, (max-width: 300px) 100vw, 300px\" \/><\/a><figcaption> Uroczysto\u015b\u0107 wr\u0119czenia papie\u017cowi Janowi Paw\u0142owi II godno\u015bci doktora honoris causa AGH w dniu 3 kwietnia 2000 roku<br>(fot. Arturo Mari)  <\/figcaption><\/figure><\/div>\n\n\n\n<p><\/p>\n\n\n\n<p>Po \u015bmierci papie\u017ca, 7 listopada 2008 roku w holu\nbudynku g\u0142\u00f3wnego AGH A\u20110 uroczy\u015bcie ods\u0142oni\u0119to tablic\u0119 pami\u0105tkow\u0105 po\u015bwi\u0119con\u0105 30\nrocznicy wyboru kardyna\u0142a Wojty\u0142y na Papie\u017ca. Ods\u0142oni\u0119cia dokonali: prof.\nAntoni Tajdu\u015b \u2013 \u00f3wczesny rektor AGH oraz prof. Ryszard Tadeusiewicz \u2013 by\u0142y\nRektor AGH. Tablic\u0119 po\u015bwi\u0119ci\u0142 ksi\u0105dz pra\u0142at Andrzej Waksma\u0144ski z parafii \u015bw.\nSzczepana w Krakowie.<\/p>\n\n\n\n<div class=\"wp-block-image\"><figure class=\"aligncenter size-medium is-resized\"><a href=\"http:\/\/galaxy.agh.edu.pl\/~swagh\/wp-content\/uploads\/2020\/05\/2020_05_22__JPII_100_lecie__06-scaled.jpg\"><img loading=\"lazy\" decoding=\"async\" src=\"http:\/\/galaxy.agh.edu.pl\/~swagh\/wp-content\/uploads\/2020\/05\/2020_05_22__JPII_100_lecie__06-300x236.jpg\" alt=\"\" class=\"wp-image-3656\" width=\"306\" height=\"241\" srcset=\"https:\/\/swagh.agh.edu.pl\/wp-content\/uploads\/2020\/05\/2020_05_22__JPII_100_lecie__06-300x236.jpg 300w, https:\/\/swagh.agh.edu.pl\/wp-content\/uploads\/2020\/05\/2020_05_22__JPII_100_lecie__06-1024x806.jpg 1024w, https:\/\/swagh.agh.edu.pl\/wp-content\/uploads\/2020\/05\/2020_05_22__JPII_100_lecie__06-768x605.jpg 768w, https:\/\/swagh.agh.edu.pl\/wp-content\/uploads\/2020\/05\/2020_05_22__JPII_100_lecie__06-1536x1210.jpg 1536w, https:\/\/swagh.agh.edu.pl\/wp-content\/uploads\/2020\/05\/2020_05_22__JPII_100_lecie__06-2048x1613.jpg 2048w, https:\/\/swagh.agh.edu.pl\/wp-content\/uploads\/2020\/05\/2020_05_22__JPII_100_lecie__06-100x80.jpg 100w\" sizes=\"auto, (max-width: 306px) 100vw, 306px\" \/><\/a><figcaption> Tablica pami\u0105tkowa w budynku AGH<br>pawilon A\u20110<br>(fot. H. Sie\u0144ski) <\/figcaption><\/figure><\/div>\n\n\n\n<p>Przed zako\u0144czeniem mszy \u015bw. prof. Tadeusz S\u0142omka \u2013 rektor AGH, w ciep\u0142ych s\u0142owach podzi\u0119kowa\u0142 celebransowi, uczestnikom i organizatorom tego modlitewnego spotkania.<\/p>\n\n\n\n<div class=\"wp-block-image\"><figure class=\"aligncenter size-medium\"><a href=\"http:\/\/galaxy.agh.edu.pl\/~swagh\/wp-content\/uploads\/2020\/05\/2020_05_22__JPII_100_lecie__07.jpg\"><img loading=\"lazy\" decoding=\"async\" width=\"300\" height=\"200\" src=\"http:\/\/galaxy.agh.edu.pl\/~swagh\/wp-content\/uploads\/2020\/05\/2020_05_22__JPII_100_lecie__07-300x200.jpg\" alt=\"\" class=\"wp-image-3657\" srcset=\"https:\/\/swagh.agh.edu.pl\/wp-content\/uploads\/2020\/05\/2020_05_22__JPII_100_lecie__07-300x200.jpg 300w, https:\/\/swagh.agh.edu.pl\/wp-content\/uploads\/2020\/05\/2020_05_22__JPII_100_lecie__07-1024x682.jpg 1024w, https:\/\/swagh.agh.edu.pl\/wp-content\/uploads\/2020\/05\/2020_05_22__JPII_100_lecie__07-768x511.jpg 768w, https:\/\/swagh.agh.edu.pl\/wp-content\/uploads\/2020\/05\/2020_05_22__JPII_100_lecie__07-1536x1023.jpg 1536w, https:\/\/swagh.agh.edu.pl\/wp-content\/uploads\/2020\/05\/2020_05_22__JPII_100_lecie__07-2048x1364.jpg 2048w, https:\/\/swagh.agh.edu.pl\/wp-content\/uploads\/2020\/05\/2020_05_22__JPII_100_lecie__07-420x280.jpg 420w\" sizes=\"auto, (max-width: 300px) 100vw, 300px\" \/><\/a><\/figure><\/div>\n\n\n\n<div class=\"wp-block-image\"><figure class=\"aligncenter size-medium\"><a href=\"http:\/\/galaxy.agh.edu.pl\/~swagh\/wp-content\/uploads\/2020\/05\/2020_05_22__JPII_100_lecie__08.jpg\"><img loading=\"lazy\" decoding=\"async\" width=\"300\" height=\"200\" src=\"http:\/\/galaxy.agh.edu.pl\/~swagh\/wp-content\/uploads\/2020\/05\/2020_05_22__JPII_100_lecie__08-300x200.jpg\" alt=\"\" class=\"wp-image-3658\" srcset=\"https:\/\/swagh.agh.edu.pl\/wp-content\/uploads\/2020\/05\/2020_05_22__JPII_100_lecie__08-300x200.jpg 300w, https:\/\/swagh.agh.edu.pl\/wp-content\/uploads\/2020\/05\/2020_05_22__JPII_100_lecie__08-1024x682.jpg 1024w, https:\/\/swagh.agh.edu.pl\/wp-content\/uploads\/2020\/05\/2020_05_22__JPII_100_lecie__08-768x511.jpg 768w, https:\/\/swagh.agh.edu.pl\/wp-content\/uploads\/2020\/05\/2020_05_22__JPII_100_lecie__08-1536x1023.jpg 1536w, https:\/\/swagh.agh.edu.pl\/wp-content\/uploads\/2020\/05\/2020_05_22__JPII_100_lecie__08-2048x1364.jpg 2048w, https:\/\/swagh.agh.edu.pl\/wp-content\/uploads\/2020\/05\/2020_05_22__JPII_100_lecie__08-420x280.jpg 420w\" sizes=\"auto, (max-width: 300px) 100vw, 300px\" \/><\/a><figcaption> Wyst\u0105pienie prof. Tadeusza S\u0142omki<br>Rektora AGH<br>(fot. Z. Sulima) <\/figcaption><\/figure><\/div>\n\n\n\n<p>Wspominaj\u0105c swoje wielokrotne spotkania z Ojcem \u015bwi\u0119tym Janem Paw\u0142em II odkry\u0142 r\u00f3wnie\u017c \u017ce ju\u017c jako ch\u0142opiec przebywa\u0142 na obozie, na kt\u00f3rym przez kilka dni go\u015bci\u0142 krakowski Metropolita Karol Wojty\u0142a i wtedy mia\u0142 niebywa\u0142a okazj\u0119 s\u0142u\u017cy\u0107 do mszy \u015bwi\u0119tej przez niego odprawianej. Wieczorami natomiast wszyscy \u015bpiewali z nim piosenki \u2013 co jak wiemy \u2011 bardzo lubi\u0142 i trzeba powiedzie\u0107 \u2013 sam pi\u0119knie \u015bpiewa\u0142 operuj\u0105c bardzo zr\u0119cznie g\u0142osem \u2013 tak aby w polifonii wybrzmiewa\u0142y pe\u0142ne jej akordy.<\/p>\n\n\n\n<p>Od\n2005 roku, w pi\u0119cioletnich odst\u0119pach, przedstawiciele uczelni \u2011 g\u0142\u00f3wnie\ndziekani i cz\u0142onkowie senatu, udaj\u0105 si\u0119 do Rzymu, aby przy grobie najwi\u0119kszego\nz Polak\u00f3w modli\u0107 si\u0119 o pomy\u015blno\u015b\u0107 AGH, Krakowa i Polski. Pierwotnie pielgrzymki\nte organizowa\u0142 mi\u0119dzy innymi prof. Janusz \u0141uksza mi\u0119dzy innymi znawca historii cesarstwa\nrzymskiego.<\/p>\n\n\n\n<p>Ostatnia\npielgrzymka organizowana do grobu \u015bw. Jana Paw\u0142a II odby\u0142a si\u0119 w dniach 16\u201326 maja\n2019 roku, podczas kt\u00f3rej 20 maja jej uczestnicy modlili si\u0119 na mszy \u015bw. przy Jego\ngrobie. Jej organizatorem by\u0142 dr Pawe\u0142 Suli\u0144ski oraz biuro Orlando Travel z\nnieocenionym przewodnikiem turystycznym Jaros\u0142awem Siedleckim \u2013 absolwentem Wydzia\u0142u\nGeodezji G\u00f3rniczej AGH.<\/p>\n\n\n\n<div class=\"wp-block-image\"><figure class=\"aligncenter size-medium\"><a href=\"http:\/\/galaxy.agh.edu.pl\/~swagh\/wp-content\/uploads\/2020\/05\/2020_05_22__JPII_100_lecie__09-scaled.jpg\"><img loading=\"lazy\" decoding=\"async\" width=\"300\" height=\"200\" src=\"http:\/\/galaxy.agh.edu.pl\/~swagh\/wp-content\/uploads\/2020\/05\/2020_05_22__JPII_100_lecie__09-300x200.jpg\" alt=\"\" class=\"wp-image-3659\" srcset=\"https:\/\/swagh.agh.edu.pl\/wp-content\/uploads\/2020\/05\/2020_05_22__JPII_100_lecie__09-300x200.jpg 300w, https:\/\/swagh.agh.edu.pl\/wp-content\/uploads\/2020\/05\/2020_05_22__JPII_100_lecie__09-1024x683.jpg 1024w, https:\/\/swagh.agh.edu.pl\/wp-content\/uploads\/2020\/05\/2020_05_22__JPII_100_lecie__09-768x512.jpg 768w, https:\/\/swagh.agh.edu.pl\/wp-content\/uploads\/2020\/05\/2020_05_22__JPII_100_lecie__09-1536x1024.jpg 1536w, https:\/\/swagh.agh.edu.pl\/wp-content\/uploads\/2020\/05\/2020_05_22__JPII_100_lecie__09-2048x1365.jpg 2048w, https:\/\/swagh.agh.edu.pl\/wp-content\/uploads\/2020\/05\/2020_05_22__JPII_100_lecie__09-420x280.jpg 420w\" sizes=\"auto, (max-width: 300px) 100vw, 300px\" \/><\/a><\/figure><\/div>\n\n\n\n<div class=\"wp-block-image\"><figure class=\"aligncenter size-medium\"><a href=\"http:\/\/galaxy.agh.edu.pl\/~swagh\/wp-content\/uploads\/2020\/05\/2020_05_22__JPII_100_lecie__10-scaled.jpg\"><img loading=\"lazy\" decoding=\"async\" width=\"300\" height=\"200\" src=\"http:\/\/galaxy.agh.edu.pl\/~swagh\/wp-content\/uploads\/2020\/05\/2020_05_22__JPII_100_lecie__10-300x200.jpg\" alt=\"\" class=\"wp-image-3660\" srcset=\"https:\/\/swagh.agh.edu.pl\/wp-content\/uploads\/2020\/05\/2020_05_22__JPII_100_lecie__10-300x200.jpg 300w, https:\/\/swagh.agh.edu.pl\/wp-content\/uploads\/2020\/05\/2020_05_22__JPII_100_lecie__10-1024x683.jpg 1024w, https:\/\/swagh.agh.edu.pl\/wp-content\/uploads\/2020\/05\/2020_05_22__JPII_100_lecie__10-768x512.jpg 768w, https:\/\/swagh.agh.edu.pl\/wp-content\/uploads\/2020\/05\/2020_05_22__JPII_100_lecie__10-1536x1024.jpg 1536w, https:\/\/swagh.agh.edu.pl\/wp-content\/uploads\/2020\/05\/2020_05_22__JPII_100_lecie__10-2048x1365.jpg 2048w, https:\/\/swagh.agh.edu.pl\/wp-content\/uploads\/2020\/05\/2020_05_22__JPII_100_lecie__10-420x280.jpg 420w\" sizes=\"auto, (max-width: 300px) 100vw, 300px\" \/><\/a><\/figure><\/div>\n\n\n\n<div class=\"wp-block-image\"><figure class=\"aligncenter size-medium\"><a href=\"http:\/\/galaxy.agh.edu.pl\/~swagh\/wp-content\/uploads\/2020\/05\/2020_05_22__JPII_100_lecie__11-scaled.jpg\"><img loading=\"lazy\" decoding=\"async\" width=\"300\" height=\"200\" src=\"http:\/\/galaxy.agh.edu.pl\/~swagh\/wp-content\/uploads\/2020\/05\/2020_05_22__JPII_100_lecie__11-300x200.jpg\" alt=\"\" class=\"wp-image-3661\" srcset=\"https:\/\/swagh.agh.edu.pl\/wp-content\/uploads\/2020\/05\/2020_05_22__JPII_100_lecie__11-300x200.jpg 300w, https:\/\/swagh.agh.edu.pl\/wp-content\/uploads\/2020\/05\/2020_05_22__JPII_100_lecie__11-1024x683.jpg 1024w, https:\/\/swagh.agh.edu.pl\/wp-content\/uploads\/2020\/05\/2020_05_22__JPII_100_lecie__11-768x512.jpg 768w, https:\/\/swagh.agh.edu.pl\/wp-content\/uploads\/2020\/05\/2020_05_22__JPII_100_lecie__11-1536x1024.jpg 1536w, https:\/\/swagh.agh.edu.pl\/wp-content\/uploads\/2020\/05\/2020_05_22__JPII_100_lecie__11-2048x1365.jpg 2048w, https:\/\/swagh.agh.edu.pl\/wp-content\/uploads\/2020\/05\/2020_05_22__JPII_100_lecie__11-420x280.jpg 420w\" sizes=\"auto, (max-width: 300px) 100vw, 300px\" \/><\/a><\/figure><\/div>\n\n\n\n<div class=\"wp-block-image\"><figure class=\"aligncenter size-medium\"><a href=\"http:\/\/galaxy.agh.edu.pl\/~swagh\/wp-content\/uploads\/2020\/05\/2020_05_22__JPII_100_lecie__12-scaled.jpg\"><img loading=\"lazy\" decoding=\"async\" width=\"300\" height=\"200\" src=\"http:\/\/galaxy.agh.edu.pl\/~swagh\/wp-content\/uploads\/2020\/05\/2020_05_22__JPII_100_lecie__12-300x200.jpg\" alt=\"\" class=\"wp-image-3662\" srcset=\"https:\/\/swagh.agh.edu.pl\/wp-content\/uploads\/2020\/05\/2020_05_22__JPII_100_lecie__12-300x200.jpg 300w, https:\/\/swagh.agh.edu.pl\/wp-content\/uploads\/2020\/05\/2020_05_22__JPII_100_lecie__12-1024x683.jpg 1024w, https:\/\/swagh.agh.edu.pl\/wp-content\/uploads\/2020\/05\/2020_05_22__JPII_100_lecie__12-768x512.jpg 768w, https:\/\/swagh.agh.edu.pl\/wp-content\/uploads\/2020\/05\/2020_05_22__JPII_100_lecie__12-1536x1024.jpg 1536w, https:\/\/swagh.agh.edu.pl\/wp-content\/uploads\/2020\/05\/2020_05_22__JPII_100_lecie__12-2048x1365.jpg 2048w, https:\/\/swagh.agh.edu.pl\/wp-content\/uploads\/2020\/05\/2020_05_22__JPII_100_lecie__12-420x280.jpg 420w\" sizes=\"auto, (max-width: 300px) 100vw, 300px\" \/><\/a><figcaption> Pielgrzymka do grobu \u015bw. JP II w 2019 roku<br>(fot. J. Siedlecki) <\/figcaption><\/figure><\/div>\n\n\n\n<p>W 2020 roku pielgrzymk\u0119 zorganizowa\u0142o Stowarzyszenie Wychowank\u00f3w AGH, zaplanowana by\u0142a na dni 16-23 maja 2020 roku, niestety nie dosz\u0142a do skutku ze wzgl\u0119du na og\u00f3lno\u015bwiatow\u0105 pandemie wywo\u0142an\u0105 korona wirusem Sarc-Cov-2.<\/p>\n\n\n\n<p>Jej\nskromn\u0105 namiastk\u0105 by\u0142a uroczysta msza \u015bw. z kt\u00f3rej kr\u00f3tk\u0105 relacj\u0105 przedstawiono\npowy\u017cej.<\/p>\n\n\n\n<p>W\ntym miejscu \u2013 jako organizator \u2013 pragn\u0119 gor\u0105co podzi\u0119kowa\u0107 ks. Prof. Tadeuszowi\nPanusiowi za podj\u0119cie inicjatywy i przygotowanie liturgii w najbardziej\nuroczystej formie. Dzi\u0119kuj\u0119 serdecznie ks. Mateuszowi za profesjonalne\nprzygotowanie i poprowadzenie transmisji mszy \u015bwi\u0119tej do Internetu. Dzi\u0119kuje\nte\u017c panu \u0141ukaszowi Kmiecikowi za opraw\u0119 muzyczn\u0105 mszy \u015bwi\u0119tej oraz przepi\u0119knie\nprezentuj\u0105cej si\u0119 asy\u015bcie liturgicznej, kt\u00f3rej najm\u0142odsi uczestnicy s\u0105 w wieku\nmojego wnuka Franka (na zdj\u0119ciu podczas mszy przy grobie \u015bw. JP II w 2019 roku).<\/p>\n\n\n\n<p>Pi\u0119knie\ndzi\u0119kuj\u0119 te\u017c panu rektorowi prof. Tadeuszowi S\u0142omce i by\u0142emu rektorowi prof.\nMiros\u0142awowi Handke oraz wszystkim by\u0142ym i obecnym prorektorom jak r\u00f3wnie\u017c\ndziekanom wielu wydzia\u0142\u00f3w.<\/p>\n\n\n\n<p>Msza \u015bw. by\u0142a transmitowana za po\u015brednictwem Internetu, a uczestniczy\u0142o w niej kilkadziesi\u0105t os\u00f3b.<\/p>\n\n\n\n<p>Pi\u0119knie dzi\u0119kuj\u0105c pozdrawiam wszystkich!<br>prof. Piotr Czaja<br>Przewodnicz\u0105cy Stowarzyszenia Wychowank\u00f3w AGH<\/p>\n","protected":false},"excerpt":{"rendered":"<p>Msza \u015bwi\u0119ta z okazji 100. urodzin \u015bw. Jana Paw\u0142a II oraz w 20 rocznic\u0119 przyj\u0119cia od AGH godno\u015bci Doktora Honoris Causa odby\u0142a si\u0119 w Kolegiacie \u015bw. Anny w Krakowie, dnia 18 maja 2020 o godzinie<\/p>\n","protected":false},"author":1,"featured_media":3116,"comment_status":"closed","ping_status":"open","sticky":false,"template":"","format":"standard","meta":{"footnotes":"","_links_to":"","_links_to_target":""},"categories":[1],"tags":[],"class_list":["post-3646","post","type-post","status-publish","format-standard","has-post-thumbnail","hentry","category-bez-kategorii"],"_links":{"self":[{"href":"https:\/\/swagh.agh.edu.pl\/index.php?rest_route=\/wp\/v2\/posts\/3646","targetHints":{"allow":["GET"]}}],"collection":[{"href":"https:\/\/swagh.agh.edu.pl\/index.php?rest_route=\/wp\/v2\/posts"}],"about":[{"href":"https:\/\/swagh.agh.edu.pl\/index.php?rest_route=\/wp\/v2\/types\/post"}],"author":[{"embeddable":true,"href":"https:\/\/swagh.agh.edu.pl\/index.php?rest_route=\/wp\/v2\/users\/1"}],"replies":[{"embeddable":true,"href":"https:\/\/swagh.agh.edu.pl\/index.php?rest_route=%2Fwp%2Fv2%2Fcomments&post=3646"}],"version-history":[{"count":10,"href":"https:\/\/swagh.agh.edu.pl\/index.php?rest_route=\/wp\/v2\/posts\/3646\/revisions"}],"predecessor-version":[{"id":3672,"href":"https:\/\/swagh.agh.edu.pl\/index.php?rest_route=\/wp\/v2\/posts\/3646\/revisions\/3672"}],"wp:featuredmedia":[{"embeddable":true,"href":"https:\/\/swagh.agh.edu.pl\/index.php?rest_route=\/wp\/v2\/media\/3116"}],"wp:attachment":[{"href":"https:\/\/swagh.agh.edu.pl\/index.php?rest_route=%2Fwp%2Fv2%2Fmedia&parent=3646"}],"wp:term":[{"taxonomy":"category","embeddable":true,"href":"https:\/\/swagh.agh.edu.pl\/index.php?rest_route=%2Fwp%2Fv2%2Fcategories&post=3646"},{"taxonomy":"post_tag","embeddable":true,"href":"https:\/\/swagh.agh.edu.pl\/index.php?rest_route=%2Fwp%2Fv2%2Ftags&post=3646"}],"curies":[{"name":"wp","href":"https:\/\/api.w.org\/{rel}","templated":true}]}}