{"id":3743,"date":"2020-09-22T12:04:13","date_gmt":"2020-09-22T12:04:13","guid":{"rendered":"http:\/\/galaxy.agh.edu.pl\/~swagh\/?p=3743"},"modified":"2020-09-22T12:05:06","modified_gmt":"2020-09-22T12:05:06","slug":"protokol-z-posiedzenia-prezydium-zarzadu-glownego-stowarzyszenia-wychowankow-agh-w-dniu-15-09-2020-r","status":"publish","type":"post","link":"https:\/\/swagh.agh.edu.pl\/?p=3743","title":{"rendered":"Protok\u00f3\u0142 z posiedzenia Prezydium Zarz\u0105du G\u0142\u00f3wnego Stowarzyszenia Wychowank\u00f3w AGH w dniu 15.09.2020 r."},"content":{"rendered":"\n<p>Obrady Prezydium G\u0142\u00f3wnego Stowarzyszenia Wychowank\u00f3w AGH odby\u0142y\nsi\u0119 w formie zdalnego spotkania jako video- konferencja. W spotkaniu, kt\u00f3re\notworzy\u0142 i powita\u0142 zebranych Przewodnicz\u0105cy SW prof. Piotr Czaja uczestniczy\u0142o\n14 os\u00f3b.<\/p>\n\n\n\n<p>Porz\u0105dek zebrania:<\/p>\n\n\n\n<p>1. Otwarcie zebrania \u2013 przywitanie, sprawdzenie listy\nobecnych.<\/p>\n\n\n\n<p>2. Zatwierdzenie porz\u0105dku dziennego posiedzenia.<\/p>\n\n\n\n<p>3. Zatwierdzenie protoko\u0142u z posiedzenia prezydium w dniu17\nczerwca 2020.<\/p>\n\n\n\n<p>4.Informacja o rozpocz\u0119ciu w dniu 1 wrze\u015bnia 2020 roku nowej\nkadencji w\u0142adz uczelni. <\/p>\n\n\n\n<p>Prezentacja w\u0142adz rektorskich i dziekan\u00f3w poszczeg\u00f3lnych\nwydzia\u0142\u00f3w.<\/p>\n\n\n\n<p>5. Vivat Akademia \u2013 numer 21 i 22 \u2013 informacje Redaktora\nNaczelnego.<\/p>\n\n\n\n<p>6. Stan prac nad ksi\u0105\u017ck\u0105 o Leobe\u0144czykach.<\/p>\n\n\n\n<p>7. Podj\u0119cie decyzji w sprawie planowanych na 2020 rok\nspotka\u0144 i uroczysto\u015bci:<\/p>\n\n\n\n<p>a) spotkania \u201eZ\u0142ote indeksy\u201d \u2013\nodwo\u0142anie,<\/p>\n\n\n\n<p>b) obchody Jubileuszu 75-lecia SW\nnale\u017cy odwo\u0142a\u0107,<\/p>\n\n\n\n<p>c) Spotkanie \u015awi\u0105teczno-Noworoczne\ni gala konkursowa: Absolwent Roku \u2013 nowa propozycja,<\/p>\n\n\n\n<p>d) koncert Noworoczny \u2013 nowa\npropozycja.<\/p>\n\n\n\n<p>8. Informacje o bie\u017c\u0105cej\ndzia\u0142alno\u015bci SW AGH:<\/p>\n\n\n\n<p>a) znaczek i oznaka \u201eZas\u0142u\u017cony dla\nStowarzyszenia\u201d,<\/p>\n\n\n\n<p>b) ko\u0142o regionalne w Sandomierzu\n(rozmowy w sprawie Trasy Turystycznej im. prof. Strzeleckiego),<\/p>\n\n\n\n<p>c) wyprawa stowarzyszenia do grobu\nJP II (kwiecie\u0144\u2013 maj 2021),<\/p>\n\n\n\n<p>d) w Bogdance o stowarzyszeniu,<\/p>\n\n\n\n<p>9. Ostateczna wersja Statutu\nstowarzyszenia (pod obrady Zarz\u0105du G\u0142\u00f3wnego w pa\u017adzierniku i&nbsp;Zjazdu\nKrajowego).<\/p>\n\n\n\n<p>10. Wnioski o odznaczenia i wyr\u00f3\u017cnienia\nstowarzyszeniowe.<\/p>\n\n\n\n<p>11. Wolne wnioski<\/p>\n\n\n\n<p>Jednog\u0142o\u015bnie zatwierdzono porz\u0105dek\ndziennego posiedzenia i protoko\u0142u z poprzedniego spotkania ( z dnia 17.06.2020)\n<\/p>\n\n\n\n<p>Zgodnie z kolejnymi punktami\nprogramu Przewodnicz\u0105cy zaprezentowa\u0142 nowe W\u0142adze Rektorskie oraz dziekan\u00f3w\nposzczeg\u00f3lnych wydzia\u0142\u00f3w. Nast\u0119pnie om\u00f3wiono stan zaawansowania w przygotowaniu\nwydawnictwa kolejnych numer\u00f3w Vivat Akademia oraz Kroniki K\u00f3\u0142 i ksi\u0105\u017cki o\nLeobe\u0144czykach.<\/p>\n\n\n\n<p>Z uwagi na trwaj\u0105c\u0105 pandemi\u0119\nwszystkie planowane spotkania okoliczno\u015bciowe s\u0105 odwo\u0142ane.<\/p>\n\n\n\n<p>Przy wyciszeniu zagro\u017cenia rozwa\u017ca\nsi\u0119 zorganizowanie koncertu z okazji 75-lecia Stowarzyszenia (w ko\u015bciele Bo\u017cego\nCia\u0142a), z r\u00f3wnoczesnym wr\u0119czeniem wyr\u00f3\u017cnie\u0144 dla Absolwenta Roku. <\/p>\n\n\n\n<p>Informuj\u0105c o bie\u017c\u0105cej dzia\u0142alno\u015bci\nStowarzyszenia Przewodnicz\u0105cy przedstawi\u0142 nowy znaczek i odznak\u0119 \u201e Zas\u0142u\u017cony\ndla Stowarzyszenia\u201d.<\/p>\n\n\n\n<p>Podano propozycj\u0119 stopniowania tego\nwyr\u00f3\u017cnienia ( srebrna i z\u0142ota odznaka) do rozpatrzenia i zatwierdzenia przez\nZarz\u0105d. <\/p>\n\n\n\n<p>Om\u00f3wiona zosta\u0142a r\u00f3wnie\u017c kwestia zorganizowania\nwyprawy do Rzymu jako kontynuacj\u0119 odwo\u0142anego wyjazdu w maju br. do grobu JP II\nz okazji rocznicy urodzin.<\/p>\n","protected":false},"excerpt":{"rendered":"<p>Obrady Prezydium G\u0142\u00f3wnego Stowarzyszenia Wychowank\u00f3w AGH odby\u0142y si\u0119 w formie zdalnego spotkania jako video- konferencja. W spotkaniu, kt\u00f3re otworzy\u0142 i powita\u0142 zebranych Przewodnicz\u0105cy SW prof. Piotr Czaja uczestniczy\u0142o 14 os\u00f3b. Porz\u0105dek zebrania: 1. Otwarcie zebrania<\/p>\n","protected":false},"author":1,"featured_media":2861,"comment_status":"closed","ping_status":"open","sticky":false,"template":"","format":"standard","meta":{"footnotes":"","_links_to":"","_links_to_target":""},"categories":[1],"tags":[],"class_list":["post-3743","post","type-post","status-publish","format-standard","has-post-thumbnail","hentry","category-bez-kategorii"],"_links":{"self":[{"href":"https:\/\/swagh.agh.edu.pl\/index.php?rest_route=\/wp\/v2\/posts\/3743","targetHints":{"allow":["GET"]}}],"collection":[{"href":"https:\/\/swagh.agh.edu.pl\/index.php?rest_route=\/wp\/v2\/posts"}],"about":[{"href":"https:\/\/swagh.agh.edu.pl\/index.php?rest_route=\/wp\/v2\/types\/post"}],"author":[{"embeddable":true,"href":"https:\/\/swagh.agh.edu.pl\/index.php?rest_route=\/wp\/v2\/users\/1"}],"replies":[{"embeddable":true,"href":"https:\/\/swagh.agh.edu.pl\/index.php?rest_route=%2Fwp%2Fv2%2Fcomments&post=3743"}],"version-history":[{"count":1,"href":"https:\/\/swagh.agh.edu.pl\/index.php?rest_route=\/wp\/v2\/posts\/3743\/revisions"}],"predecessor-version":[{"id":3744,"href":"https:\/\/swagh.agh.edu.pl\/index.php?rest_route=\/wp\/v2\/posts\/3743\/revisions\/3744"}],"wp:featuredmedia":[{"embeddable":true,"href":"https:\/\/swagh.agh.edu.pl\/index.php?rest_route=\/wp\/v2\/media\/2861"}],"wp:attachment":[{"href":"https:\/\/swagh.agh.edu.pl\/index.php?rest_route=%2Fwp%2Fv2%2Fmedia&parent=3743"}],"wp:term":[{"taxonomy":"category","embeddable":true,"href":"https:\/\/swagh.agh.edu.pl\/index.php?rest_route=%2Fwp%2Fv2%2Fcategories&post=3743"},{"taxonomy":"post_tag","embeddable":true,"href":"https:\/\/swagh.agh.edu.pl\/index.php?rest_route=%2Fwp%2Fv2%2Ftags&post=3743"}],"curies":[{"name":"wp","href":"https:\/\/api.w.org\/{rel}","templated":true}]}}