{"id":3755,"date":"2020-09-29T08:04:59","date_gmt":"2020-09-29T08:04:59","guid":{"rendered":"http:\/\/galaxy.agh.edu.pl\/~swagh\/?p=3755"},"modified":"2020-09-29T08:19:07","modified_gmt":"2020-09-29T08:19:07","slug":"znamy-szczegolowy-scenariusz-inauguracji-roku-akademickiego-2020-2021-na-agh","status":"publish","type":"post","link":"https:\/\/swagh.agh.edu.pl\/?p=3755","title":{"rendered":"Znamy szczeg\u00f3\u0142owy scenariusz inauguracji roku akademickiego 2020\/2021 na AGH."},"content":{"rendered":"\n<p>Znamy szczeg\u00f3\u0142owy scenariusz inauguracji roku akademickiego 2020\/2021 na\nAGH.<\/p>\n\n\n\n<p><strong>5 pa\u017adziernika 2020 r. w <a href=\"http:\/\/agh.edu.pl\" target=\"_blank\" rel=\"noreferrer noopener\">Akademii G\u00f3rniczo-Hutniczej<\/a> odb\u0119dzie\nsi\u0119 uroczysta inauguracja roku akademickiego 2020\/2021.<\/strong> Z powodu sytuacji\nepidemicznej w tym roku nie odb\u0119dzie si\u0119 tradycyjny poch\u00f3d spo\u0142eczno\u015bci\nakademickiej AGH, a uroczyste posiedzenie Senatu b\u0119dzie mia\u0142o charakter\nzamkni\u0119ty zgodnie z wytycznymi G\u0142\u00f3wnego Inspektora Sanitarnego dotycz\u0105cymi\nzapobieganiu rozprzestrzeniania si\u0119 wirusa SARS-CoV-2. <\/p>\n\n\n\n<h4 class=\"wp-block-heading\">Program uroczysto\u015bci<\/h4>\n\n\n\n<p>9.00 \u2013 Inauguracyjna Msza \u015awi\u0119ta w Kolegiacie \u015bw. Anny <\/p>\n\n\n\n<p>11.00 \u2013 uroczyste posiedzenie Senatu<\/p>\n\n\n\n<ul class=\"wp-block-list\"><li><em>Gaude Mater Polonia<\/em>      w wykonaniu Zespo\u0142u Pie\u015bni i Ta\u0144ca AGH \u201eKrakus\u201d<\/li><li>Przem\u00f3wienie Rektora prof. dr. hab. Jerzego Lisa<\/li><li>Immatrykulacja student\u00f3w pierwszego roku<\/li><li><em>Gaudeamus igitur<\/em> w wykonaniu Zespo\u0142u Pie\u015bni i Ta\u0144ca AGH \u201eKrakus\u201d<\/li><li>Wyst\u0105pienie przedstawiciela student\u00f3w<\/li><li>Wr\u0119czenie nagr\u00f3d: im. Profesora W\u0142adys\u0142awa Takli\u0144skiego, im. Profesora Antoniego Rodziewicza-Bielewicza, im. Profesora Zbigniewa Engela<\/li><li>Wyk\u0142ad inauguracyjny dr. Philippe\u2019a De Brouwer<\/li><\/ul>\n\n\n\n<p><br> Transmisj\u0119 z uroczystego posiedzenia Senatu b\u0119dzie mo\u017cna obejrze\u0107 na stronie internetowej <a rel=\"noreferrer noopener\" href=\"http:\/\/www.agh.edu.pl\" target=\"_blank\">www.agh.edu.pl<\/a>.<\/p>\n","protected":false},"excerpt":{"rendered":"<p>Znamy szczeg\u00f3\u0142owy scenariusz inauguracji roku akademickiego 2020\/2021 na AGH. 5 pa\u017adziernika 2020 r. w Akademii G\u00f3rniczo-Hutniczej odb\u0119dzie si\u0119 uroczysta inauguracja roku akademickiego 2020\/2021. Z powodu sytuacji epidemicznej w tym roku nie odb\u0119dzie si\u0119 tradycyjny poch\u00f3d<\/p>\n","protected":false},"author":1,"featured_media":3756,"comment_status":"closed","ping_status":"open","sticky":false,"template":"","format":"standard","meta":{"footnotes":"","_links_to":"","_links_to_target":""},"categories":[1],"tags":[],"class_list":["post-3755","post","type-post","status-publish","format-standard","has-post-thumbnail","hentry","category-bez-kategorii"],"_links":{"self":[{"href":"https:\/\/swagh.agh.edu.pl\/index.php?rest_route=\/wp\/v2\/posts\/3755","targetHints":{"allow":["GET"]}}],"collection":[{"href":"https:\/\/swagh.agh.edu.pl\/index.php?rest_route=\/wp\/v2\/posts"}],"about":[{"href":"https:\/\/swagh.agh.edu.pl\/index.php?rest_route=\/wp\/v2\/types\/post"}],"author":[{"embeddable":true,"href":"https:\/\/swagh.agh.edu.pl\/index.php?rest_route=\/wp\/v2\/users\/1"}],"replies":[{"embeddable":true,"href":"https:\/\/swagh.agh.edu.pl\/index.php?rest_route=%2Fwp%2Fv2%2Fcomments&post=3755"}],"version-history":[{"count":2,"href":"https:\/\/swagh.agh.edu.pl\/index.php?rest_route=\/wp\/v2\/posts\/3755\/revisions"}],"predecessor-version":[{"id":3758,"href":"https:\/\/swagh.agh.edu.pl\/index.php?rest_route=\/wp\/v2\/posts\/3755\/revisions\/3758"}],"wp:featuredmedia":[{"embeddable":true,"href":"https:\/\/swagh.agh.edu.pl\/index.php?rest_route=\/wp\/v2\/media\/3756"}],"wp:attachment":[{"href":"https:\/\/swagh.agh.edu.pl\/index.php?rest_route=%2Fwp%2Fv2%2Fmedia&parent=3755"}],"wp:term":[{"taxonomy":"category","embeddable":true,"href":"https:\/\/swagh.agh.edu.pl\/index.php?rest_route=%2Fwp%2Fv2%2Fcategories&post=3755"},{"taxonomy":"post_tag","embeddable":true,"href":"https:\/\/swagh.agh.edu.pl\/index.php?rest_route=%2Fwp%2Fv2%2Ftags&post=3755"}],"curies":[{"name":"wp","href":"https:\/\/api.w.org\/{rel}","templated":true}]}}