{"id":3761,"date":"2020-10-06T09:53:17","date_gmt":"2020-10-06T09:53:17","guid":{"rendered":"http:\/\/galaxy.agh.edu.pl\/~swagh\/?p=3761"},"modified":"2020-10-06T09:59:25","modified_gmt":"2020-10-06T09:59:25","slug":"inauguracja-102-roku-akademickiego-w-agh","status":"publish","type":"post","link":"https:\/\/swagh.agh.edu.pl\/?p=3761","title":{"rendered":"Inauguracja 102.  roku akademickiego w AGH"},"content":{"rendered":"\n<p>Uroczysto\u015b\u0107 Inauguracji nowego roku akademickiego&nbsp; tradycyjnie odbywa\u0142a si\u0119 w AGH zawsze 4 pa\u017adziernika w dzie\u0144 imienin&nbsp; \u015bw. Franciszka z Asy\u017cu. <\/p>\n\n\n\n<p>W tym roku ze wzgl\u0119du na niedziel\u0119 w dn. 4.10.2020 r.&nbsp;&nbsp; uroczysto\u015b\u0107&nbsp;\nzosta\u0142a przeniesiona na poniedzia\u0142ek 5 pa\u017adziernika. Ze wzgl\u0119du na\npanuj\u0105cy w kraju stan epidemii&nbsp; Sars Cov\n-2 przebieg tej pi\u0119knej akademickiej celebracji mia\u0142 specyficzny charakter.\nProgram dnia zosta\u0142 w pe\u0142ni zachowany i zrealizowany. <\/p>\n\n\n\n<p>Tradycyjnie&nbsp; o godz.\n9.00 odby\u0142a si\u0119 w Kolegiacie \u015bw. Anny&nbsp;\nmsza \u015bw. inauguracyjna, gdzie koncelebrze przewodniczy\u0142 ks. prof.\nTadeusz Panu\u015b proboszcz tej akademickiej parafii. Ze wzgl\u0119du na pandemi\u0119\nfrekwencja w ko\u015bciele musia\u0142a by\u0107 mniejsza, tak aby zachowane by\u0142y wszystkie\nwarunki bezpiecze\u0144stwa.<\/p>\n\n\n\n<p>Witaj\u0105c serdecznie magnificencj\u0119 rektora&nbsp; prof. Jerzego Lisa przyby\u0142ych&nbsp; prorektor\u00f3w i&nbsp;dziekan\u00f3w&nbsp;&nbsp;&nbsp; oraz profesor\u00f3w i student\u00f3w, a tak\u017ce\npracownik\u00f3w&nbsp; administracji uczelni \u2013 ks.\nprof. Panu\u015b wyrazi\u0142 rado\u015b\u0107, \u017ce mimo specyficznie trudnej sytuacji sw\u00f3j\n102.&nbsp; rok akademicki AGH rozpoczyna\nliturgi\u0105 mszy \u015bw. przy konfesji \u015bw. Jana z Kent &#8211; patrona ludzi nauki.\nW&nbsp;wyg\u0142oszonej homilii, kt\u00f3r\u0105 potem JM Rektora nazwa\u0142 dojrza\u0142ym wyk\u0142adem\nakademickim \u2013 ks. Prof. Panu\u015b poruszy\u0142 trzy g\u0142\u00f3wne&nbsp; w\u0105tki wa\u017cne w procesie akademickiego\nkszta\u0142cenia.<\/p>\n\n\n\n<p><strong>W\u0105tek pierwszy<\/strong> &#8211; to potrzeba dobrej wsp\u00f3\u0142pracy w uczelni pomi\u0119dzy nawet\nnajbardziej skontrastowanymi \u015brodowiskami i spo\u0142eczno\u015bciami. Tu kaznodzieja &nbsp;poda\u0142&nbsp;\nza przyk\u0142ad \u015bw. Edyt\u0119 Stein (filozofa fenomenologa), \u017byd\u00f3wk\u0119 -najpierw zagorza\u0142\u0105\nateistk\u0119 \u2013 potem gorliw\u0105 katoliczk\u0119 i zakonnic\u0119, a na ko\u0144cu m\u0119czennice obozu Auschwitz-Birkenau,\n\u015bwi\u0119t\u0105 ko\u015bcio\u0142a katolickiego oraz jej wsp\u00f3\u0142pracownika filozofa (epistemologa)\nprof. Romana Ingardena, kt\u00f3rzy mimo tak odmiennych pogl\u0105d\u00f3w i \u017cyciowych dr\u00f3g, &nbsp;mieszkaj\u0105cych przewa\u017cnie z dala od siebie potrafili\nca\u0142e \u017cycie owocnie wsp\u00f3\u0142pracowa\u0107 koresponduj\u0105c ze sob\u0105 na najistotniejsze &nbsp;tematy w &nbsp;uprawianej przez siebie filozofii.&nbsp; <\/p>\n\n\n\n<p><strong>W\u0105tek drugi<\/strong> &#8211; to relacja mistrz i ucze\u0144 niezb\u0119dna w relacjach\nakademickich, r\u00f3wnie\u017c doskonale zobrazowana przyk\u0142adem wsp\u00f3\u0142pracy zakonnicy Edyty\nStein&nbsp; jako Uczennicy i Prof. Romana\nIngardena cenionego profesora Uniwersytetu Jagiello\u0144skiego jako Mistrza. <\/p>\n\n\n\n<p><strong>Trzeci w\u0105tek &nbsp;<\/strong>to w\u0105tek&nbsp; pokory w zdobywaniu wiedzy i prowadzeniu\nbada\u0144 naukowych, kt\u00f3rej si\u0119 trzeba uczy\u0107 od dzieci. Tak d\u0142ugo i z pokor\u0105 powtarza\u0107\nokre\u015blon\u0105 czynno\u015b\u0107, a\u017c si\u0119 jej nauczy perfekcyjnie. Dziecko potrafi to robi\u0107\nnajlepiej i nigdy nie narzeka, \u017ce musi si\u0119 uczy\u0107, je\u015b\u0107, chodzi\u0107, bawi\u0107 czy\nwykonywa\u0107 inne dzieci\u0119ce czynno\u015bci <\/p>\n\n\n\n<p><strong>Na zako\u0144czenie liturgii<\/strong> JM Rektor prof. Jerzy Lis&nbsp; podzi\u0119kowa\u0142 koncelebransom za wsp\u00f3ln\u0105 Eucharysti\u0119, za pi\u0119kn\u0105 homili\u0119 i z\u0142o\u017cone \u017cyczenia oraz wielokrotnie powtarzane zaproszenia do Kolegiaty \u015bw. Anny na wszystkie pozosta\u0142e akademickie uroczysto\u015bci w AGH jak Barb\u00f3rka, Dzie\u0144 Hutnika i Dzie\u0144 Nauk \u015acis\u0142ych czy Z\u0142ote Indeksy organizowane trzy razy w roku przez SW AGH. <\/p>\n\n\n\n<figure class=\"wp-block-gallery columns-2 is-cropped wp-block-gallery-1 is-layout-flex wp-block-gallery-is-layout-flex\"><ul class=\"blocks-gallery-grid\"><li class=\"blocks-gallery-item\"><figure><img loading=\"lazy\" decoding=\"async\" width=\"1024\" height=\"682\" src=\"http:\/\/galaxy.agh.edu.pl\/~swagh\/wp-content\/uploads\/2020\/10\/Inauguracja-msza-2-1024x682.jpg\" alt=\"\" data-id=\"3767\" data-full-url=\"http:\/\/galaxy.agh.edu.pl\/~swagh\/wp-content\/uploads\/2020\/10\/Inauguracja-msza-2-scaled.jpg\" data-link=\"http:\/\/galaxy.agh.edu.pl\/~swagh\/?attachment_id=3767\" class=\"wp-image-3767\" srcset=\"https:\/\/swagh.agh.edu.pl\/wp-content\/uploads\/2020\/10\/Inauguracja-msza-2-1024x682.jpg 1024w, https:\/\/swagh.agh.edu.pl\/wp-content\/uploads\/2020\/10\/Inauguracja-msza-2-300x200.jpg 300w, https:\/\/swagh.agh.edu.pl\/wp-content\/uploads\/2020\/10\/Inauguracja-msza-2-768x512.jpg 768w, https:\/\/swagh.agh.edu.pl\/wp-content\/uploads\/2020\/10\/Inauguracja-msza-2-1536x1023.jpg 1536w, https:\/\/swagh.agh.edu.pl\/wp-content\/uploads\/2020\/10\/Inauguracja-msza-2-2048x1364.jpg 2048w, https:\/\/swagh.agh.edu.pl\/wp-content\/uploads\/2020\/10\/Inauguracja-msza-2-420x280.jpg 420w\" sizes=\"auto, (max-width: 1024px) 100vw, 1024px\" \/><\/figure><\/li><li class=\"blocks-gallery-item\"><figure><img loading=\"lazy\" decoding=\"async\" width=\"1024\" height=\"682\" src=\"http:\/\/galaxy.agh.edu.pl\/~swagh\/wp-content\/uploads\/2020\/10\/Inauguracja-msza-3-1024x682.jpg\" alt=\"\" data-id=\"3765\" data-full-url=\"http:\/\/galaxy.agh.edu.pl\/~swagh\/wp-content\/uploads\/2020\/10\/Inauguracja-msza-3-scaled.jpg\" data-link=\"http:\/\/galaxy.agh.edu.pl\/~swagh\/?attachment_id=3765\" class=\"wp-image-3765\" srcset=\"https:\/\/swagh.agh.edu.pl\/wp-content\/uploads\/2020\/10\/Inauguracja-msza-3-1024x682.jpg 1024w, https:\/\/swagh.agh.edu.pl\/wp-content\/uploads\/2020\/10\/Inauguracja-msza-3-300x200.jpg 300w, https:\/\/swagh.agh.edu.pl\/wp-content\/uploads\/2020\/10\/Inauguracja-msza-3-768x512.jpg 768w, https:\/\/swagh.agh.edu.pl\/wp-content\/uploads\/2020\/10\/Inauguracja-msza-3-1536x1023.jpg 1536w, https:\/\/swagh.agh.edu.pl\/wp-content\/uploads\/2020\/10\/Inauguracja-msza-3-2048x1364.jpg 2048w, https:\/\/swagh.agh.edu.pl\/wp-content\/uploads\/2020\/10\/Inauguracja-msza-3-420x280.jpg 420w\" sizes=\"auto, (max-width: 1024px) 100vw, 1024px\" \/><\/figure><\/li><\/ul><\/figure>\n\n\n\n<p>O godz. 10.45&nbsp; przez\nuczelnie przemaszerowa\u0142 orszak akademicki z&nbsp;\nDziekanami, Prorektorami i JM Rektorem na czele prowadzony przez\nOrkiestr\u0119 Reprezentacyjn\u0105 AGH. <\/p>\n\n\n\n<p>O godz. 11.00 w Auli dby\u0142a si\u0119 tradycyjna inauguracja&nbsp; Jej osobliwo\u015bci\u0105 by\u0142y rozstawione\npandemicznie krzes\u0142a dla <strong>go\u015bci, maseczki\nna twarzach wszystkich uczestnik\u00f3w oraz wszechobecna ostro\u017cno\u015b\u0107 sanitarna. <\/strong><\/p>\n\n\n\n<p><strong>Pe\u0142na\nrelacja z uroczysto\u015bci otwarcia nowego roku akademickiego w AGH dost\u0119pna jest\npod adresem:<\/strong><\/p>\n\n\n\n<p><a href=\"https:\/\/www.agh.edu.pl\/aktualnosci\/info\/article\/agh-uroczyscie-rozpoczela-rok-akademicki-20202021\/\">https:\/\/www.agh.edu.pl\/aktualnosci\/info\/article\/agh-uroczyscie-rozpoczela-rok-akademicki-20202021\/<\/a><\/p>\n\n\n\n<p>Nowo\u015bci\u0105 tegorocznej inauguracji s\u0105 liczne \u017cyczenia video\nprzes\u0142ane przez rektor\u00f3w wielu uniwersytet\u00f3w z ca\u0142ego \u015bwiata. Wszystkie video-\u017cyczenia\nmo\u017cna zobaczy\u0107 r\u00f3wnie\u017c pod podanym wy\u017cej adresem.<\/p>\n","protected":false},"excerpt":{"rendered":"<p>Uroczysto\u015b\u0107 Inauguracji nowego roku akademickiego&nbsp; tradycyjnie odbywa\u0142a si\u0119 w AGH zawsze 4 pa\u017adziernika w dzie\u0144 imienin&nbsp; \u015bw. Franciszka z Asy\u017cu. W tym roku ze wzgl\u0119du na niedziel\u0119 w dn. 4.10.2020 r.&nbsp;&nbsp; uroczysto\u015b\u0107&nbsp; zosta\u0142a przeniesiona na<\/p>\n","protected":false},"author":1,"featured_media":3766,"comment_status":"closed","ping_status":"open","sticky":false,"template":"","format":"standard","meta":{"footnotes":"","_links_to":"","_links_to_target":""},"categories":[1],"tags":[],"class_list":["post-3761","post","type-post","status-publish","format-standard","has-post-thumbnail","hentry","category-bez-kategorii"],"_links":{"self":[{"href":"https:\/\/swagh.agh.edu.pl\/index.php?rest_route=\/wp\/v2\/posts\/3761","targetHints":{"allow":["GET"]}}],"collection":[{"href":"https:\/\/swagh.agh.edu.pl\/index.php?rest_route=\/wp\/v2\/posts"}],"about":[{"href":"https:\/\/swagh.agh.edu.pl\/index.php?rest_route=\/wp\/v2\/types\/post"}],"author":[{"embeddable":true,"href":"https:\/\/swagh.agh.edu.pl\/index.php?rest_route=\/wp\/v2\/users\/1"}],"replies":[{"embeddable":true,"href":"https:\/\/swagh.agh.edu.pl\/index.php?rest_route=%2Fwp%2Fv2%2Fcomments&post=3761"}],"version-history":[{"count":4,"href":"https:\/\/swagh.agh.edu.pl\/index.php?rest_route=\/wp\/v2\/posts\/3761\/revisions"}],"predecessor-version":[{"id":3770,"href":"https:\/\/swagh.agh.edu.pl\/index.php?rest_route=\/wp\/v2\/posts\/3761\/revisions\/3770"}],"wp:featuredmedia":[{"embeddable":true,"href":"https:\/\/swagh.agh.edu.pl\/index.php?rest_route=\/wp\/v2\/media\/3766"}],"wp:attachment":[{"href":"https:\/\/swagh.agh.edu.pl\/index.php?rest_route=%2Fwp%2Fv2%2Fmedia&parent=3761"}],"wp:term":[{"taxonomy":"category","embeddable":true,"href":"https:\/\/swagh.agh.edu.pl\/index.php?rest_route=%2Fwp%2Fv2%2Fcategories&post=3761"},{"taxonomy":"post_tag","embeddable":true,"href":"https:\/\/swagh.agh.edu.pl\/index.php?rest_route=%2Fwp%2Fv2%2Ftags&post=3761"}],"curies":[{"name":"wp","href":"https:\/\/api.w.org\/{rel}","templated":true}]}}