{"id":3919,"date":"2020-10-29T11:31:01","date_gmt":"2020-10-29T11:31:01","guid":{"rendered":"http:\/\/galaxy.agh.edu.pl\/~swagh\/?p=3919"},"modified":"2020-10-29T11:31:03","modified_gmt":"2020-10-29T11:31:03","slug":"swieto-zmarlych-2020","status":"publish","type":"post","link":"https:\/\/swagh.agh.edu.pl\/?p=3919","title":{"rendered":"\u015aWI\u0118TO ZMAR\u0141YCH 2020"},"content":{"rendered":"\n<p><strong>Kazimierz Przerwa -Tetmajer &nbsp;<em>napisa\u0142:<\/em><\/strong><\/p>\n\n\n\n<p class=\"has-text-align-center\"><em>Pami\u0119\u0107 \u2014 to cmentarz: uczucia prze\u017cyte<\/em><\/p>\n\n\n\n<p class=\"has-text-align-center\"><em>Cz\u0142owiek w niej sk\u0142ada na wieczny spoczynek,<\/em><\/p>\n\n\n\n<p class=\"has-text-align-center\"><em>Na grobach sieje kwiat niezapominek,<\/em><\/p>\n\n\n\n<p class=\"has-text-align-center\"><em>Z napisem rytym k\u0142adzie na nich p\u0142yt\u0119<\/em><\/p>\n\n\n\n<p class=\"has-text-align-center\"><em>I krzy\u017ce wznosi wyciosane z drzewa,<\/em><\/p>\n\n\n\n<p class=\"has-text-align-center\"><em>Albo je w br\u0105zie lub z\u0142ocie odlewa\u2026&#8230;<\/em><\/p>\n\n\n\n<p class=\"has-text-align-center\"><em>i dalej <\/em><\/p>\n\n\n\n<p class=\"has-text-align-center\"><em>Na grobie pi\u0119knej, niegdy\u015b \u017cywej chwili,<\/em><\/p>\n\n\n\n<p class=\"has-text-align-center\"><em>Ze z\u0142o\u017conymi na piersiach r\u0119koma,<\/em><\/p>\n\n\n\n<p class=\"has-text-align-center\"><em>D\u0142ugo my\u015bl, stoj\u0105c cicha, nieruchoma,<\/em><\/p>\n\n\n\n<p class=\"has-text-align-center\"><em>W smutnej zadumie skro\u0144 ku ziemi chyli,<\/em><\/p>\n\n\n\n<p class=\"has-text-align-center\"><em>I przez \u0142zy patrzy na krzy\u017c szczeroz\u0142oty,<\/em><\/p>\n\n\n\n<p class=\"has-text-align-center\"><em>Pe\u0142na dozgonnej, bezbrze\u017cnej t\u0119sknoty\u2026<\/em><\/p>\n\n\n\n<p>We wst\u0119pie do&nbsp; drugiego&nbsp; zeszytu&nbsp; NON OMNIS MORIAR&nbsp; (2019) \u2013po\u015bwi\u0119conego&nbsp; sylwetkom i miejscom wiecznego spoczynku naszych Profesor\u00f3w, JM rektor Tadeusz S\u0142omka napisa\u0142: <\/p>\n\n\n\n<p>&#8222;<em>(&#8230; ) W naszej tradycji listopad jest okresem, kiedy w spos\u00f3b szczeg\u00f3lny oddajemy cze\u015b\u0107 i \u015bwiadectwo pami\u0119ci zmar\u0142ym. Czynimy to przede wszystkim w naszych rodzinach, ale stajemy tak\u017ce nad mogi\u0142ami tych, kt\u00f3rzy swe \u017cycie zwi\u0105zali z nasz\u0105 uczelni\u0105, kt\u00f3rzy przed nami kreowali jej wizerunek i dbali o jej rozw\u00f3j&#8221;. <\/em><\/p>\n\n\n\n<figure class=\"wp-block-image size-large\"><img loading=\"lazy\" decoding=\"async\" width=\"1024\" height=\"682\" src=\"http:\/\/galaxy.agh.edu.pl\/~swagh\/wp-content\/uploads\/2020\/10\/DSC2963-1024x682.jpg\" alt=\"\" class=\"wp-image-3920\" srcset=\"https:\/\/swagh.agh.edu.pl\/wp-content\/uploads\/2020\/10\/DSC2963-1024x682.jpg 1024w, https:\/\/swagh.agh.edu.pl\/wp-content\/uploads\/2020\/10\/DSC2963-300x200.jpg 300w, https:\/\/swagh.agh.edu.pl\/wp-content\/uploads\/2020\/10\/DSC2963-768x512.jpg 768w, https:\/\/swagh.agh.edu.pl\/wp-content\/uploads\/2020\/10\/DSC2963-1536x1023.jpg 1536w, https:\/\/swagh.agh.edu.pl\/wp-content\/uploads\/2020\/10\/DSC2963-2048x1364.jpg 2048w, https:\/\/swagh.agh.edu.pl\/wp-content\/uploads\/2020\/10\/DSC2963-420x280.jpg 420w\" sizes=\"auto, (max-width: 1024px) 100vw, 1024px\" \/><\/figure>\n\n\n\n<p>W\u0142a\u015bnie\nnadchodzi ten dzie\u0144, kiedy w spos\u00f3b szczeg\u00f3lny chcemy wspomnie\u0107 zmar\u0142ych,\ntak&nbsp; naszych bliskich, jak te\u017c tych \u2013 jak\npisa\u0142 pan rektor Tadeusz S\u0142omka \u2013 kt\u00f3rzy tworzyli i przez lata rozwijali nasz\u0105\nuczelni\u0119.&nbsp; Na samym Cmentarzu Rakowickim,\nnajstarszej krakowskiej nekropolii, spoczywa oko\u0142o 500 profesor\u00f3w AGH. Podobnie\njest na innych cmentarzach Krakowa i cmentarzach licznych podkrakowskich\nparafii jak cho\u0107by cmentarz w Rz\u0105sce gdzie w roku 2011 spocz\u0105\u0142 rektor&nbsp; prof. Henryk Filcek. W roku 2020 po\u017cegnali\u015bmy\nr\u00f3wnie\u017c dwukrotnego rektora prof. Romana Neya\n\u2013 pochowany zosta\u0142 &nbsp;na cmentarzu\nRakowickim.&nbsp; <\/p>\n\n\n\n<p>Bie\u017c\u0105cy rok jest ca\u0142kowicie odmienny od lat poprzednich. Pandemia Covid 19 zmieni\u0142a wszystko. Praktycznie na wiosn\u0119 nie by\u0142o \u015bwi\u0105t Wielkanocnych, letnie wakacje odby\u0142y si\u0119 ca\u0142kowicie nietypowo, a jesie\u0144 niesie nowe niepokoj\u0105ce zjawiska. Bliscy odchodz\u0105 \u2013 bo takie jest prawo \u017cycia, ale odchodzenie w czasie pandemii naznaczone jest innym b\u00f3lem \u2013 b\u00f3lem odchodzenia w samotno\u015bci. <strong><em>Szpitale nie dopuszczaj\u0105 do umieraj\u0105cych nawet najbli\u017cszych, zatem wiele rozsta\u0144 odbywa si\u0119 bez tak potrzebnych w tym momencie s\u0142\u00f3w: przepraszamy, dzi\u0119kujemy, wybaczamy.&nbsp; <\/em><\/strong><\/p>\n\n\n\n<p>Jak apeluj\u0105&nbsp; w\u0142adze pa\u0144stwowe, w\u0142adze sanitarne, lekarze oraz w\u0142adze AGH \u2013 w tym roku \u015bwi\u0119to zmar\u0142ych musi by\u0107 inne ni\u017c zwykle. Jak ka\u017cdego roku nawo\u0142ywali\u015bmy do licznego odwiedzania grob\u00f3w naszych zmar\u0142ych profesor\u00f3w, tak w tym roku zalecamy pozostanie w domach, a rekompensat\u0105 dla pami\u0119ci o zmar\u0142ych niech b\u0119dzie domowa modlitwa, czy inna forma ich wspomnienia. <br> Pomog\u0105 w tym pa\u0144stwu wydane przez Stowarzyszenia Wychowank\u00f3w &nbsp;broszury z serii<a href=\"http:\/\/galaxy.agh.edu.pl\/~swagh\/pdf\/publikacje\/2019_groby_profesorow_sw_agh.pdf\"> NON OMNIS MORIAR<\/a>&nbsp; dost\u0119pne w wersji elektronicznej na naszej stronie internetowej pod adresem <a href=\"http:\/\/galaxy.agh.edu.pl\/~swagh\/\">Stowarzyszenie Wychowank\u00f3w AGH<\/a> w zak\u0142adce <strong><a href=\"http:\/\/galaxy.agh.edu.pl\/~swagh\/?page_id=159\">INICJATYWY &gt; PUBLIKACJE.<\/a><\/strong><\/p>\n\n\n\n<p>\u017bycz\u0105c wszystkim Wychowankom du\u017co zdrowia\nwr\u00f3\u0107my do pocz\u0105tku tej wiadomo\u015bci i s\u0142\u00f3w:<\/p>\n\n\n\n<p><em>(&nbsp;&nbsp; ) Pami\u0119\u0107 \u2014\nto cmentarz: uczucia prze\u017cyte\u2026\u2026<\/em><\/p>\n\n\n\n<p><em>Zachowajmy w pami\u0119ci tych, kt\u00f3rzy nas poprzedzili&nbsp; w odwiecznej pokole\u0144 pielgrzymce!<\/em><\/p>\n\n\n\n<p><strong><em>Niech\nodpoczywaj\u0105 w Pokoju !<\/em><\/strong><\/p>\n\n\n\n<p><em>Piotr Czaja <br> Przewodnicz\u0105cy SW AGH<\/em><\/p>\n\n\n\n<figure class=\"wp-block-image size-large\"><img loading=\"lazy\" decoding=\"async\" width=\"682\" height=\"1024\" src=\"http:\/\/galaxy.agh.edu.pl\/~swagh\/wp-content\/uploads\/2020\/10\/Odlanicki_Poczobut_Michal__3072-682x1024.jpg\" alt=\"\" class=\"wp-image-3921\" srcset=\"https:\/\/swagh.agh.edu.pl\/wp-content\/uploads\/2020\/10\/Odlanicki_Poczobut_Michal__3072-682x1024.jpg 682w, https:\/\/swagh.agh.edu.pl\/wp-content\/uploads\/2020\/10\/Odlanicki_Poczobut_Michal__3072-200x300.jpg 200w, https:\/\/swagh.agh.edu.pl\/wp-content\/uploads\/2020\/10\/Odlanicki_Poczobut_Michal__3072-768x1154.jpg 768w, https:\/\/swagh.agh.edu.pl\/wp-content\/uploads\/2020\/10\/Odlanicki_Poczobut_Michal__3072-1022x1536.jpg 1022w, https:\/\/swagh.agh.edu.pl\/wp-content\/uploads\/2020\/10\/Odlanicki_Poczobut_Michal__3072-1363x2048.jpg 1363w, https:\/\/swagh.agh.edu.pl\/wp-content\/uploads\/2020\/10\/Odlanicki_Poczobut_Michal__3072.jpg 1523w\" sizes=\"auto, (max-width: 682px) 100vw, 682px\" \/><\/figure>\n","protected":false},"excerpt":{"rendered":"<p>Kazimierz Przerwa -Tetmajer &nbsp;napisa\u0142: Pami\u0119\u0107 \u2014 to cmentarz: uczucia prze\u017cyte Cz\u0142owiek w niej sk\u0142ada na wieczny spoczynek, Na grobach sieje kwiat niezapominek, Z napisem rytym k\u0142adzie na nich p\u0142yt\u0119 I krzy\u017ce wznosi wyciosane z drzewa,<\/p>\n","protected":false},"author":1,"featured_media":3922,"comment_status":"closed","ping_status":"open","sticky":false,"template":"","format":"standard","meta":{"footnotes":"","_links_to":"","_links_to_target":""},"categories":[1],"tags":[],"class_list":["post-3919","post","type-post","status-publish","format-standard","has-post-thumbnail","hentry","category-bez-kategorii"],"_links":{"self":[{"href":"https:\/\/swagh.agh.edu.pl\/index.php?rest_route=\/wp\/v2\/posts\/3919","targetHints":{"allow":["GET"]}}],"collection":[{"href":"https:\/\/swagh.agh.edu.pl\/index.php?rest_route=\/wp\/v2\/posts"}],"about":[{"href":"https:\/\/swagh.agh.edu.pl\/index.php?rest_route=\/wp\/v2\/types\/post"}],"author":[{"embeddable":true,"href":"https:\/\/swagh.agh.edu.pl\/index.php?rest_route=\/wp\/v2\/users\/1"}],"replies":[{"embeddable":true,"href":"https:\/\/swagh.agh.edu.pl\/index.php?rest_route=%2Fwp%2Fv2%2Fcomments&post=3919"}],"version-history":[{"count":3,"href":"https:\/\/swagh.agh.edu.pl\/index.php?rest_route=\/wp\/v2\/posts\/3919\/revisions"}],"predecessor-version":[{"id":3925,"href":"https:\/\/swagh.agh.edu.pl\/index.php?rest_route=\/wp\/v2\/posts\/3919\/revisions\/3925"}],"wp:featuredmedia":[{"embeddable":true,"href":"https:\/\/swagh.agh.edu.pl\/index.php?rest_route=\/wp\/v2\/media\/3922"}],"wp:attachment":[{"href":"https:\/\/swagh.agh.edu.pl\/index.php?rest_route=%2Fwp%2Fv2%2Fmedia&parent=3919"}],"wp:term":[{"taxonomy":"category","embeddable":true,"href":"https:\/\/swagh.agh.edu.pl\/index.php?rest_route=%2Fwp%2Fv2%2Fcategories&post=3919"},{"taxonomy":"post_tag","embeddable":true,"href":"https:\/\/swagh.agh.edu.pl\/index.php?rest_route=%2Fwp%2Fv2%2Ftags&post=3919"}],"curies":[{"name":"wp","href":"https:\/\/api.w.org\/{rel}","templated":true}]}}