{"id":3985,"date":"2020-12-29T18:12:29","date_gmt":"2020-12-29T18:12:29","guid":{"rendered":"http:\/\/galaxy.agh.edu.pl\/~swagh\/?p=3985"},"modified":"2020-12-29T18:12:31","modified_gmt":"2020-12-29T18:12:31","slug":"ostatnie-pozegnanie-krzysztofa","status":"publish","type":"post","link":"https:\/\/swagh.agh.edu.pl\/?p=3985","title":{"rendered":"Ostatnie po\u017cegnanie Krzysztofa"},"content":{"rendered":"\n<p>Ostatnie po\u017cegnanie osoby bliskiej jest z regu\u0142y organizowane przez\ncz\u0142onk\u00f3w najbli\u017cszej rodziny. W przypadku Krzysztofa zdarzy\u0142o si\u0119 co\u015b rzadko\nspotykanego. Cz\u0142onek wspania\u0142ego rocznika Wydzia\u0142u G\u00f3rniczego zwanego &nbsp;\u201eRocznik \u201873\u201d i wieloletni pracownik AGH od 35\nlat, po \u015bmierci rodzic\u00f3w w roku 1982 i 1985&nbsp;\nby\u0142 kompletnie samotny. Przez wszystkie te lata mieszka\u0142 samotnie i\ntylko od czasu do czasu by\u0142 odwiedzany przez kole\u017canki i koleg\u00f3w z grupy\nstudenckiej specjalno\u015bci Przer\u00f3bka Mechaniczna Kopalin. Opr\u00f3cz samotno\u015bci\nKrzysztof cierpia\u0142 na wiele schorze\u0144, w\u0142\u0105cznie z chorob\u0105 nowotworow\u0105. W\nostatnim czasie kiedy zacz\u0105\u0142 niedomaga\u0107 opiek\u0119 nad nim sprawowa\u0142 Miejski\nO\u015brodek Pomocy Spo\u0142ecznej w Krakowie. Wspierany by\u0142 te\u017c przez Pe\u0142nomocnika\nRektora AGH ds. Senior\u00f3w oraz Stowarzyszenie Wychowank\u00f3w AGH &nbsp;\u2013 sekcj\u0119 \u201eAkcja Zapom\u00f3g\u201d. <\/p>\n\n\n\n<p>B\u0119d\u0105c ju\u017c na emeryturze od 6 lat, ostanie dni \u017cycia Krzysztof sp\u0119dzi\u0142 w szpitalu, a potem w hospicjum, gdzie zmar\u0142 w dniu 11 grudnia 2020 roku.<\/p>\n\n\n\n<p>W Stowarzyszeniu Wychowank\u00f3w wiedzieli\u015bmy o jego samotno\u015bci. Nie mogli\u015bmy dopu\u015bci\u0107, aby wieloletni pracownik AGH musia\u0142 by\u0107 pochowany przez O\u015brodek Pomocy Spo\u0142ecznej jako osoba kompletnie zapomniana i opuszczona przez swoich bliskich i \u015brodowisko. Wsp\u00f3lnie z kierownictwem Katedry \u00a0Elektrotechniki i Elektroenergetyki oraz Pe\u0142nomocnikiem Rektora ds. Senior\u00f3w, podj\u0119li\u015bmy decyzj\u0119 o zaj\u0119ciu si\u0119 przygotowaniami i sfinansowaniu Jego ceremonii pogrzebowej. Z nieocenion\u0105 kole\u017ce\u0144sk\u0105 pomoc\u0105 finansow\u0105 pospieszyli kole\u017canki i koledzy z \u201eRocznika \u201873\u201d: Longin Bokwa, Celina i Krzysztof Chobotowie, Marek Stanek oraz\u00a0 Maria i Piotr Czajowie, kt\u00f3rzy sk\u0142adaj\u0105c stosowne darowizny umo\u017cliwili Stowarzyszeniu Wychowank\u00f3w AGH podj\u0119cie si\u0119 organizacji pogrzebu. Dzi\u0119ki tej inicjatywie Stowarzyszenie mog\u0142o op\u0142aci\u0107 wszystkie koszty pogrzebu w tym tak\u017ce przed\u0142u\u017cenie op\u0142aty cmentarnej na Cmentarzu Rakowickim dla grobu, w kt\u00f3rym pochowani zostali przed 35 laty rodzice Krzysztofa. <\/p>\n\n\n\n<figure class=\"wp-block-gallery columns-2 is-cropped wp-block-gallery-1 is-layout-flex wp-block-gallery-is-layout-flex\"><ul class=\"blocks-gallery-grid\"><li class=\"blocks-gallery-item\"><figure><img loading=\"lazy\" decoding=\"async\" width=\"768\" height=\"1024\" src=\"http:\/\/galaxy.agh.edu.pl\/~swagh\/wp-content\/uploads\/2020\/12\/IMG_08471-768x1024.jpg\" alt=\"\" data-id=\"3988\" data-full-url=\"http:\/\/galaxy.agh.edu.pl\/~swagh\/wp-content\/uploads\/2020\/12\/IMG_08471-scaled.jpg\" data-link=\"http:\/\/galaxy.agh.edu.pl\/~swagh\/?attachment_id=3988\" class=\"wp-image-3988\" srcset=\"https:\/\/swagh.agh.edu.pl\/wp-content\/uploads\/2020\/12\/IMG_08471-768x1024.jpg 768w, https:\/\/swagh.agh.edu.pl\/wp-content\/uploads\/2020\/12\/IMG_08471-225x300.jpg 225w, https:\/\/swagh.agh.edu.pl\/wp-content\/uploads\/2020\/12\/IMG_08471-1152x1536.jpg 1152w, https:\/\/swagh.agh.edu.pl\/wp-content\/uploads\/2020\/12\/IMG_08471-1536x2048.jpg 1536w, https:\/\/swagh.agh.edu.pl\/wp-content\/uploads\/2020\/12\/IMG_08471-scaled.jpg 1920w\" sizes=\"auto, (max-width: 768px) 100vw, 768px\" \/><\/figure><\/li><li class=\"blocks-gallery-item\"><figure><img loading=\"lazy\" decoding=\"async\" width=\"768\" height=\"1024\" src=\"http:\/\/galaxy.agh.edu.pl\/~swagh\/wp-content\/uploads\/2020\/12\/IMG_08411-768x1024.jpg\" alt=\"\" data-id=\"3986\" data-full-url=\"http:\/\/galaxy.agh.edu.pl\/~swagh\/wp-content\/uploads\/2020\/12\/IMG_08411-scaled.jpg\" data-link=\"http:\/\/galaxy.agh.edu.pl\/~swagh\/?attachment_id=3986\" class=\"wp-image-3986\" srcset=\"https:\/\/swagh.agh.edu.pl\/wp-content\/uploads\/2020\/12\/IMG_08411-768x1024.jpg 768w, https:\/\/swagh.agh.edu.pl\/wp-content\/uploads\/2020\/12\/IMG_08411-225x300.jpg 225w, https:\/\/swagh.agh.edu.pl\/wp-content\/uploads\/2020\/12\/IMG_08411-1152x1536.jpg 1152w, https:\/\/swagh.agh.edu.pl\/wp-content\/uploads\/2020\/12\/IMG_08411-1536x2048.jpg 1536w, https:\/\/swagh.agh.edu.pl\/wp-content\/uploads\/2020\/12\/IMG_08411-scaled.jpg 1920w\" sizes=\"auto, (max-width: 768px) 100vw, 768px\" \/><\/figure><\/li><\/ul><\/figure>\n\n\n\n<p>W dniu 28 grudnia na Cmentarzu Rakowickim odby\u0142 si\u0119 katolicki pogrzeb Krzysztofa. Spocz\u0105\u0142 w mogile swoich rodzic\u00f3w. W ceremonii uczestniczyli mi\u0119dzy innymi dawni Jego wsp\u00f3\u0142pracownicy z\u00a0Katedry Elektrotechniki i Elektroenergetyki AGH z Kierownikiem katedry prof. Paw\u0142em Zydroniem na czele oraz by\u0142ym prorektorem i wieloletnim Dziekanem Wydzia\u0142u Elektrotechniki, Automatyki, Informatyki i In\u017cynierii Biomedycznej prof. Antonim Cie\u015bl\u0105. Byli obecni s\u0105siedzi z jego bloku, przedstawicielka O\u015brodka Pomocy Spo\u0142ecznej i kole\u017canki i koledzy z \u201eRocznika \u201873\u201d. Nad \u015bwie\u017co uformowan\u0105 mogi\u0142\u0105, Krzysztofa po\u017cegna\u0142 prof. Piotr Czaja \u2013 przewodnicz\u0105cy Stowarzyszenia Wychowank\u00f3w, zwracaj\u0105c uwag\u0119 na jego ciche i spokojne oraz uczynne wzgl\u0119dem bliskich \u017cycie. \u017begnaj\u0105cy podzi\u0119kowa\u0142 wszystkim, kt\u00f3rzy przybyli na uroczysto\u015b\u0107 pogrzebow\u0105, ale s\u0142owa szczeg\u00f3lnej wdzi\u0119czno\u015bci skierowa\u0142 g\u0142\u00f3wnie do os\u00f3b, kt\u00f3re by\u0142y obecne w \u017cyciu Krzysztofa zar\u00f3wno w pracy, jak r\u00f3wnie\u017c w \u017cyciu prywatnym, zw\u0142aszcza w ostatnim jego etapie. <\/p>\n\n\n\n<p><strong>Krzysztofie drogi Twoja ziemska\nw\u0119dr\u00f3wka dobieg\u0142a ko\u0144ca. \u017begnaj i odpoczywaj w pokoju!<\/strong><\/p>\n\n\n\n<p>Wydarzenie to przejdzie do historii SW AGH, bo by\u0142o pierwszym przypadkiem, kiedy pogrzeb osoby samotnej organizowa\u0142o Stowarzyszenie. Fakt ten jest niew\u0105tpliwie dowodem na to, \u017ce najpe\u0142niejsz\u0105 i najszlachetniejsz\u0105 form\u0105 troski SW AGH\u00a0 o swoich Absolwent\u00f3w, jest pomaganie potrzebuj\u0105cym, tak \u017cywym jak i zmar\u0142ym, co by\u0142o g\u0142\u00f3wnym \u00a0impulsem Jego powstania przed 75 laty. <\/p>\n\n\n\n<p>I jest to\nchyba ostatnia wiadomo\u015b\u0107 zapisana na kartach historii SW AGH w roku 2020, tak\nbole\u015bnie naznaczonym koszmarem pandemii koronawirusa SARS Cov-2 i choroby COVID\n19. <\/p>\n\n\n\n<p>Id\u017amy z nadziej\u0105\nw rok 2021 \u2013 \u017ce b\u0119dzie pod tym wzgl\u0119dem lepszy.&nbsp;&nbsp;&nbsp;&nbsp;&nbsp;&nbsp;&nbsp; <\/p>\n","protected":false},"excerpt":{"rendered":"<p>Ostatnie po\u017cegnanie osoby bliskiej jest z regu\u0142y organizowane przez cz\u0142onk\u00f3w najbli\u017cszej rodziny. W przypadku Krzysztofa zdarzy\u0142o si\u0119 co\u015b rzadko spotykanego. Cz\u0142onek wspania\u0142ego rocznika Wydzia\u0142u G\u00f3rniczego zwanego &nbsp;\u201eRocznik \u201873\u201d i wieloletni pracownik AGH od 35 lat,<\/p>\n","protected":false},"author":1,"featured_media":0,"comment_status":"closed","ping_status":"open","sticky":false,"template":"","format":"standard","meta":{"footnotes":"","_links_to":"","_links_to_target":""},"categories":[1],"tags":[],"class_list":["post-3985","post","type-post","status-publish","format-standard","hentry","category-bez-kategorii"],"_links":{"self":[{"href":"https:\/\/swagh.agh.edu.pl\/index.php?rest_route=\/wp\/v2\/posts\/3985","targetHints":{"allow":["GET"]}}],"collection":[{"href":"https:\/\/swagh.agh.edu.pl\/index.php?rest_route=\/wp\/v2\/posts"}],"about":[{"href":"https:\/\/swagh.agh.edu.pl\/index.php?rest_route=\/wp\/v2\/types\/post"}],"author":[{"embeddable":true,"href":"https:\/\/swagh.agh.edu.pl\/index.php?rest_route=\/wp\/v2\/users\/1"}],"replies":[{"embeddable":true,"href":"https:\/\/swagh.agh.edu.pl\/index.php?rest_route=%2Fwp%2Fv2%2Fcomments&post=3985"}],"version-history":[{"count":2,"href":"https:\/\/swagh.agh.edu.pl\/index.php?rest_route=\/wp\/v2\/posts\/3985\/revisions"}],"predecessor-version":[{"id":3990,"href":"https:\/\/swagh.agh.edu.pl\/index.php?rest_route=\/wp\/v2\/posts\/3985\/revisions\/3990"}],"wp:attachment":[{"href":"https:\/\/swagh.agh.edu.pl\/index.php?rest_route=%2Fwp%2Fv2%2Fmedia&parent=3985"}],"wp:term":[{"taxonomy":"category","embeddable":true,"href":"https:\/\/swagh.agh.edu.pl\/index.php?rest_route=%2Fwp%2Fv2%2Fcategories&post=3985"},{"taxonomy":"post_tag","embeddable":true,"href":"https:\/\/swagh.agh.edu.pl\/index.php?rest_route=%2Fwp%2Fv2%2Ftags&post=3985"}],"curies":[{"name":"wp","href":"https:\/\/api.w.org\/{rel}","templated":true}]}}