{"id":4136,"date":"2021-04-07T10:37:45","date_gmt":"2021-04-07T10:37:45","guid":{"rendered":"http:\/\/galaxy.agh.edu.pl\/~swagh\/?p=4136"},"modified":"2021-04-07T10:37:46","modified_gmt":"2021-04-07T10:37:46","slug":"ostatnie-pozegnanie-urszuli-kaluzy-absolwentki-agh-z-roku-1985-wydzialu-metalurgicznego","status":"publish","type":"post","link":"https:\/\/swagh.agh.edu.pl\/?p=4136","title":{"rendered":"Ostatnie po\u017cegnanie Urszuli Ka\u0142u\u017cy  Absolwentki AGH z roku 1985 Wydzia\u0142u Metalurgicznego."},"content":{"rendered":"\n<p>Urszula Ka\u0142u\u017ca z domu\nZugaj urodzi\u0142a si\u0119 w dniu 3 listopada 1959 roku, zmar\u0142a 30 marca 2021 roku,\nprze\u017cywszy 62 lata. Uko\u0144czy\u0142a szko\u0142\u0119 \u015bredni\u0105 Liceum im. Joachima Chreptowicza w\nOstrowcu \u015aw. oraz dwuletnie pomaturalne studium ogrodnicze w Ba\u0142towie. Nast\u0119pnie\npodj\u0119\u0142a studia w Akademii G\u00f3rniczo-Hutniczej w Krakowie na Wydziale\nMetalurgicznym. Tu pozna\u0142a swojego przysz\u0142ego m\u0119\u017ca Tomasza Ka\u0142u\u017c\u0119, r\u00f3wnie\u017c\nstudenta tego wydzia\u0142u. W roku 1982 zawarli zwi\u0105zek ma\u0142\u017ce\u0144ski. Z tej wielkiej\nmi\u0142o\u015bci na \u015bwiat przysz\u0142a c\u00f3rka Basia, kt\u00f3ra wychowywa\u0142a si\u0119 pocz\u0105tkowo ze\nstudentami w akademiku. By\u0142a dzieckiem roku w\u015br\u00f3d przysz\u0142ych in\u017cynier\u00f3w\nhutnik\u00f3w. Urszula uko\u0144czy\u0142a studia w roku 1985 uzyskuj\u0105c tytu\u0142 magistra\nin\u017cyniera gospodarki cieplnej. Po uko\u0144czeniu studi\u00f3w na \u015bwiat przyszed\u0142 &nbsp;syn Grzegorz. Ula by\u0142a wspania\u0142\u0105 \u017con\u0105 matk\u0105 i\nbabci\u0105. Wsp\u00f3lnie z Tomkiem dbali o wychowanie dzieci i ich solidne\nwykszta\u0142cenie, a przy pomocy rodzic\u00f3w wybudowali dom.&nbsp; Basia \u015bladem rodzic\u00f3w uko\u0144czy\u0142a tak\u017ce\nAkademi\u0119 G\u00f3rniczo-Hutnicz\u0105, a Grze\u015b Politechnik\u0119 \u015awi\u0119tokrzysk\u0105. M\u0142odzi\nKa\u0142u\u017cowie po uko\u0144czeniu studi\u00f3w wst\u0105pili do Stowarzyszenia Wychowank\u00f3w AGH. Brali\nczynny udzia\u0142 w pracach Zarz\u0105du G\u0142\u00f3wnego Stowarzyszenia w Krakowie oraz w\nOstrowieckim Kole Terenowym SW AGH im. Prof. dr in\u017c. Wac\u0142awa R\u00f3\u017ca\u0144skiego. Dochowali\nsi\u0119 r\u00f3wnie\u017c trzech wspania\u0142ych wnucz\u0105t: dw\u00f3ch ch\u0142opc\u00f3w od Basi i dziewczynki od\nGrzesia. Ula by\u0142a dumna z rodziny i u\u0142o\u017cenia sobie \u017cycia przez dzieci. Mia\u0142a\nszacunek i uznanie w\u015br\u00f3d ca\u0142ej rodziny, s\u0105siad\u00f3w i znajomych. Ch\u0119tnie pomaga\u0142a\nludziom w potrzebie. <\/p>\n\n\n\n<p>Pami\u0119tam doskonale Jej\nudzia\u0142 w 29 Finale Wielkiej Orkiestry \u015awi\u0105tecznej Pomocy 31 stycznia 2021 r. Kiedy\npowiadomi\u0142em Ul\u0119, \u017ce nasze Ko\u0142o SW AGH zorganizowa\u0142o zbi\u00f3rk\u0119, bardzo szybko\nprzyjecha\u0142a z Tomkiem aby zasili\u0107 t\u0119 akcj\u0119. <\/p>\n\n\n\n<p>Ula szanuj\u0119 Ci\u0119 za to,\n\u017ce: <\/p>\n\n\n\n<ul class=\"wp-block-list\"><li>dzi\u0119ki swojej wyt\u0119\u017conej pracy zdoby\u0142a\u015b wspania\u0142e wykszta\u0142cenie,<\/li><li>wielk\u0105 mi\u0142o\u015bci\u0105 darzy\u0142a\u015b Tomka, swoje dzieci i wnuk\u00f3w,<\/li><li>zadba\u0142a\u015b o solidne wykszta\u0142cenie dzieci oraz pozytywne ukszta\u0142towanie ich charakter\u00f3w w stosunku do drugiego cz\u0142owieka,<\/li><li>umia\u0142a\u015b znale\u017a\u0107 czas mimo rozlicznych obowi\u0105zk\u00f3w na spotkanie z kole\u017cankami i kolegami, wychowankami AGH, tak w Ostrowcu, jak i w Krakowie,<\/li><li>potrafi\u0142a\u015b rozmawia\u0107, s\u0142ucha\u0107 i rozumie\u0107 swojego rozm\u00f3wc\u0119.<\/li><\/ul>\n\n\n\n<p>W tym miejscu pragn\u0119\nprzywo\u0142a\u0107 teksty utwor\u00f3w wykonywanych przez Edyt\u0119 Geppert i Hann\u0119 Banaszak:<\/p>\n\n\n\n<p>\u201eTy, Panie tyle czasu masz <\/p>\n\n\n\n<p>mieszkanie w\nchmurach i b\u0142\u0119kicie <\/p>\n\n\n\n<p>A ja na\ng\u0142owie mn\u00f3stwo spraw <\/p>\n\n\n\n<p>I na to\nwszystko jedno \u017cycie. <\/p>\n\n\n\n<p>A skoro\nwszystko lepiej wiesz <\/p>\n\n\n\n<p>Bo patrzysz\nna nas z lotu ptaka <\/p>\n\n\n\n<p>To powiedz\nczemu tak mi jest, <\/p>\n\n\n\n<p>\u017be czasem tylko\nsi\u0105\u015b\u0107 i p\u0142aka\u0107\u201d<\/p>\n\n\n\n<p>\u201ePanie wiem, \u017ce Ty\nwszystko mo\u017cesz, <\/p>\n\n\n\n<p>Ja wierz\u0119 w\nTw\u0105 moc i gest, <\/p>\n\n\n\n<p>Jak wierzy\n\u017co\u0142nierz zabity, <\/p>\n\n\n\n<p>\u017be w si\u00f3dmym\nniebie jest. <\/p>\n\n\n\n<p>Jak zmys\u0142\nka\u017cdy ch\u0142onie z wiar\u0105 <\/p>\n\n\n\n<p>Tw\u00f3j ledwie\ns\u0142yszalny g\u0142os, <\/p>\n\n\n\n<p>Jak wszyscy\nwierzymy w Ciebie, <\/p>\n\n\n\n<p>Nie wiedz\u0105c,\nco niesie los. <\/p>\n\n\n\n<p>Panie, M\u00f3j\nBo\u017ce jedyny, spraw, <\/p>\n\n\n\n<p>Dop\u00f3ki\nZiemia kr\u0119ci si\u0119, <\/p>\n\n\n\n<p>Zdumiona\nobrotem spraw, <\/p>\n\n\n\n<p>Dop\u00f3ki czasu\ni prochu <\/p>\n\n\n\n<p>Wci\u0105\u017c\njeszcze wystarcza jej, <\/p>\n\n\n\n<p>Daj ka\u017cdemu\npo trochu<\/p>\n\n\n\n<p>&nbsp;I mnie w opiece swej miej! <\/p>\n\n\n\n<p>Daj ka\u017cdemu\npo trochu <\/p>\n\n\n\n<p>I nas w\nopiece swej miej!\u201d<\/p>\n\n\n\n<p>Droga Ulu, \u017cegnam Ci\u0119 w imieniu ca\u0142ej spo\u0142eczno\u015bci \u00a0Wychowank\u00f3w AGH, to jest \u00a0Prezesa Stowarzyszenia Wychowank\u00f3w AGH\u00a0Prof. dr hab. in\u017c. Piotra Czai oraz kole\u017canek i koleg\u00f3w.<\/p>\n\n\n\n<p>Dzi\u0119kuj\u0119 Ci za to, \u017ce pozna\u0142em Ci\u0119\nna swojej drodze \u017cycia. <\/p>\n\n\n\n<p>Cze\u015b\u0107 Twojej pami\u0119ci.<\/p>\n\n\n\n<p><strong>\u017begnaj i\u00a0 spoczywaj \u00a0w pokoju.<\/strong><\/p>\n\n\n\n<p>\u017begna\u0142 Rzecznik Ko\u0142a SW AGH<\/p>\n\n\n\n<p>J\u00f3zef\nGrabowski<\/p>\n\n\n\n<p>Ostrowiec \u015awi\u0119tokrzyski, 6 kwietnia 2021r.<\/p>\n","protected":false},"excerpt":{"rendered":"<p>Urszula Ka\u0142u\u017ca z domu Zugaj urodzi\u0142a si\u0119 w dniu 3 listopada 1959 roku, zmar\u0142a 30 marca 2021 roku, prze\u017cywszy 62 lata. Uko\u0144czy\u0142a szko\u0142\u0119 \u015bredni\u0105 Liceum im. Joachima Chreptowicza w Ostrowcu \u015aw. oraz dwuletnie pomaturalne studium<\/p>\n","protected":false},"author":1,"featured_media":0,"comment_status":"closed","ping_status":"open","sticky":false,"template":"","format":"standard","meta":{"footnotes":"","_links_to":"","_links_to_target":""},"categories":[1],"tags":[],"class_list":["post-4136","post","type-post","status-publish","format-standard","hentry","category-bez-kategorii"],"_links":{"self":[{"href":"https:\/\/swagh.agh.edu.pl\/index.php?rest_route=\/wp\/v2\/posts\/4136","targetHints":{"allow":["GET"]}}],"collection":[{"href":"https:\/\/swagh.agh.edu.pl\/index.php?rest_route=\/wp\/v2\/posts"}],"about":[{"href":"https:\/\/swagh.agh.edu.pl\/index.php?rest_route=\/wp\/v2\/types\/post"}],"author":[{"embeddable":true,"href":"https:\/\/swagh.agh.edu.pl\/index.php?rest_route=\/wp\/v2\/users\/1"}],"replies":[{"embeddable":true,"href":"https:\/\/swagh.agh.edu.pl\/index.php?rest_route=%2Fwp%2Fv2%2Fcomments&post=4136"}],"version-history":[{"count":3,"href":"https:\/\/swagh.agh.edu.pl\/index.php?rest_route=\/wp\/v2\/posts\/4136\/revisions"}],"predecessor-version":[{"id":4139,"href":"https:\/\/swagh.agh.edu.pl\/index.php?rest_route=\/wp\/v2\/posts\/4136\/revisions\/4139"}],"wp:attachment":[{"href":"https:\/\/swagh.agh.edu.pl\/index.php?rest_route=%2Fwp%2Fv2%2Fmedia&parent=4136"}],"wp:term":[{"taxonomy":"category","embeddable":true,"href":"https:\/\/swagh.agh.edu.pl\/index.php?rest_route=%2Fwp%2Fv2%2Fcategories&post=4136"},{"taxonomy":"post_tag","embeddable":true,"href":"https:\/\/swagh.agh.edu.pl\/index.php?rest_route=%2Fwp%2Fv2%2Ftags&post=4136"}],"curies":[{"name":"wp","href":"https:\/\/api.w.org\/{rel}","templated":true}]}}