{"id":4204,"date":"2021-05-25T06:20:35","date_gmt":"2021-05-25T06:20:35","guid":{"rendered":"http:\/\/galaxy.agh.edu.pl\/~swagh\/?p=4204"},"modified":"2021-05-25T08:34:11","modified_gmt":"2021-05-25T08:34:11","slug":"odszedl-prof-wladyslaw-longa-pozegnanie-wielkiego-i-wspanialego-przywodcy","status":"publish","type":"post","link":"https:\/\/swagh.agh.edu.pl\/?p=4204","title":{"rendered":"Odszed\u0142 Prof. W\u0142adys\u0142aw Longa Po\u017cegnanie wielkiego i wspania\u0142ego przyw\u00f3dcy"},"content":{"rendered":"\n<p>\u015a.P. Prof. W\u0142adys\u0142aw Longa po\u015bwi\u0119ci\u0142 Akademii\nG\u00f3rniczo-Hutniczej ca\u0142e swoje zawodowe \u017cycie. Jego przygoda z AGH trwa\u0142a&nbsp; d\u0142ugie 70 lat. Odszed\u0142 w wieku 90 lat \u017cegnany\nuroczy\u015bcie na Cmentarzu Rakowickim w Krakowie. <\/p>\n\n\n\n<p>Uroczysto\u015b\u0107 pogrzebowa \u2013 mimo pandemii \u2013 zgromadzi\u0142a bardzo liczn\u0105 rzesz\u0119 Jego Wychowank\u00f3w od r\u00f3wie\u015bnik\u00f3w&nbsp; po kolejne dwa m\u0142odsze pokolenia jego student\u00f3w. <\/p>\n\n\n\n<figure class=\"wp-block-gallery columns-1 is-cropped wp-block-gallery-1 is-layout-flex wp-block-gallery-is-layout-flex\"><ul class=\"blocks-gallery-grid\"><li class=\"blocks-gallery-item\"><figure><img loading=\"lazy\" decoding=\"async\" width=\"1024\" height=\"684\" src=\"http:\/\/galaxy.agh.edu.pl\/~swagh\/wp-content\/uploads\/2021\/05\/Pogrzeb-Longa-1-1024x684.jpg\" alt=\"\" data-id=\"4207\" data-full-url=\"http:\/\/galaxy.agh.edu.pl\/~swagh\/wp-content\/uploads\/2021\/05\/Pogrzeb-Longa-1-scaled.jpg\" data-link=\"http:\/\/galaxy.agh.edu.pl\/~swagh\/?attachment_id=4207\" class=\"wp-image-4207\" srcset=\"https:\/\/swagh.agh.edu.pl\/wp-content\/uploads\/2021\/05\/Pogrzeb-Longa-1-1024x684.jpg 1024w, https:\/\/swagh.agh.edu.pl\/wp-content\/uploads\/2021\/05\/Pogrzeb-Longa-1-300x200.jpg 300w, https:\/\/swagh.agh.edu.pl\/wp-content\/uploads\/2021\/05\/Pogrzeb-Longa-1-768x513.jpg 768w, https:\/\/swagh.agh.edu.pl\/wp-content\/uploads\/2021\/05\/Pogrzeb-Longa-1-1536x1025.jpg 1536w, https:\/\/swagh.agh.edu.pl\/wp-content\/uploads\/2021\/05\/Pogrzeb-Longa-1-2048x1367.jpg 2048w, https:\/\/swagh.agh.edu.pl\/wp-content\/uploads\/2021\/05\/Pogrzeb-Longa-1-420x280.jpg 420w\" sizes=\"auto, (max-width: 1024px) 100vw, 1024px\" \/><\/figure><\/li><\/ul><figcaption class=\"blocks-gallery-caption\"><em>fot. Z. Sulima<\/em><\/figcaption><\/figure>\n\n\n\n<p>W imieniu Rektora AGH i w\u0142adz uczelni profesora W\u0142adys\u0142awa Long\u0119 po\u017cegna\u0142 jego student, pe\u0142ni\u0105cy obecnie funkcj\u0119 prorektora AGH prof. Rafa\u0142 Da\u0144ko. Podkre\u015blaj\u0105c fakt, \u017ce mia\u0142 szcz\u0119\u015bcie i&nbsp;honor bycia Jego studentem, prof. Da\u0144ko&nbsp; scharakteryzowa\u0142&nbsp; aktywno\u015b\u0107 prof. Longi w kierowaniu uczelni\u0105 przez pe\u0142nienie licznych funkcji w tym w latach 1969-1972&nbsp; funkcji prorektora&nbsp; oraz w latach 1972-1981&nbsp;&nbsp; funkcji Dziekana Wydzia\u0142u Odlewnictwa. <\/p>\n\n\n\n<figure class=\"wp-block-image size-large\"><img loading=\"lazy\" decoding=\"async\" width=\"1024\" height=\"684\" src=\"http:\/\/galaxy.agh.edu.pl\/~swagh\/wp-content\/uploads\/2021\/05\/Pogrzeb-Longa-2-1024x684.jpg\" alt=\"\" class=\"wp-image-4208\" srcset=\"https:\/\/swagh.agh.edu.pl\/wp-content\/uploads\/2021\/05\/Pogrzeb-Longa-2-1024x684.jpg 1024w, https:\/\/swagh.agh.edu.pl\/wp-content\/uploads\/2021\/05\/Pogrzeb-Longa-2-300x200.jpg 300w, https:\/\/swagh.agh.edu.pl\/wp-content\/uploads\/2021\/05\/Pogrzeb-Longa-2-768x513.jpg 768w, https:\/\/swagh.agh.edu.pl\/wp-content\/uploads\/2021\/05\/Pogrzeb-Longa-2-1536x1025.jpg 1536w, https:\/\/swagh.agh.edu.pl\/wp-content\/uploads\/2021\/05\/Pogrzeb-Longa-2-2048x1367.jpg 2048w, https:\/\/swagh.agh.edu.pl\/wp-content\/uploads\/2021\/05\/Pogrzeb-Longa-2-420x280.jpg 420w\" sizes=\"auto, (max-width: 1024px) 100vw, 1024px\" \/><figcaption><em>fot. Z. Sulima<\/em><\/figcaption><\/figure>\n\n\n\n<p>Podobnie bardzo ciep\u0142o i serdecznie po\u017cegna\u0142 zmar\u0142ego obecny Dziekan Wydzia\u0142u Odlewnictwa&nbsp; prof. Marcin G\u00f3rny koncentruj\u0105c si\u0119 na podsumowaniu dzia\u0142alno\u015bci naukowej prof. Longi i bardzo bogatego dorobku naukowego, a tak\u017ce na om\u00f3wieniu Jego funkcji kierowniczych w strukturach organizacyjnych Wydzia\u0142u Odlewnictwa.<\/p>\n\n\n\n<figure class=\"wp-block-image size-large\"><img decoding=\"async\" src=\"http:\/\/galaxy.agh.edu.pl\/~swagh\/wp-content\/uploads\/2021\/05\/Pogrzeb-Longa-3-1024x684.jpg\" alt=\"\" class=\"wp-image-4209\"\/><figcaption><em>fot. Z. Sulima<\/em><\/figcaption><\/figure>\n\n\n\n<p>Prof. W\u0142adys\u0142aw Longa by\u0142 tak\u017ce przewodnicz\u0105cym Stowarzyszenia Wychowank\u00f3w AGH w latach 1977-2001 z&nbsp;przerw\u0105 w latach 1991-1995. Stowarzyszenie nada\u0142o mu godno\u015b\u0107 \u201eCz\u0142onka Honorowego\u201d oraz tytu\u0142 \u201eHonorowego Przewodnicz\u0105cego Stowarzyszenia\u201d. \u017begnaj\u0105c Go, obecny przewodnicz\u0105cy Stowarzyszenia Wychowank\u00f3w AGH prof. Piotr Czaja chc\u0105c utrwali\u0107 w pami\u0119ci i&nbsp;w&nbsp;sercach uczestnik\u00f3w tego po\u017cegnania barwn\u0105 sylwetk\u0119 prof. Longi &#8211; do obraz\u00f3w ju\u017c cz\u0119\u015bciowo nakre\u015blonych przez przedm\u00f3wc\u00f3w doda\u0142 kilka przyk\u0142adowych dzia\u0142a\u0144 w Stowarzyszeniu Wychowank\u00f3w. <\/p>\n\n\n\n<figure class=\"wp-block-image size-large\"><img loading=\"lazy\" decoding=\"async\" width=\"1024\" height=\"684\" src=\"http:\/\/galaxy.agh.edu.pl\/~swagh\/wp-content\/uploads\/2021\/05\/Pogrzeb-Longa-4-1024x684.jpg\" alt=\"\" class=\"wp-image-4210\" srcset=\"https:\/\/swagh.agh.edu.pl\/wp-content\/uploads\/2021\/05\/Pogrzeb-Longa-4-1024x684.jpg 1024w, https:\/\/swagh.agh.edu.pl\/wp-content\/uploads\/2021\/05\/Pogrzeb-Longa-4-300x200.jpg 300w, https:\/\/swagh.agh.edu.pl\/wp-content\/uploads\/2021\/05\/Pogrzeb-Longa-4-768x513.jpg 768w, https:\/\/swagh.agh.edu.pl\/wp-content\/uploads\/2021\/05\/Pogrzeb-Longa-4-1536x1025.jpg 1536w, https:\/\/swagh.agh.edu.pl\/wp-content\/uploads\/2021\/05\/Pogrzeb-Longa-4-2048x1367.jpg 2048w, https:\/\/swagh.agh.edu.pl\/wp-content\/uploads\/2021\/05\/Pogrzeb-Longa-4-420x280.jpg 420w\" sizes=\"auto, (max-width: 1024px) 100vw, 1024px\" \/><figcaption><em>fot. Z. Sulima<\/em><\/figcaption><\/figure>\n\n\n\n<p>Podkre\u015bli\u0142 On fakt kierowania Stowarzyszeniem przez prof. Long\u0119 w\ntrudnych czasach przemian spo\u0142eczno-politycznych w Polsce: w tym eufori\u0119\nwolno\u015bci z roku 1980 oraz traum\u0119 stanu wojennego po roku 1981. Za przyk\u0142ad\nwspania\u0142ych moment\u00f3w w Stowarzyszeniu poda\u0142 dwa wydarzenia. Pierwsze to &nbsp;Jubileusz 40-lecia SW w roku 1985, w czasie\nkt\u00f3rego cz\u0142onkowie Stowarzyszenia przekazali na r\u0119ce prof. Longi sztandar tej najstarszej\nw Polsce organizacji absolwenckiej, ufundowany przez jej cz\u0142onk\u00f3w. Wtedy to przewodnicz\u0105cy\nSW prof. W. Longa odbieraj\u0105c sztandar z&nbsp;r\u0105k senior\u00f3w \u2013 cz\u0142onk\u00f3w&nbsp; pierwszego Zarz\u0105du SW AGH \u2013 zadeklarowa\u0142, \u017ce\nsztandar stowarzyszenia b\u0119dzie niesiony z dum\u0105 i wysoko, a wychowankowie AGH\nb\u0119d\u0105 pracowa\u0107 z takim entuzjazmem i&nbsp;zapa\u0142em jaki towarzyszy\u0142 za\u0142o\u017cycielom\nStowarzyszenia w czasie jego tworzenia i pierwszych latach funkcjonowania &#8211;\nbezpo\u015brednio po II Wojnie \u015bwiatowej. <\/p>\n\n\n\n<p>Jako drugie wspania\u0142e wydarzenia prof. P. Czaja\nprzywo\u0142a\u0142 rok 1999, kiedy za spraw\u0105 Stowarzyszenia Wychowank\u00f3w kierowanego\nprzez prof. W. Long\u0119 &#8211; na szczyt budynku A-0 powr\u00f3ci\u0142a zrzucona przez okupanta\nw pierwszych dniach wojny \u2013 figura \u015bwi\u0119tej Barbary. Figur\u0119 t\u0119 \u2013 jak wiemy \u2013 w\ndn. 17.06.1999 roku po\u015bwi\u0119ci\u0142 Papie\u017c Jan Pawe\u0142 II podczas spotkania z&nbsp;pracownikami\nAGH. Po tym wydarzeniu nast\u0105pi\u0142y kolejne i bardzo wa\u017cne dla AGH jak nadanie w&nbsp;roku\n2000 Papie\u017cowi Janowi Paw\u0142owi II zaszczytnego tytu\u0142u Doktora Honoris Causa AGH\ni wizyta Senatu AGH w Watykanie.<\/p>\n\n\n\n<p>Szlachetn\u0105\u00a0 sylwetk\u0119 prof. W\u0142adys\u0142awa Longi prof. P. Czaja uzupe\u0142ni\u0142 zwracaj\u0105c uwag\u0119 na Jego zainteresowania i uzdolnienia wokalne. Dysponuj\u0105c wspania\u0142ym g\u0142osem \u2013 zbli\u017conym w brzmieniu do g\u0142osu najs\u0142ynniejszego polskiego tenora &#8211; Jana Kiepury, prof. Longa na wszystkich spotkaniach Stowarzyszeniowych \u2013 porywa\u0142 \u00a0i zachwyca\u0142 zgromadzonych wspania\u0142ym \u015bpiewem g\u0142\u00f3wnie arii operowych i innych utwor\u00f3w muzyki powa\u017cnej. Ostatnim fragmentem wspania\u0142ej sylwetki prof. Longi by\u0142y ostanie lata Jego zmagania si\u0119 z bardzo ci\u0119\u017ck\u0105 chorob\u0105, w pokonywaniu kt\u00f3rej pomagali mu Jego Anio\u0142 Opatrzno\u015bci &#8211; ma\u0142\u017conka Zofia,\u00a0 syn Lech oraz siostrze\u0144cy Zofii: Maciej i Grzegorz Dziadowiec. W tym miejscu nale\u017cy tak\u017ce wspomnie\u0107 i podzi\u0119kowa\u0107 pani doktor farmacji Ewie Mi\u0142kowskiej i panu doktorowi nauk medycznych Andrzejowi Mi\u0142kowskiemu za wieloletni\u0105 bezinteresown\u0105 pomoc przy podtrzymywaniu zdrowia i ratowaniu zagro\u017conego \u017cycia. Podobnie bezcenn\u0105 pomoc\u0105 s\u0142u\u017cy\u0142 profesorowi przez lata rehabilitant pan Pawe\u0142 Bajorek oraz nieoceniona pani Mirka \u0141opata. Wyrazy podzi\u0119kowania kierujemy te\u017c do s\u0105siad\u00f3w &#8211; pa\u0144stwa Magdy i Piotra Pietrzyk\u00f3w. <br>Prof. W\u0142adys\u0142aw Longa znosz\u0105c w spokoju i \u00a0z\u00a0godno\u015bci\u0105 cierpienie, nigdy nie skar\u017c\u0105c si\u0119 na trudny los jaki go spotka\u0142, pokaza\u0142, \u017ce by\u0142 Cz\u0142owiekiem wielkiego formatu. <\/p>\n\n\n\n<p>Nad grobem prof. W. Longi przem\u00f3wi\u0142 tak\u017ce kol. J\u00f3zef Grabowski \u2013cz\u0142onek Zarz\u0105du G\u0142\u00f3wnego SW AGH, Rzecznik Ko\u0142a SW AGH im. Prof. Wac\u0142awa R\u00f3\u017ca\u0144skiego w Ostrowcu \u015awi\u0119tokrzyskim, a prywatnie bardzo bliski przyjaciel zmar\u0142ego profesora. Kol. J\u00f3zef Grabowski nale\u017ca\u0142 do skromnego grona os\u00f3b, kt\u00f3re odwiedza\u0142y regularnie profesora Long\u0119 przykutego do \u0142\u00f3\u017cka. W jego przepi\u0119knym -bardzo osobistym i przejmuj\u0105cym &#8211; po\u017cegnaniu&nbsp; dominowa\u0142a nostalgia wykreowana&nbsp; bardzo silnymi wi\u0119zami kole\u017ce\u0144skimi, kt\u00f3re zapocz\u0105tkowane podczas studi\u00f3w w AGH, ukszta\u0142towa\u0142y si\u0119 ostatecznie w trakcie pracy spo\u0142ecznej w&nbsp; Stowarzyszeniu Wychowank\u00f3w. <\/p>\n\n\n\n<figure class=\"wp-block-image size-large\"><img loading=\"lazy\" decoding=\"async\" width=\"1024\" height=\"684\" src=\"http:\/\/galaxy.agh.edu.pl\/~swagh\/wp-content\/uploads\/2021\/05\/Pogrzeb-Longa-6-1024x684.jpg\" alt=\"\" class=\"wp-image-4211\" srcset=\"https:\/\/swagh.agh.edu.pl\/wp-content\/uploads\/2021\/05\/Pogrzeb-Longa-6-1024x684.jpg 1024w, https:\/\/swagh.agh.edu.pl\/wp-content\/uploads\/2021\/05\/Pogrzeb-Longa-6-300x200.jpg 300w, https:\/\/swagh.agh.edu.pl\/wp-content\/uploads\/2021\/05\/Pogrzeb-Longa-6-768x513.jpg 768w, https:\/\/swagh.agh.edu.pl\/wp-content\/uploads\/2021\/05\/Pogrzeb-Longa-6-1536x1025.jpg 1536w, https:\/\/swagh.agh.edu.pl\/wp-content\/uploads\/2021\/05\/Pogrzeb-Longa-6-2048x1367.jpg 2048w, https:\/\/swagh.agh.edu.pl\/wp-content\/uploads\/2021\/05\/Pogrzeb-Longa-6-420x280.jpg 420w\" sizes=\"auto, (max-width: 1024px) 100vw, 1024px\" \/><figcaption><em>fot. Z. Sulima<\/em><\/figcaption><\/figure>\n\n\n\n<p>Podobnie,&nbsp; bardzo serdecznie po\u017cegna\u0142 zmar\u0142ego kol. Alfred Andrys powszechnie w \u015brodowisku znany jako &nbsp;\u201eAlfa\u201d- &nbsp;wielki i oddany dzia\u0142acz Zrzeszenia Student\u00f3w Polskich. On te\u017c by\u0142 najpierw studentem, dyplomantem, a potem serdecznym przyjacielem prof.&nbsp; Longi. Odwiedzali go wsp\u00f3lnie z kol. Zbigniewem Reguckim&nbsp; bardzo cz\u0119sto snuj\u0105c wspomnienia o czasach, kt\u00f3re bezpowrotnie min\u0119\u0142y. <\/p>\n\n\n\n<figure class=\"wp-block-image size-large\"><img loading=\"lazy\" decoding=\"async\" width=\"1024\" height=\"684\" src=\"http:\/\/galaxy.agh.edu.pl\/~swagh\/wp-content\/uploads\/2021\/05\/Pogrzeb-Longa-6a-1024x684.jpg\" alt=\"\" class=\"wp-image-4212\" srcset=\"https:\/\/swagh.agh.edu.pl\/wp-content\/uploads\/2021\/05\/Pogrzeb-Longa-6a-1024x684.jpg 1024w, https:\/\/swagh.agh.edu.pl\/wp-content\/uploads\/2021\/05\/Pogrzeb-Longa-6a-300x200.jpg 300w, https:\/\/swagh.agh.edu.pl\/wp-content\/uploads\/2021\/05\/Pogrzeb-Longa-6a-768x513.jpg 768w, https:\/\/swagh.agh.edu.pl\/wp-content\/uploads\/2021\/05\/Pogrzeb-Longa-6a-1536x1025.jpg 1536w, https:\/\/swagh.agh.edu.pl\/wp-content\/uploads\/2021\/05\/Pogrzeb-Longa-6a-2048x1367.jpg 2048w, https:\/\/swagh.agh.edu.pl\/wp-content\/uploads\/2021\/05\/Pogrzeb-Longa-6a-420x280.jpg 420w\" sizes=\"auto, (max-width: 1024px) 100vw, 1024px\" \/><figcaption><em>fot. Z. Sulima<\/em><\/figcaption><\/figure>\n\n\n\n<p>Oficjalnie uroczysto\u015b\u0107 zako\u0144czy\u0142a si\u0119, gdy ma\u0142\u017conka Zofia po\u017cegna\u0142a si\u0119 symbolicznie ze zmar\u0142ym, sk\u0142adaj\u0105c na urnie z jego prochami grudk\u0119 miejscowej ziemi. Potem urn\u0119 umieszczono w rodzinnym\u00a0 grobie &#8211; miejscu wiecznego spoczynku &#8211; przy d\u017awi\u0119kach wykonanej\u00a0 w\u0142a\u015bnie przez\u00a0 Jana Kiepur\u0119 wspania\u0142ej arii Rudolfa \u201eChe gelida manina&#8221; z\u00a0opery \u201eLa Boheme\u201d Pucciniego,\u00a0 kt\u00f3r\u0105 tak cz\u0119sto \u015bpiewa\u0142 profesor Longa. \u00a0 Nagrobek pokry\u0142y wie\u0144ce i\u00a0kwiaty,\u00a0 w tym tak\u017ce wieniec naszego Stowarzyszenia.<\/p>\n\n\n\n<figure class=\"wp-block-image size-large\"><img loading=\"lazy\" decoding=\"async\" width=\"1024\" height=\"684\" src=\"http:\/\/galaxy.agh.edu.pl\/~swagh\/wp-content\/uploads\/2021\/05\/Pogrzeb-Longa-7-1024x684.jpg\" alt=\"\" class=\"wp-image-4213\" srcset=\"https:\/\/swagh.agh.edu.pl\/wp-content\/uploads\/2021\/05\/Pogrzeb-Longa-7-1024x684.jpg 1024w, https:\/\/swagh.agh.edu.pl\/wp-content\/uploads\/2021\/05\/Pogrzeb-Longa-7-300x200.jpg 300w, https:\/\/swagh.agh.edu.pl\/wp-content\/uploads\/2021\/05\/Pogrzeb-Longa-7-768x513.jpg 768w, https:\/\/swagh.agh.edu.pl\/wp-content\/uploads\/2021\/05\/Pogrzeb-Longa-7-1536x1025.jpg 1536w, https:\/\/swagh.agh.edu.pl\/wp-content\/uploads\/2021\/05\/Pogrzeb-Longa-7-2048x1367.jpg 2048w, https:\/\/swagh.agh.edu.pl\/wp-content\/uploads\/2021\/05\/Pogrzeb-Longa-7-420x280.jpg 420w\" sizes=\"auto, (max-width: 1024px) 100vw, 1024px\" \/><figcaption><em>fot. Z. Sulima<\/em><\/figcaption><\/figure>\n\n\n\n<p>Zap\u0142on\u0119\u0142y te\u017c pierwsze znicze, a uczestnicy uroczysto\u015bci, ze\nspuszczonymi g\u0142owami i w milczeniu opuszczali powoli Rakowick\u0105 Nekropoli\u0119.<\/p>\n\n\n\n<p>Odszed\u0142 nasz wspania\u0142y profesor <br>\nOdszed\u0142 nasz wielki Przewodnicz\u0105cy&nbsp; i\nPrzyjaciel<br>\nProfesorze W\u0142adys\u0142awie \u2013 Za wszystko Ci dzi\u0119kujemy<br>\nOdpoczywaj w pokoju!<\/p>\n\n\n\n<p><em>Prof. Piotr Czaja <\/em><\/p>\n\n\n\n<p><em>Stowarzyszenie Wychowank\u00f3w AGH<\/em><\/p>\n","protected":false},"excerpt":{"rendered":"<p>\u015a.P. Prof. W\u0142adys\u0142aw Longa po\u015bwi\u0119ci\u0142 Akademii G\u00f3rniczo-Hutniczej ca\u0142e swoje zawodowe \u017cycie. Jego przygoda z AGH trwa\u0142a&nbsp; d\u0142ugie 70 lat. Odszed\u0142 w wieku 90 lat \u017cegnany uroczy\u015bcie na Cmentarzu Rakowickim w Krakowie. Uroczysto\u015b\u0107 pogrzebowa \u2013 mimo<\/p>\n","protected":false},"author":1,"featured_media":4206,"comment_status":"closed","ping_status":"open","sticky":false,"template":"","format":"standard","meta":{"footnotes":"","_links_to":"","_links_to_target":""},"categories":[1],"tags":[],"class_list":["post-4204","post","type-post","status-publish","format-standard","has-post-thumbnail","hentry","category-bez-kategorii"],"_links":{"self":[{"href":"https:\/\/swagh.agh.edu.pl\/index.php?rest_route=\/wp\/v2\/posts\/4204","targetHints":{"allow":["GET"]}}],"collection":[{"href":"https:\/\/swagh.agh.edu.pl\/index.php?rest_route=\/wp\/v2\/posts"}],"about":[{"href":"https:\/\/swagh.agh.edu.pl\/index.php?rest_route=\/wp\/v2\/types\/post"}],"author":[{"embeddable":true,"href":"https:\/\/swagh.agh.edu.pl\/index.php?rest_route=\/wp\/v2\/users\/1"}],"replies":[{"embeddable":true,"href":"https:\/\/swagh.agh.edu.pl\/index.php?rest_route=%2Fwp%2Fv2%2Fcomments&post=4204"}],"version-history":[{"count":5,"href":"https:\/\/swagh.agh.edu.pl\/index.php?rest_route=\/wp\/v2\/posts\/4204\/revisions"}],"predecessor-version":[{"id":4220,"href":"https:\/\/swagh.agh.edu.pl\/index.php?rest_route=\/wp\/v2\/posts\/4204\/revisions\/4220"}],"wp:featuredmedia":[{"embeddable":true,"href":"https:\/\/swagh.agh.edu.pl\/index.php?rest_route=\/wp\/v2\/media\/4206"}],"wp:attachment":[{"href":"https:\/\/swagh.agh.edu.pl\/index.php?rest_route=%2Fwp%2Fv2%2Fmedia&parent=4204"}],"wp:term":[{"taxonomy":"category","embeddable":true,"href":"https:\/\/swagh.agh.edu.pl\/index.php?rest_route=%2Fwp%2Fv2%2Fcategories&post=4204"},{"taxonomy":"post_tag","embeddable":true,"href":"https:\/\/swagh.agh.edu.pl\/index.php?rest_route=%2Fwp%2Fv2%2Ftags&post=4204"}],"curies":[{"name":"wp","href":"https:\/\/api.w.org\/{rel}","templated":true}]}}