{"id":4221,"date":"2021-05-26T16:13:45","date_gmt":"2021-05-26T16:13:45","guid":{"rendered":"http:\/\/galaxy.agh.edu.pl\/~swagh\/?p=4221"},"modified":"2021-05-27T10:49:33","modified_gmt":"2021-05-27T10:49:33","slug":"odszedl-prof-dr-hab-inz-janusz-roszkowski","status":"publish","type":"post","link":"https:\/\/swagh.agh.edu.pl\/?p=4221","title":{"rendered":"Odszed\u0142 Prof. dr hab. in\u017c. Janusz ROSZKOWSKI"},"content":{"rendered":"\n<p>Z wielkim smutkiem informujemy o \u015bmierci <strong>prof. Janusza Roszkowskiego<\/strong> &#8211; wybitnego specjalisty w dziedzinie g\u00f3rnictwa.  W 1969 roku by\u0142 kierownikiem Zak\u0142adu Aerologii G\u00f3rniczej. W latach 1975-1978 by\u0142 dziekanem Wydzia\u0142u G\u00f3rniczego. W latach 1987-1997 by\u0142 dyrektorem Instytutu G\u00f3rnictwa Podziemnego i Bezpiecze\u0144stwa Pracy, w 1997 roku by\u0142 kierownikiem Katedry G\u00f3rnictwa Podziemnego.  <\/p>\n\n\n\n<p>Cz\u0142onek Stowarzyszenia Wychowank\u00f3w AGH, w 1995 roku odznaczony honorow\u0105 odznak\u0105 \u201eZas\u0142u\u017cony dla Stowarzyszenia Wychowank\u00f3w AGH\u201d.  <\/p>\n\n\n\n<p>Urodzi\u0142 si\u0119 19 czerwca 1935 roku w miejscowo\u015bci Krzy\u017c\u00f3wki w powiecie \u017cywieckim. W 1954 roku uko\u0144czy\u0142 z wyr\u00f3\u017cnieniem Technikum G\u00f3rnicze w Bytomiu i rozpocz\u0105\u0142 studia na Wydziale G\u00f3rniczym AGH. W 1959 roku &#8211; r\u00f3wnie\u017c z wyr\u00f3\u017cnieniem &#8211; uko\u0144czy\u0142 Wydzia\u0142 G\u00f3rniczy. Rozpocz\u0105\u0142 prac\u0119 , jako asystent w Zak\u0142adzie Aerologii G\u00f3rniczej Katedry Aerologii i Hydromechaniki G\u00f3rniczej&nbsp;Wydzia\u0142u G\u00f3rniczego.<\/p>\n\n\n\n<p>W pracy&nbsp; naukowej i zawodowej prof. Janusz Roszkowski zajmowa\u0142 si\u0119 g\u0142\u00f3wnie:<\/p>\n\n\n\n<p>&#8211; zwalczaniem zagro\u017cenia metanowego i opisach matematyczno-fizycznych mechanizmu wydzielania metanu do wyrobisk dr\u0105\u017conych w kamieniu,<br>&#8211; rozwi\u0105zywaniem wentylacji lutniowej umo\u017cliwiaj\u0105c w\u0142a\u015bciwe projektowanie wyrobisk o du\u017cych wybiegach,<br>&#8211; zwalczaniem zagro\u017cenia temperaturowego w wyrobiskach przewietrzanych wentylacj\u0105 lutniow\u0105,<br>&#8211; badaniem dynamiki sieci odmetanowania pod k\u0105tem optymalizacji uj\u0119cia metanu systemem odmetanowania z wyrobisk g\u00f3rniczych.<br>W zagadnieniach tych by\u0142 najwy\u017cszej klasy autorytetem tak w kraju jak te\u017c za granic\u0105. \u015aci\u015ble wsp\u00f3\u0142pracowa\u0142 z najwybitniejszymi profesorami z zakresu aerologii g\u00f3rniczej jak: prof. Jerzy Litwiniszyn, prof. Stanis\u0142aw Knothe, prof. Jan Pawi\u0144ski. <\/p>\n\n\n\n<p>Autor ponad 100 publikacji, w tym 3 ksi\u0105\u017cek, 10 patent\u00f3w. <br>Poza prac\u0105 naukow\u0105 by\u0142 tak\u017ce: Przewodnicz\u0105cym Rady Naukowej Instytutu Mechaniki G\u00f3rotworu PAN, przewodnicz\u0105cym Sekcji Aerologii G\u00f3rniczej w Komitecie G\u00f3rnictwa PAN, cz\u0142onkiem Rady Naukowej IMG PAN, cz\u0142onkiem Krajowego Komitetu \u015awiatowych Kongres\u00f3w G\u00f3rniczych, zast\u0119pc\u0105 przewodnicz\u0105cego Komisji ds. Zagro\u017cenia Atmosfery Kopalnianej i Klimatyzacji w podziemnych zak\u0142adach g\u00f3rniczych przy WUG, wieloletnim cz\u0142onkiem Centralnej Komisji ds. Tytu\u0142u Naukowego i Stopni Naukowych, cz\u0142onkiem zagranicznym Rosyjskiej Akademii Nauk Przyrodniczych, prezesem Fundacji Zespo\u0142u Pie\u015bni i Ta\u0144ca &#8222;Krakus&#8221;, zast\u0119pc\u0105 przewodnicz\u0105cego Zespo\u0142u Doradc\u00f3w ds. Zagro\u017ce\u0144 Naturalnych przy Kopalni W\u0119glowej S.A. W latach 1998-1999 przewodnicz\u0105cym Rady Nadzorczej Huty &#8222;Po\u0142aniec&#8221;, przewodnicz\u0105cym Rady Nadzorczej MOSTOSTAL Oddzia\u0142 Krak\u00f3w.<\/p>\n\n\n\n<p>Za swoj\u0105 prac\u0119 otrzyma\u0142&nbsp; najwy\u017csze odznaczenia pa\u0144stwowe i liczne wyr\u00f3\u017cnienia jak:<br>Krzy\u017c Kawalerski Orderu Odrodzenia Polski,&nbsp;Krzy\u017c Oficerski Orderu Odrodzenia Polski,&nbsp;Krzy\u017c Komandorski Orderu Odrodzenia Polski,&nbsp;Medal Komisji Edukacji Narodowej, Nagroda im. prof. W. Budryka, Nagroda im. prof. H. Czeczotta, Z\u0142ota Odznaka za prac\u0119 spo\u0142eczn\u0105 dla M. Krakowa, Z\u0142ota i Srebrna Odznaka za prac\u0119 spo\u0142eczn\u0105 dla woj. katowickiego, Z\u0142ota i Srebrna Odznaka &#8222;Zas\u0142u\u017cony dla G\u00f3rnictwa PRL&#8221;, Generalny Dyrektor G\u00f3rniczy I st., Nagrody MEN &#8211; wielokrotnie i Nagrody Rektora AGH &#8211; wielokrotnie.<\/p>\n\n\n\n<p class=\"has-text-align-left\"><strong><em>W zmar\u0142ym utracili\u015bmy wielkiego naukowca, wspania\u0142ego profesora, dobrego i pogodnego cz\u0142owieka.<br>\u017bonie Zofii&nbsp; oraz ca\u0142ej rodzinie&nbsp; i wszystkim bliskim sk\u0142adamy wyrazy g\u0142\u0119bokiego wsp\u00f3\u0142czucia.<\/em><\/strong><\/p>\n\n\n\n<p class=\"has-text-align-left\"><em>Zarz\u0105d Stowarzyszenia Wychowank\u00f3w AGH<\/em><\/p>\n\n\n\n<p class=\"has-text-align-center\"> <strong><em>Uroczysto\u015bci pogrzebowe odb\u0119d\u0105 si\u0119 7 czerwca 2021 roku o godzinie 12.20 w Kaplicy na Cmentarzu Rakowickim w Krakowie.<\/em><\/strong> <\/p>\n\n\n\n<p class=\"has-text-align-left\"><em><br><\/em><br><\/p>\n\n\n\n<p><\/p>\n","protected":false},"excerpt":{"rendered":"<p>Z wielkim smutkiem informujemy o \u015bmierci prof. Janusza Roszkowskiego &#8211; wybitnego specjalisty w dziedzinie g\u00f3rnictwa. W 1969 roku by\u0142 kierownikiem Zak\u0142adu Aerologii G\u00f3rniczej. W latach 1975-1978 by\u0142 dziekanem Wydzia\u0142u G\u00f3rniczego. W latach 1987-1997 by\u0142 dyrektorem<\/p>\n","protected":false},"author":1,"featured_media":4224,"comment_status":"closed","ping_status":"open","sticky":false,"template":"","format":"standard","meta":{"footnotes":"","_links_to":"","_links_to_target":""},"categories":[1],"tags":[],"class_list":["post-4221","post","type-post","status-publish","format-standard","has-post-thumbnail","hentry","category-bez-kategorii"],"_links":{"self":[{"href":"https:\/\/swagh.agh.edu.pl\/index.php?rest_route=\/wp\/v2\/posts\/4221","targetHints":{"allow":["GET"]}}],"collection":[{"href":"https:\/\/swagh.agh.edu.pl\/index.php?rest_route=\/wp\/v2\/posts"}],"about":[{"href":"https:\/\/swagh.agh.edu.pl\/index.php?rest_route=\/wp\/v2\/types\/post"}],"author":[{"embeddable":true,"href":"https:\/\/swagh.agh.edu.pl\/index.php?rest_route=\/wp\/v2\/users\/1"}],"replies":[{"embeddable":true,"href":"https:\/\/swagh.agh.edu.pl\/index.php?rest_route=%2Fwp%2Fv2%2Fcomments&post=4221"}],"version-history":[{"count":7,"href":"https:\/\/swagh.agh.edu.pl\/index.php?rest_route=\/wp\/v2\/posts\/4221\/revisions"}],"predecessor-version":[{"id":4231,"href":"https:\/\/swagh.agh.edu.pl\/index.php?rest_route=\/wp\/v2\/posts\/4221\/revisions\/4231"}],"wp:featuredmedia":[{"embeddable":true,"href":"https:\/\/swagh.agh.edu.pl\/index.php?rest_route=\/wp\/v2\/media\/4224"}],"wp:attachment":[{"href":"https:\/\/swagh.agh.edu.pl\/index.php?rest_route=%2Fwp%2Fv2%2Fmedia&parent=4221"}],"wp:term":[{"taxonomy":"category","embeddable":true,"href":"https:\/\/swagh.agh.edu.pl\/index.php?rest_route=%2Fwp%2Fv2%2Fcategories&post=4221"},{"taxonomy":"post_tag","embeddable":true,"href":"https:\/\/swagh.agh.edu.pl\/index.php?rest_route=%2Fwp%2Fv2%2Ftags&post=4221"}],"curies":[{"name":"wp","href":"https:\/\/api.w.org\/{rel}","templated":true}]}}