{"id":4941,"date":"2022-01-29T17:49:55","date_gmt":"2022-01-29T17:49:55","guid":{"rendered":"https:\/\/swagh.agh.edu.pl\/?p=4941"},"modified":"2022-02-02T11:40:23","modified_gmt":"2022-02-02T11:40:23","slug":"odszedl-nasz-wielki-kubanski-ambasador-kol-roberto-figueroa-silva","status":"publish","type":"post","link":"https:\/\/swagh.agh.edu.pl\/?p=4941","title":{"rendered":"Odszed\u0142 nasz wielki kuba\u0144ski Ambasador kol. Roberto Figueroa Silva"},"content":{"rendered":"\n<p>Z wielkim \u017calem przyj\u0119li\u015bmy wiadomo\u015b\u0107 o \u015bmierci na Klubie naszego Wychowanka, absolwenta Wydzia\u0142u Metalurgii AGH z roku 1967&nbsp; \u2013 odznaczonego honorow\u0105 odznak\u0105 \u201eZas\u0142u\u017cony dla Stowarzyszenia Wychowank\u00f3w AGH\u201d.<br>Dwa lata temu Roberto wraz z ma\u0142\u017conk\u0105 Celi\u0105 z\u0142o\u017cy\u0142 wizyt\u0119 w Europie w tym gros czasu sp\u0119dzi\u0142 w AGH i w Krakowie. Dwa lata temu w Rektoracie na spotkaniu z udzia\u0142em prorektora AGH prof. Miros\u0142awa Karbowniczka i JE Ambasadora Kuby w Polsce pana Jorge Marti Martineza dowiedzieli\u015bmy si\u0119 o \u017cyciu naszych absolwent\u00f3w mieszkaj\u0105cych na Kubie. Poniewa\u017c w trakcie wizyty przypad\u0142a&nbsp; data jubileuszu 50 lecia ich po\u017cycia ma\u0142\u017ce\u0144skiego, odbyli\u015bmy ten jubileusz zgodnie z polsk\u0105 tradycj\u0105. Roberto by\u0142 przeszcz\u0119\u015bliwy, gdy\u017c Polsk\u0119 uwa\u017ca\u0142 za swoj\u0105 drug\u0105 ojczyzn\u0119, a&nbsp;AGH za prawdziw\u0105 \u201eAlma Mater\u201d czyli Matk\u0119 Karmicielk\u0119, kt\u00f3ra da\u0142a mu podstawy do wspania\u0142ej kariery in\u017cyniera i kuba\u0144skiego dyplomaty. W dniu 11 listopada przes\u0142a\u0142 nam z polsk\u0105 flag\u0105 taki oto wiersz i takie zdj\u0119cie:<\/p>\n\n\n\n<figure class=\"wp-block-gallery columns-2 is-cropped wp-block-gallery-1 is-layout-flex wp-block-gallery-is-layout-flex\"><ul class=\"blocks-gallery-grid\"><li class=\"blocks-gallery-item\"><figure><a href=\"https:\/\/swagh.agh.edu.pl\/wp-content\/uploads\/2022\/01\/Obraz2-1.jpg\"><img loading=\"lazy\" decoding=\"async\" width=\"347\" height=\"291\" src=\"https:\/\/swagh.agh.edu.pl\/wp-content\/uploads\/2022\/01\/Obraz2-1.jpg\" alt=\"\" data-id=\"4943\" data-full-url=\"https:\/\/swagh.agh.edu.pl\/wp-content\/uploads\/2022\/01\/Obraz2-1.jpg\" data-link=\"https:\/\/swagh.agh.edu.pl\/?attachment_id=4943\" class=\"wp-image-4943\" srcset=\"https:\/\/swagh.agh.edu.pl\/wp-content\/uploads\/2022\/01\/Obraz2-1.jpg 347w, https:\/\/swagh.agh.edu.pl\/wp-content\/uploads\/2022\/01\/Obraz2-1-300x252.jpg 300w\" sizes=\"auto, (max-width: 347px) 100vw, 347px\" \/><\/a><\/figure><\/li><li class=\"blocks-gallery-item\"><figure><a href=\"https:\/\/swagh.agh.edu.pl\/wp-content\/uploads\/2022\/01\/Obraz3.jpg\"><img loading=\"lazy\" decoding=\"async\" width=\"204\" height=\"291\" src=\"https:\/\/swagh.agh.edu.pl\/wp-content\/uploads\/2022\/01\/Obraz3.jpg\" alt=\"\" data-id=\"4944\" data-full-url=\"https:\/\/swagh.agh.edu.pl\/wp-content\/uploads\/2022\/01\/Obraz3.jpg\" data-link=\"https:\/\/swagh.agh.edu.pl\/?attachment_id=4944\" class=\"wp-image-4944\"\/><\/a><\/figure><\/li><\/ul><\/figure>\n\n\n\n<p>Wi\u0119cej informacji o &nbsp;\u017cyciu &nbsp;Roberto oraz o Jego wizycie w Polsce w roku 2020&nbsp; znajdziecie pa\u0144stwo pod adresem: <a href=\"https:\/\/swagh.agh.edu.pl\/?p=3480\">https:\/\/swagh.agh.edu.pl\/?p=3480<\/a>.<\/p>\n\n\n\n<p>Jeszcze w dniu 21 grudnia 2021 roku przes\u0142a\u0142 nam z Kuby tak\u0105 informacj\u0119:<\/p>\n\n\n\n<div class=\"wp-block-image\"><figure class=\"aligncenter size-full is-resized\"><a href=\"https:\/\/swagh.agh.edu.pl\/wp-content\/uploads\/2022\/01\/Obraz4.jpg\"><img loading=\"lazy\" decoding=\"async\" src=\"https:\/\/swagh.agh.edu.pl\/wp-content\/uploads\/2022\/01\/Obraz4.jpg\" alt=\"\" class=\"wp-image-4945\" width=\"226\" height=\"284\"\/><\/a><\/figure><\/div>\n\n\n\n<p>W dniu 1.01.2022 roku przekazuj\u0105c \u017cyczenia Noworoczne o godzinie 01.38 czasu polskiego i ostanie nades\u0142ane nam zdj\u0119cie podpisa\u0142: \u201e u kuzyna oczekujemy na Nowy Rok\u201d . Na Kubie by\u0142a godzina 20.38<\/p>\n\n\n\n<div class=\"wp-block-image\"><figure class=\"aligncenter size-full is-resized\"><a href=\"https:\/\/swagh.agh.edu.pl\/wp-content\/uploads\/2022\/01\/Obraz5.jpg\"><img loading=\"lazy\" decoding=\"async\" src=\"https:\/\/swagh.agh.edu.pl\/wp-content\/uploads\/2022\/01\/Obraz5.jpg\" alt=\"\" class=\"wp-image-4946\" width=\"626\" height=\"289\" srcset=\"https:\/\/swagh.agh.edu.pl\/wp-content\/uploads\/2022\/01\/Obraz5.jpg 477w, https:\/\/swagh.agh.edu.pl\/wp-content\/uploads\/2022\/01\/Obraz5-300x138.jpg 300w\" sizes=\"auto, (max-width: 626px) 100vw, 626px\" \/><\/a><\/figure><\/div>\n\n\n\n<p>Ci\u0105gle pe\u0142en si\u0142, humoru i marze\u0144. Utrzymywa\u0142 \u017cywy kontakt ze wszystkimi znajomymi w Polsce. Za po\u015brednictwem \u201eWhatsApp\u201d uczestniczy\u0142 w naszych spotkaniach, mi\u0119dzy innymi w za\u0142o\u017cycielskim spotkaniu ko\u0142a SW w Sandomierzu,&nbsp; gdy\u017c tam mia\u0142 te\u017c wielu przyjaci\u00f3\u0142. W dniu 6 grudnia 2021 roku podczas IX Krajowego Zjazdu Delegat\u00f3w Stowarzyszenia Wychowank\u00f3w przewodnicz\u0105cy Zjazdu oznajmi\u0142 o przyznaniu Mu przez Zarz\u0105d G\u0142\u00f3wny odznaki honorowej \u201eZas\u0142u\u017cony dla SW AGH\u201d o numerze 599. Niestety tego wyr\u00f3\u017cnienia ju\u017c od nas nie odebra\u0142.<\/p>\n\n\n\n<p>Zatem wraz ze \u015bmierci\u0105 Roberto zako\u0144cz\u0105 si\u0119 chyba nasz pi\u0119kne kontakty z Wychowankami AGH w tym kraju. Roberto by\u0142 jednym z niewielu jeszcze \u017cyj\u0105cych tam Absolwent\u00f3w naszej uczelni. Jego rodzina \u2013 zw\u0142aszcza c\u00f3rka Maryla (imi\u0119 czysto Polskie na cze\u015b\u0107 naszej Maryli R. \u2013 jak mawia\u0142) uczestniczy\u0142a z nim w Jubileuszu 70-lecia Stowarzyszenia Wychowank\u00f3w i r\u00f3wnie jak On pokocha\u0142a nasz kraj, ale pos\u0142uguj\u0105c si\u0119 g\u0142\u00f3wnie j\u0119zykiem hiszpa\u0144skim \u2013 b\u0119dzie nam trudno kontynuowa\u0107 te pi\u0119kne relacje.<\/p>\n\n\n\n<p>Roberto! Dzi\u0119kujemy Ci za wszystko, szczeg\u00f3lnie za to, \u017ce w swoim sercu znalaz\u0142e\u015b tak wiele miejsca dla Twojej drugiej Ojczyzny &#8211; Polski &#8211; i jak powtarza\u0142e\u015b&nbsp; \u201edla Twojej kochanej AGH w Krakowie\u201d!<\/p>\n\n\n\n<p>\u017begnaj i spoczywaj w pokoju!<\/p>\n\n\n\n<p>Piotr Czaja<\/p>\n\n\n\n<p>Prezes Stowarzyszenia Wychowank\u00f3w AGH.<\/p>\n\n\n\n<figure class=\"wp-block-image size-large\"><a href=\"https:\/\/swagh.agh.edu.pl\/wp-content\/uploads\/2020\/02\/2020_02_11__Roberto__4640.jpg\"><img loading=\"lazy\" decoding=\"async\" width=\"1024\" height=\"682\" src=\"https:\/\/swagh.agh.edu.pl\/wp-content\/uploads\/2020\/02\/2020_02_11__Roberto__4640-1024x682.jpg\" alt=\"\" class=\"wp-image-3490\" srcset=\"https:\/\/swagh.agh.edu.pl\/wp-content\/uploads\/2020\/02\/2020_02_11__Roberto__4640-1024x682.jpg 1024w, https:\/\/swagh.agh.edu.pl\/wp-content\/uploads\/2020\/02\/2020_02_11__Roberto__4640-300x200.jpg 300w, https:\/\/swagh.agh.edu.pl\/wp-content\/uploads\/2020\/02\/2020_02_11__Roberto__4640-768x512.jpg 768w, https:\/\/swagh.agh.edu.pl\/wp-content\/uploads\/2020\/02\/2020_02_11__Roberto__4640-420x280.jpg 420w\" sizes=\"auto, (max-width: 1024px) 100vw, 1024px\" \/><\/a><\/figure>\n","protected":false},"excerpt":{"rendered":"<p>Z wielkim \u017calem przyj\u0119li\u015bmy wiadomo\u015b\u0107 o \u015bmierci na Klubie naszego Wychowanka, absolwenta Wydzia\u0142u Metalurgii AGH z roku 1967&nbsp; \u2013 odznaczonego honorow\u0105 odznak\u0105 \u201eZas\u0142u\u017cony dla Stowarzyszenia Wychowank\u00f3w AGH\u201d.Dwa lata temu Roberto wraz z ma\u0142\u017conk\u0105 Celi\u0105 z\u0142o\u017cy\u0142<\/p>\n","protected":false},"author":1,"featured_media":4942,"comment_status":"closed","ping_status":"open","sticky":false,"template":"","format":"standard","meta":{"footnotes":"","_links_to":"","_links_to_target":""},"categories":[1],"tags":[],"class_list":["post-4941","post","type-post","status-publish","format-standard","has-post-thumbnail","hentry","category-bez-kategorii"],"_links":{"self":[{"href":"https:\/\/swagh.agh.edu.pl\/index.php?rest_route=\/wp\/v2\/posts\/4941","targetHints":{"allow":["GET"]}}],"collection":[{"href":"https:\/\/swagh.agh.edu.pl\/index.php?rest_route=\/wp\/v2\/posts"}],"about":[{"href":"https:\/\/swagh.agh.edu.pl\/index.php?rest_route=\/wp\/v2\/types\/post"}],"author":[{"embeddable":true,"href":"https:\/\/swagh.agh.edu.pl\/index.php?rest_route=\/wp\/v2\/users\/1"}],"replies":[{"embeddable":true,"href":"https:\/\/swagh.agh.edu.pl\/index.php?rest_route=%2Fwp%2Fv2%2Fcomments&post=4941"}],"version-history":[{"count":2,"href":"https:\/\/swagh.agh.edu.pl\/index.php?rest_route=\/wp\/v2\/posts\/4941\/revisions"}],"predecessor-version":[{"id":4964,"href":"https:\/\/swagh.agh.edu.pl\/index.php?rest_route=\/wp\/v2\/posts\/4941\/revisions\/4964"}],"wp:featuredmedia":[{"embeddable":true,"href":"https:\/\/swagh.agh.edu.pl\/index.php?rest_route=\/wp\/v2\/media\/4942"}],"wp:attachment":[{"href":"https:\/\/swagh.agh.edu.pl\/index.php?rest_route=%2Fwp%2Fv2%2Fmedia&parent=4941"}],"wp:term":[{"taxonomy":"category","embeddable":true,"href":"https:\/\/swagh.agh.edu.pl\/index.php?rest_route=%2Fwp%2Fv2%2Fcategories&post=4941"},{"taxonomy":"post_tag","embeddable":true,"href":"https:\/\/swagh.agh.edu.pl\/index.php?rest_route=%2Fwp%2Fv2%2Ftags&post=4941"}],"curies":[{"name":"wp","href":"https:\/\/api.w.org\/{rel}","templated":true}]}}