{"id":5023,"date":"2022-03-02T12:20:46","date_gmt":"2022-03-02T12:20:46","guid":{"rendered":"https:\/\/swagh.agh.edu.pl\/?p=5023"},"modified":"2022-03-02T12:45:26","modified_gmt":"2022-03-02T12:45:26","slug":"non-omnis-moriar-zeszyt-2021","status":"publish","type":"post","link":"https:\/\/swagh.agh.edu.pl\/?p=5023","title":{"rendered":"NON OMNIS MORIAR\u2026 \u2013 ZESZYT 2021"},"content":{"rendered":"\n<p><strong>Wst\u0119p<br>profesora Jerzego Lisa<br>Rektora Akademii G\u00f3rniczo-Hutniczej<br>im. Stanis\u0142awa Staszica w Krakowie<\/strong><\/p>\n\n\n\n<p><strong>Szanowni Pa\u0144stwo,<\/strong><\/p>\n\n\n\n<p>Pocz\u0105tek listopada jest szczeg\u00f3lnym czasem, kiedy towarzyszy nam pami\u0119\u0107 o&nbsp;zmar\u0142ych. Oderwani od codzienno\u015bci zatrzymujemy si\u0119, sk\u0142adamy kwiaty i&nbsp;palimy znicze kieruj\u0105c swoje my\u015bli do Tych, kt\u00f3rzy odeszli. Ka\u017cdego roku wspominamy cz\u0142onk\u00f3w spo\u0142eczno\u015bci akademickiej, kt\u00f3rych nie ma ju\u017c w\u015br\u00f3d nas.<br>Tradycja nakazuje nam w&nbsp;ten szczeg\u00f3lny czas pami\u0119ta\u0107 o&nbsp;bliskich, ale w&nbsp;naszym \u017cyciu wa\u017cni s\u0105 nie tylko rodzice, dziadkowie, przyjaciele. Wa\u017cni s\u0105 te\u017c ludzie i&nbsp;dziedzictwo, jakie po nich zosta\u0142o,&nbsp;dzi\u0119ki kt\u00f3rym mo\u017cemy rozwija\u0107 swoje zdolno\u015bci, zainteresowania, zdobywa\u0107 wykszta\u0142cenie.<br>Szczeg\u00f3lnym szacunkiem i&nbsp;pami\u0119ci\u0105 otaczamy tych, kt\u00f3rzy \u017cycie oddali w&nbsp;niezwyk\u0142ych okoliczno\u015bciach. Pochylamy si\u0119 nad mogi\u0142ami \u017co\u0142nierzy poleg\u0142ych w&nbsp;walce o&nbsp;nasz\u0105 wolno\u015b\u0107 i&nbsp;niepodleg\u0142o\u015b\u0107. W&nbsp;AGH zapalamy znicze pod tablicami ofiar \u201eSonderaktion Krakau\u201d, ale chcemy tak\u017ce sw\u0105 pami\u0119ci\u0105 wraca\u0107 do wszystkich na krakowskich nekropoliach wiedz\u0105c, \u017ce nasi bliscy b\u0119d\u0105 \u017cy\u0107 tak d\u0142ugo jak d\u0142ugo b\u0119d\u0105 w&nbsp;naszej pami\u0119ci. Dlatego te\u017c z&nbsp;inicjatywy Stowarzyszenia Wychowank\u00f3w AGH pragniemy odda\u0107 w&nbsp;Pa\u0144stwa r\u0119ce kolejne opracowanie, kt\u00f3re pomo\u017ce przybli\u017cy\u0107 sylwetki naszych poprzednik\u00f3w oraz wskaza\u0107 miejsca ich wiecznego spoczynku. Stara\u0107 si\u0119 b\u0119dziemy, aby w&nbsp;kolejnych zeszytach tego wydawnictwa pojawi\u0142y si\u0119 osoby, do kt\u00f3rych uda si\u0119 dotrze\u0107 naszym bibliografom, kt\u00f3rym w&nbsp;tym miejscu pragn\u0119 gor\u0105co podzi\u0119kowa\u0107.<br>Aktualny zeszyt po\u015bwi\u0119cony jest pami\u0119ci Rektor\u00f3w AGH. Spo\u0142eczno\u015b\u0107 naszej uczelni w&nbsp;tym szczeg\u00f3lnym czasie \u0142\u0105czy potrzeba wspomnie\u0144. Z&nbsp;jednej strony jest ona wyrazem szacunku wobec zmar\u0142ych, z&nbsp;drugiej, pe\u0142ni wa\u017cn\u0105 rol\u0119 czynnika buduj\u0105cego nasz\u0105 to\u017csamo\u015b\u0107. Niech w&nbsp;tym szczeg\u00f3lnym czasie po\u0142\u0105czy nas r\u00f3wnie\u017c wsp\u00f3lna pami\u0119\u0107 o&nbsp;tych kt\u00f3rzy odeszli.<br><strong>\u201eKochali\u015bmy ich za \u017cycia, nie zapomnijmy i&nbsp;po \u015bmierci\u201d \u2013 \u015bw. Ambro\u017cy.<\/strong><\/p>\n\n\n\n<p>Niech odpoczywaj\u0105 w&nbsp;pokoju.<\/p>\n\n\n\n<p>prof. dr hab. in\u017c. Jerzy Lis<br>Rektor AGH<\/p>\n\n\n\n<div class=\"wp-block-image\"><figure class=\"aligncenter size-medium\"><a href=\"https:\/\/swagh.agh.edu.pl\/pdf\/publikacje\/2021_groby_rektorow_non_omnis_moriar.pdf\" target=\"_blank\" rel=\"noopener\"><img loading=\"lazy\" decoding=\"async\" width=\"206\" height=\"300\" src=\"https:\/\/swagh.agh.edu.pl\/wp-content\/uploads\/2022\/03\/2021_groby_rektorow__okladka__01-206x300.jpg\" alt=\"\" class=\"wp-image-5024\" srcset=\"https:\/\/swagh.agh.edu.pl\/wp-content\/uploads\/2022\/03\/2021_groby_rektorow__okladka__01-206x300.jpg 206w, https:\/\/swagh.agh.edu.pl\/wp-content\/uploads\/2022\/03\/2021_groby_rektorow__okladka__01-703x1024.jpg 703w, https:\/\/swagh.agh.edu.pl\/wp-content\/uploads\/2022\/03\/2021_groby_rektorow__okladka__01-768x1118.jpg 768w, https:\/\/swagh.agh.edu.pl\/wp-content\/uploads\/2022\/03\/2021_groby_rektorow__okladka__01-1055x1536.jpg 1055w, https:\/\/swagh.agh.edu.pl\/wp-content\/uploads\/2022\/03\/2021_groby_rektorow__okladka__01-1407x2048.jpg 1407w, https:\/\/swagh.agh.edu.pl\/wp-content\/uploads\/2022\/03\/2021_groby_rektorow__okladka__01-scaled.jpg 1759w\" sizes=\"auto, (max-width: 206px) 100vw, 206px\" \/><\/a><figcaption>Po klikni\u0119ciu na obraz ok\u0142adki, przejd\u0105 Panstwo do publikacji<\/figcaption><\/figure><\/div>\n","protected":false},"excerpt":{"rendered":"<p>Wst\u0119pprofesora Jerzego LisaRektora Akademii G\u00f3rniczo-Hutniczejim. Stanis\u0142awa Staszica w Krakowie Szanowni Pa\u0144stwo, Pocz\u0105tek listopada jest szczeg\u00f3lnym czasem, kiedy towarzyszy nam pami\u0119\u0107 o&nbsp;zmar\u0142ych. Oderwani od codzienno\u015bci zatrzymujemy si\u0119, sk\u0142adamy kwiaty i&nbsp;palimy znicze kieruj\u0105c swoje my\u015bli do Tych,<\/p>\n","protected":false},"author":1,"featured_media":5030,"comment_status":"closed","ping_status":"open","sticky":false,"template":"","format":"standard","meta":{"footnotes":"","_links_to":"","_links_to_target":""},"categories":[1],"tags":[],"class_list":["post-5023","post","type-post","status-publish","format-standard","has-post-thumbnail","hentry","category-bez-kategorii"],"_links":{"self":[{"href":"https:\/\/swagh.agh.edu.pl\/index.php?rest_route=\/wp\/v2\/posts\/5023","targetHints":{"allow":["GET"]}}],"collection":[{"href":"https:\/\/swagh.agh.edu.pl\/index.php?rest_route=\/wp\/v2\/posts"}],"about":[{"href":"https:\/\/swagh.agh.edu.pl\/index.php?rest_route=\/wp\/v2\/types\/post"}],"author":[{"embeddable":true,"href":"https:\/\/swagh.agh.edu.pl\/index.php?rest_route=\/wp\/v2\/users\/1"}],"replies":[{"embeddable":true,"href":"https:\/\/swagh.agh.edu.pl\/index.php?rest_route=%2Fwp%2Fv2%2Fcomments&post=5023"}],"version-history":[{"count":6,"href":"https:\/\/swagh.agh.edu.pl\/index.php?rest_route=\/wp\/v2\/posts\/5023\/revisions"}],"predecessor-version":[{"id":5037,"href":"https:\/\/swagh.agh.edu.pl\/index.php?rest_route=\/wp\/v2\/posts\/5023\/revisions\/5037"}],"wp:featuredmedia":[{"embeddable":true,"href":"https:\/\/swagh.agh.edu.pl\/index.php?rest_route=\/wp\/v2\/media\/5030"}],"wp:attachment":[{"href":"https:\/\/swagh.agh.edu.pl\/index.php?rest_route=%2Fwp%2Fv2%2Fmedia&parent=5023"}],"wp:term":[{"taxonomy":"category","embeddable":true,"href":"https:\/\/swagh.agh.edu.pl\/index.php?rest_route=%2Fwp%2Fv2%2Fcategories&post=5023"},{"taxonomy":"post_tag","embeddable":true,"href":"https:\/\/swagh.agh.edu.pl\/index.php?rest_route=%2Fwp%2Fv2%2Ftags&post=5023"}],"curies":[{"name":"wp","href":"https:\/\/api.w.org\/{rel}","templated":true}]}}