{"id":5043,"date":"2022-03-09T08:03:16","date_gmt":"2022-03-09T08:03:16","guid":{"rendered":"https:\/\/swagh.agh.edu.pl\/?p=5043"},"modified":"2022-03-09T08:14:47","modified_gmt":"2022-03-09T08:14:47","slug":"stowarzyszenie-wychowankow-agh-na-jubileuszu-30-lecia-gorniczej-izby-przemyslowo-handlowej-w-katowicach","status":"publish","type":"post","link":"https:\/\/swagh.agh.edu.pl\/?p=5043","title":{"rendered":"Stowarzyszenie Wychowank\u00f3w AGH na jubileuszu 30-lecia G\u00f3rniczej Izby Przemys\u0142owo Handlowej w Katowicach"},"content":{"rendered":"\n<p>W dniu 7 marca 2022 roku w budynku Filharmonii \u015al\u0105skiej w&nbsp;Katowicach odby\u0142 si\u0119 Jubileuszowy Koncert Noworoczny z okazji 30\u2011lecia dzia\u0142alno\u015bci na polskim rynku G\u00f3rniczej Izby Przemys\u0142owo Handlowej.<\/p>\n\n\n\n<p>Ca\u0142a uroczysto\u015b\u0107 odby\u0142a si\u0119 w cieniu inwazji Rosji na Ukrain\u0119, dlatego w czasie jej trwania pojawi\u0142o si\u0119 wiele akcent\u00f3w \u015bwiadcz\u0105cych o naszej solidarno\u015bci z narodem ukrai\u0144skim.<\/p>\n\n\n\n<p>W czasie uroczysto\u015bci odby\u0142a si\u0119 doroczna gala konkursowa \u201eG\u00f3rniczy Sukces Roku\u201d, podczas kt\u00f3rej wr\u0119czono laureatom przyznawana&nbsp; corocznie nagrody i wyr\u00f3\u017cnienia&nbsp; w nast\u0119puj\u0105cych kategoriach:<\/p>\n\n\n\n<ul class=\"wp-block-list\"><li>Osobowo\u015b\u0107 roku<\/li><li>Innowacje (w g\u00f3rnictwie)<\/li><li>Ekologia<\/li><\/ul>\n\n\n\n<p>Laureat\u00f3w konkursu wy\u0142ania Kapitu\u0142a funkcjonuj\u0105ca w Izbie pod kierownictwem jej Prezesa pana Janusza Olszowskiego. Stanowi j\u0105 grono znanych specjalist\u00f3w z&nbsp;zakresu g\u00f3rnictwa:<strong><\/strong><\/p>\n\n\n\n<p><strong>profesorowie: <\/strong>Marek Ca\u0142a, Piotr Czaja,<a> <\/a>J\u00f3zef Dubi\u0144ski, Monika Hardyg\u00f3ra, Franciszek Plewa, Krystian Probierz, Stanis\u0142aw Prusek, Jacek Sobczyk,<\/p>\n\n\n\n<p><strong>doktorzy: <\/strong>Jerzy Kicki, Andrzej Tor<\/p>\n\n\n\n<p><strong>in\u017cynierowie:<\/strong><strong> <\/strong>Janusz Olszowski, Henryk Paszcza, Jaros\u0142aw Zag\u00f3rowski.<\/p>\n\n\n\n<p>Decyzj\u0105 Prezesa G\u00f3rniczej Izby Przemys\u0142owo-Handlowej Izb\u0119 w czasie gali konkursowej reprezentowa\u0142 prof. Piotr Czaja \u2013 prezes Stowarzyszenia Wychowank\u00f3w AGH.<\/p>\n\n\n\n<figure class=\"wp-block-image size-full\"><a href=\"https:\/\/swagh.agh.edu.pl\/wp-content\/uploads\/2022\/03\/2.jpg\"><img loading=\"lazy\" decoding=\"async\" width=\"917\" height=\"611\" src=\"https:\/\/swagh.agh.edu.pl\/wp-content\/uploads\/2022\/03\/2.jpg\" alt=\"\" class=\"wp-image-5046\" srcset=\"https:\/\/swagh.agh.edu.pl\/wp-content\/uploads\/2022\/03\/2.jpg 917w, https:\/\/swagh.agh.edu.pl\/wp-content\/uploads\/2022\/03\/2-300x200.jpg 300w, https:\/\/swagh.agh.edu.pl\/wp-content\/uploads\/2022\/03\/2-768x512.jpg 768w, https:\/\/swagh.agh.edu.pl\/wp-content\/uploads\/2022\/03\/2-420x280.jpg 420w\" sizes=\"auto, (max-width: 917px) 100vw, 917px\" \/><\/a><\/figure>\n\n\n\n<p>Prof. Piotr Czaja zaprezentowa\u0142 skr\u00f3cony protok\u00f3\u0142 z obrad Kapitu\u0142y, a nast\u0119pnie wr\u0119czy\u0142 wyr\u00f3\u017cnienia razem z panem Piotrem Pyzikiem &#8211; Wiceministrem do spraw G\u00f3rnictwa w Ministerstwie&nbsp; Aktyw\u00f3w Pa\u0144stwowych.<\/p>\n\n\n\n<p>Wyniki konkursu s\u0105 nast\u0119puj\u0105ce:<\/p>\n\n\n\n<p><strong><u>a) W kategorii \u201eOsobowo\u015b\u0107\u201d:<\/u><\/strong><strong><\/strong><\/p>\n\n\n\n<ul class=\"wp-block-list\"><li>nagroda dla Pan Artura Wasila &#8211; Prezesa Lubelskiego W\u0119gla Bogdanka SA, wychowanka AGH, absolwenta wydzia\u0142u G\u00f3rniczego AGH (2002 r.), cz\u0142onka SW. Nagrod\u0119 przyznano za ca\u0142okszta\u0142t dzia\u0142alno\u015bci o szczeg\u00f3lnym znaczeniu dla polskiego g\u00f3rnictwa w obszarze praktyki,<\/li><\/ul>\n\n\n\n<figure class=\"wp-block-image size-full is-resized\"><a href=\"https:\/\/swagh.agh.edu.pl\/wp-content\/uploads\/2022\/03\/3.png\"><img loading=\"lazy\" decoding=\"async\" src=\"https:\/\/swagh.agh.edu.pl\/wp-content\/uploads\/2022\/03\/3.png\" alt=\"\" class=\"wp-image-5047\" width=\"839\" height=\"561\" srcset=\"https:\/\/swagh.agh.edu.pl\/wp-content\/uploads\/2022\/03\/3.png 760w, https:\/\/swagh.agh.edu.pl\/wp-content\/uploads\/2022\/03\/3-300x201.png 300w, https:\/\/swagh.agh.edu.pl\/wp-content\/uploads\/2022\/03\/3-420x280.png 420w\" sizes=\"auto, (max-width: 839px) 100vw, 839px\" \/><\/a><figcaption><em>Laureat nagrody: Osobowo\u015b\u0107 Roku prezes Artur Wasil (w \u015brodku) z ministrem Piotrem Pyzikiem (z prawej) i prezesem SW AGH \u2013 Piotrem Czaj\u0105. (Fot. A. Miozga).<\/em><\/figcaption><\/figure>\n\n\n\n<p><strong><u>b)&nbsp; W kategorii \u201eInnowacyjno\u015b\u0107\u201d:<\/u><\/strong><\/p>\n\n\n\n<ul class=\"wp-block-list\"><li>nagroda dla Lubelskiego W\u0119gla Bogdanka S.A. za popraw\u0119 warunk\u00f3w klimatycznych, poprzez wdro\u017cenie technologii wytwarzania lodu binarnego, jako czynnika zwi\u0119kszaj\u0105cego moc klimatyzacji centralnej.<\/li><li>wyr\u00f3\u017cnienie dla Polskiej Grupy G\u00f3rniczej za Portal szkoleniowo-rozwojowy, po\u0142\u0105czony z aplikacj\u0105 CMS (Course Management System).<\/li><li>wyr\u00f3\u017cnienie dla TAURON Wydobycie S.A. za innowacyjne rozwi\u0105zania techniczne zastosowane w&nbsp;g\u00f3rniczym wyci\u0105gu szybowym szybu \u201eJanina VI\u201d, podnosz\u0105ce efektywno\u015b\u0107 i bezpiecze\u0144stwo pracy.<\/li><\/ul>\n\n\n\n<figure class=\"wp-block-image size-large\"><a href=\"https:\/\/swagh.agh.edu.pl\/wp-content\/uploads\/2022\/03\/4.jpg\"><img loading=\"lazy\" decoding=\"async\" width=\"1024\" height=\"683\" src=\"https:\/\/swagh.agh.edu.pl\/wp-content\/uploads\/2022\/03\/4-1024x683.jpg\" alt=\"\" class=\"wp-image-5048\" srcset=\"https:\/\/swagh.agh.edu.pl\/wp-content\/uploads\/2022\/03\/4-1024x683.jpg 1024w, https:\/\/swagh.agh.edu.pl\/wp-content\/uploads\/2022\/03\/4-300x200.jpg 300w, https:\/\/swagh.agh.edu.pl\/wp-content\/uploads\/2022\/03\/4-768x512.jpg 768w, https:\/\/swagh.agh.edu.pl\/wp-content\/uploads\/2022\/03\/4-420x280.jpg 420w, https:\/\/swagh.agh.edu.pl\/wp-content\/uploads\/2022\/03\/4.jpg 1386w\" sizes=\"auto, (max-width: 1024px) 100vw, 1024px\" \/><\/a><figcaption><em>Laureaci nagrody i wyr\u00f3\u017cnie\u0144 w kategorii: Innowacyjno\u015b\u0107. (Fot. A. Miozga).<\/em><\/figcaption><\/figure>\n\n\n\n<p><strong><u>c) W kategorii \u201eEkologia\u201d:<\/u><\/strong><\/p>\n\n\n\n<ul class=\"wp-block-list\"><li>wyr\u00f3\u017cnienia dla TAURON Wydobycie S.A. i G\u0142\u00f3wnego Instytutu G\u00f3rnictwa za opracowanie koncepcji wykonania eksperymentalnej pokrywy rekultywacyjnej fragmentu ha\u0142dy, z&nbsp;wykorzystaniem materia\u0142\u00f3w i odpad\u00f3w oraz budowy poligonu do\u015bwiadczalnego w Zak\u0142adzie G\u00f3rniczym Janina w Libi\u0105\u017cu, w ramach projektu RECOVERY.<\/li><li>wyr\u00f3\u017cnienie dla G\u0142\u00f3wnego Instytutu G\u00f3rnictwa za BioCargo \u2013 Urz\u0105dzenie do analizy stanu fizjologicznego osadu czynnego i toksyczno\u015bci \u015bciek\u00f3w oraz transportu \u015brodowiskowych pr\u00f3bek biologicznych.<\/li><\/ul>\n\n\n\n<figure class=\"wp-block-image size-large\"><a href=\"https:\/\/swagh.agh.edu.pl\/wp-content\/uploads\/2022\/03\/5.jpg\"><img loading=\"lazy\" decoding=\"async\" width=\"1024\" height=\"683\" src=\"https:\/\/swagh.agh.edu.pl\/wp-content\/uploads\/2022\/03\/5-1024x683.jpg\" alt=\"\" class=\"wp-image-5049\" srcset=\"https:\/\/swagh.agh.edu.pl\/wp-content\/uploads\/2022\/03\/5-1024x683.jpg 1024w, https:\/\/swagh.agh.edu.pl\/wp-content\/uploads\/2022\/03\/5-300x200.jpg 300w, https:\/\/swagh.agh.edu.pl\/wp-content\/uploads\/2022\/03\/5-768x512.jpg 768w, https:\/\/swagh.agh.edu.pl\/wp-content\/uploads\/2022\/03\/5-420x280.jpg 420w, https:\/\/swagh.agh.edu.pl\/wp-content\/uploads\/2022\/03\/5.jpg 1386w\" sizes=\"auto, (max-width: 1024px) 100vw, 1024px\" \/><\/a><figcaption><em>Laureaci nagrody i wyr\u00f3\u017cnie\u0144 w kategorii: Ekologia &nbsp;(Fot. A. Miozga).<\/em><\/figcaption><\/figure>\n\n\n\n<p>Gal\u0119 zako\u0144czy\u0142 wspania\u0142y koncert w wykonaniu muzyk\u00f3w Orkiestry Symfonicznej Filharmonii \u015al\u0105skiej pod dyrekcj\u0105 dyrektora naczelnego i artystycznego Filharmonii Zabrza\u0144skiej S\u0142awomira Chrzanowskiego.&nbsp; Wraz z orkiestr\u0105 wyst\u0105pili soli\u015bci Iwona Socha i Adam Sobierajski.<\/p>\n\n\n\n<figure class=\"wp-block-image size-large is-resized\"><a href=\"https:\/\/swagh.agh.edu.pl\/wp-content\/uploads\/2022\/03\/6.jpg\"><img loading=\"lazy\" decoding=\"async\" src=\"https:\/\/swagh.agh.edu.pl\/wp-content\/uploads\/2022\/03\/6-1024x683.jpg\" alt=\"\" class=\"wp-image-5050\" width=\"840\" height=\"560\" srcset=\"https:\/\/swagh.agh.edu.pl\/wp-content\/uploads\/2022\/03\/6-1024x683.jpg 1024w, https:\/\/swagh.agh.edu.pl\/wp-content\/uploads\/2022\/03\/6-300x200.jpg 300w, https:\/\/swagh.agh.edu.pl\/wp-content\/uploads\/2022\/03\/6-768x512.jpg 768w, https:\/\/swagh.agh.edu.pl\/wp-content\/uploads\/2022\/03\/6-420x280.jpg 420w, https:\/\/swagh.agh.edu.pl\/wp-content\/uploads\/2022\/03\/6.jpg 1072w\" sizes=\"auto, (max-width: 840px) 100vw, 840px\" \/><\/a><figcaption><em>Orkiestra Symfoniczna Filharmonii \u015al\u0105skiej pod dyrekcj\u0105 S\u0142awomira Chrzanowskiego (fot. A. Miozga).<\/em><\/figcaption><\/figure>\n\n\n\n<figure class=\"wp-block-image size-large\"><a href=\"https:\/\/swagh.agh.edu.pl\/wp-content\/uploads\/2022\/03\/7.jpg\"><img loading=\"lazy\" decoding=\"async\" width=\"1024\" height=\"682\" src=\"https:\/\/swagh.agh.edu.pl\/wp-content\/uploads\/2022\/03\/7-1024x682.jpg\" alt=\"\" class=\"wp-image-5051\" srcset=\"https:\/\/swagh.agh.edu.pl\/wp-content\/uploads\/2022\/03\/7-1024x682.jpg 1024w, https:\/\/swagh.agh.edu.pl\/wp-content\/uploads\/2022\/03\/7-300x200.jpg 300w, https:\/\/swagh.agh.edu.pl\/wp-content\/uploads\/2022\/03\/7-768x512.jpg 768w, https:\/\/swagh.agh.edu.pl\/wp-content\/uploads\/2022\/03\/7-420x280.jpg 420w, https:\/\/swagh.agh.edu.pl\/wp-content\/uploads\/2022\/03\/7.jpg 1124w\" sizes=\"auto, (max-width: 1024px) 100vw, 1024px\" \/><\/a><figcaption><em>Soli\u015bci koncertu: Iwona Socha i Adam Sobierajski (fot. A. Miozga).<\/em><\/figcaption><\/figure>\n\n\n\n<p>Podczas swego wyst\u0105pienia prezes SW AGH prof. Piotr Czaja z\u0142o\u017cy\u0142 na r\u0119ce pana Prezesa G\u00f3rniczej Izby Przemys\u0142owo Handlowej pana Janusza Olszowskiego gratulacje, podzi\u0119kowania za 30 lat owocnej pracy oraz \u017cyczenia \u201esukces\u00f3w\u201d na dalsze lata. Prezes&nbsp; z\u0142o\u017cy\u0142 tak\u017ce \u017cyczenia wszystkim paniom \u2013 jako \u017ce koncert odbywa\u0142 si\u0119 w przededniu ich \u015bwi\u0119ta Mi\u0119dzynarodowego Dnia Kobiet.<\/p>\n\n\n\n<p>Wszelkie informacje o dzia\u0142alno\u015bci G\u00f3rniczej Izby Przemys\u0142owo Handlowej mo\u017cna znale\u017a\u0107 na stronie internetowej pod adresem:&nbsp; <a href=\"http:\/\/www.giph.com.pl\/\" target=\"_blank\" rel=\"noreferrer noopener\">http:\/\/www.giph.com.pl\/<\/a><\/p>\n\n\n\n<p><em>Relacj\u0119 przygotowa\u0142:<br>Piotr Czaja<br>Prezes SW AGH<\/em><\/p>\n","protected":false},"excerpt":{"rendered":"<p>W dniu 7 marca 2022 roku w budynku Filharmonii \u015al\u0105skiej w&nbsp;Katowicach odby\u0142 si\u0119 Jubileuszowy Koncert Noworoczny z okazji 30\u2011lecia dzia\u0142alno\u015bci na polskim rynku G\u00f3rniczej Izby Przemys\u0142owo Handlowej. Ca\u0142a uroczysto\u015b\u0107 odby\u0142a si\u0119 w cieniu inwazji Rosji<\/p>\n","protected":false},"author":1,"featured_media":5044,"comment_status":"closed","ping_status":"open","sticky":false,"template":"","format":"standard","meta":{"footnotes":"","_links_to":"","_links_to_target":""},"categories":[1],"tags":[],"class_list":["post-5043","post","type-post","status-publish","format-standard","has-post-thumbnail","hentry","category-bez-kategorii"],"_links":{"self":[{"href":"https:\/\/swagh.agh.edu.pl\/index.php?rest_route=\/wp\/v2\/posts\/5043","targetHints":{"allow":["GET"]}}],"collection":[{"href":"https:\/\/swagh.agh.edu.pl\/index.php?rest_route=\/wp\/v2\/posts"}],"about":[{"href":"https:\/\/swagh.agh.edu.pl\/index.php?rest_route=\/wp\/v2\/types\/post"}],"author":[{"embeddable":true,"href":"https:\/\/swagh.agh.edu.pl\/index.php?rest_route=\/wp\/v2\/users\/1"}],"replies":[{"embeddable":true,"href":"https:\/\/swagh.agh.edu.pl\/index.php?rest_route=%2Fwp%2Fv2%2Fcomments&post=5043"}],"version-history":[{"count":3,"href":"https:\/\/swagh.agh.edu.pl\/index.php?rest_route=\/wp\/v2\/posts\/5043\/revisions"}],"predecessor-version":[{"id":5053,"href":"https:\/\/swagh.agh.edu.pl\/index.php?rest_route=\/wp\/v2\/posts\/5043\/revisions\/5053"}],"wp:featuredmedia":[{"embeddable":true,"href":"https:\/\/swagh.agh.edu.pl\/index.php?rest_route=\/wp\/v2\/media\/5044"}],"wp:attachment":[{"href":"https:\/\/swagh.agh.edu.pl\/index.php?rest_route=%2Fwp%2Fv2%2Fmedia&parent=5043"}],"wp:term":[{"taxonomy":"category","embeddable":true,"href":"https:\/\/swagh.agh.edu.pl\/index.php?rest_route=%2Fwp%2Fv2%2Fcategories&post=5043"},{"taxonomy":"post_tag","embeddable":true,"href":"https:\/\/swagh.agh.edu.pl\/index.php?rest_route=%2Fwp%2Fv2%2Ftags&post=5043"}],"curies":[{"name":"wp","href":"https:\/\/api.w.org\/{rel}","templated":true}]}}