{"id":5091,"date":"2022-03-24T09:10:47","date_gmt":"2022-03-24T09:10:47","guid":{"rendered":"https:\/\/swagh.agh.edu.pl\/?p=5091"},"modified":"2022-03-24T13:25:43","modified_gmt":"2022-03-24T13:25:43","slug":"dr-inz-zenon-duda-pozegnanie","status":"publish","type":"post","link":"https:\/\/swagh.agh.edu.pl\/?p=5091","title":{"rendered":"dr  in\u017c. Zenon Duda \u2013 po\u017cegnanie"},"content":{"rendered":"\n<p>W dniu 16 marca 2022 roku odszed\u0142 od nas dr in\u017c. Zenon Duda (1935-2022) bardzo bliski wsp\u00f3\u0142pracownik Stowarzyszenia Wychowank\u00f3w AGH- wyr\u00f3\u017cniony odznak\u0105 &#8221; Zas\u0142u\u017cony dla Stowarzyszenia Wychowank\u00f3w AGH&#8221;. Wieloletni przewodnicz\u0105cy Komitetu Obchod\u00f3w Dnia G\u00f3rnika w\u00a0 AGH, wsp\u00f3\u0142organizator wielu Zjazd\u00f3w Naukowych Wychowank\u00f3w. Krzewiciel i propagator tradycji g\u00f3rniczych.\u00a0 Ekspert Ministerstwa Kultury i Dziedzictwa Narodowego do spraw ochrony Zabytk\u00f3w, a tak\u017ce Ekspert Rady do spraw Kultury i Dziedzictwa Narodowego Konferencji Episkopatu Polski.<br>Wspania\u0142y nauczyciel akademicki. In\u017cynier g\u00f3rniczy z krwi i ko\u015bci, specjalista z zakresu budownictwa podziemnego.<\/p>\n\n\n\n<p>Poni\u017cej niekt\u00f3re szczeg\u00f3\u0142y zawarte w po\u017cegnaniu Prezesa SW AGH prof. Piotra Czai przedstawione podczas ceremonii pogrzebowej w dn. 23.03.2022 na Cmentarzu Rakowickim w Krakowie.<\/p>\n\n\n\n<p>&#8222;<em>Czcigodni kap\u0142ani koncelebransi,<br>pogr\u0105\u017cona w \u017ca\u0142obie rodzino,<br>drodzy przyjaciele zmar\u0142ego Zenona<\/em><\/p>\n\n\n\n<p><em>Drogi kolego Zenonie<br>W trzecim dniu niespokojnej wiosny roku 2022, &nbsp;po\u015br\u00f3d majestatycznej ciszy tej krakowskiej nekropoli gdzie wiosn\u0105 gospodarzami s\u0105 tylko roz\u015bpiewane podniebne ptaki, gdzie spoczywaj\u0105 tysi\u0105ce os\u00f3b zwi\u0105zanych z histori\u0105 krakowskiego grodu, z histori\u0105 naszej uczelni, gdzie spoczywaj\u0105 nasi rektorzy, profesorowie i&nbsp; liczni Twoi koledzy, w tym Twoja ukochana \u017cona Lucyna. W&nbsp; trzecim dniu wiosny Ty nasz przyjacielu Zenonie odchodzisz od nas nieutulonych w \u017calu w nieznane krainy ludzkiego niebytu.<\/em><\/p>\n\n\n\n<p><strong><em>Ceremonia pogrzebowa to ostania okoliczno\u015b\u0107<\/em><\/strong><em>, aby na kliszach naszej pami\u0119ci zapisa\u0107 pozosta\u0142e po Tobie, tak cenne i promieniste wspomnienia z wieloletniej wsp\u00f3\u0142pracy. &nbsp;Twoje&nbsp; przesz\u0142o 60 lat obecno\u015bci w \u017cyciu &#8211; jak mawia\u0142e\u015b &#8211;&nbsp; Twojej kochanej AGH \u2013 to wielki wolumen dobra, solidno\u015bci i ludzkiej \u017cyczliwo\u015bci jak\u0105 przelewa\u0142e\u015b na nas &#8211; Twoich m\u0142odszych Koleg\u00f3w.<\/em><\/p>\n\n\n\n<p><em>&nbsp;&nbsp;&nbsp;&nbsp;&nbsp; <strong>Chc\u0105c Ci\u0119 zachowa\u0107 w naszej pami\u0119ci<\/strong> takim jakim by\u0142e\u015b w&nbsp; imieniu Stowarzyszenia Wychowank\u00f3w AGH przybli\u017c\u0119 kilka fakt\u00f3w z Twojego \u017cycia ukazuj\u0105cych Twoje dwie pasje.<\/em><\/p>\n\n\n\n<p><strong><em>Drodzy zebrani<\/em><\/strong><em> &#8211; wybaczcie, bo nie b\u0119d\u0119 tu wylicza\u0142 szczeg\u00f3\u0142\u00f3w kariery naukowo-zawodowej doktora Zenona Dudy, bo ta jest bardzo bogata i&nbsp;pe\u0142na fascynuj\u0105cych moment\u00f3w. Przywo\u0142am jednak to co z punktu widzenia naszej AGH\u2011owskiej Stowarzyszeniowej rodziny tworzy t\u0119 obszern\u0105 i wielobarwn\u0105 mozaik\u0119 osi\u0105gni\u0119\u0107 krakowskiej AGH.<\/em><\/p>\n\n\n\n<p><strong><em>Pierwsza pasja i osobowo\u015b\u0107 doktora Zenona Dudy to &nbsp;od roku 1962<\/em><\/strong><em> wspania\u0142y &nbsp;i oddany nauczyciel akademicki.&nbsp; By\u0142 on autentycznym in\u017cynierem G\u00f3rniczym&nbsp; &#8211; <strong>g\u00f3rnikiem z krwi i ko\u015bci <\/strong>do samego ko\u0144ca. &nbsp;Jako doktor nauk technicznych w dyscyplinie g\u00f3rnictwo i geologia in\u017cynierska by\u0142 w przemy\u015ble &nbsp;cenionym ekspertem, zawsze obecnym i aktywnym naukowo na wielkim placu budowy polskiego g\u00f3rnictwa w\u0119glowego g\u00f3rnictwa rud miedzi, rud cynku i o\u0142owiu, soli i wielu innych kopalin. Pracuj\u0105c w jednym pokoju z jego &nbsp;najbli\u017cszymi wsp\u00f3\u0142pracownikami Jurkiem i nie&nbsp; \u017cyj\u0105cym ju\u017c W\u0142odkiem&nbsp; widzia\u0142em jego zaanga\u017cowanie w rozpl\u0105tywanie gordyjskiego w\u0119z\u0142a jakim w budownictwie szybowym by\u0142o mro\u017cenie g\u00f3rotworu do znacznych g\u0142\u0119boko\u015bci. By\u0142 ze swoj\u0105 dru\u017cyn\u0105 &nbsp;zawsze gotowy na ka\u017cdy sygna\u0142 z przemys\u0142u, aby&nbsp; jecha\u0107, rozpoznawa\u0107, doradza\u0107 i usprawnia\u0107. Prowadzi\u0142 wraz ze wspomnianymi nowatorskie badania podaj\u0105c wykonawcom w przemy\u015ble&nbsp; recepty na rozwi\u0105zanie trudnych problem\u00f3w.&nbsp; Ceniono jego &nbsp;wiedz\u0119 nie tylko w kraju ale tak\u017ce za granic\u0105, gdzie cz\u0119sto wzywano go w charakterze eksperta. Wyst\u0119powa\u0142 na wszystkich wa\u017cnych konferencjach naukowych i kongresach z ciekawymi praktycznymi referatami.<\/em><\/p>\n\n\n\n<p><em>&nbsp;&nbsp;&nbsp;&nbsp;&nbsp; Jako wychowanek AGH przynosi\u0142 s\u0142aw\u0119 tej uczelni &nbsp;nie tylko na polu g\u00f3rniczym. Interdyscyplinarna wiedza sprawi\u0142a, \u017ce by\u0142 tak\u017ce ekspertem budownictwa nie tylko podziemnego, co bardzo pomaga\u0142o m\u0142odemu kierunkowi \u201ebudownictwo\u201d rozwijanemu na wydziale G\u00f3rniczym. &nbsp;Wsp\u00f3\u0142pracuj\u0105c z licznymi instytucjami tak \u015bwieckimi jak i ko\u015bcielnymi ma olbrzymi wk\u0142ad w ratowanie wielu polskich kompleks\u00f3w zabytkowych w architekturze &nbsp;sakralnej jak te\u017c infrastruktury cywilnej stanowi\u0105cej cenne zabytki polskiej kultury. S\u0105 w\u015br\u00f3d nich:<\/em><\/p>\n\n\n\n<ul class=\"wp-block-list\"><li><em>Archikolegiata \u0141\u0119czycka w Tumie<\/em><\/li><li><em>Arkady Kubickiego w Warszawie,<\/em><\/li><li><em>Zamek &nbsp;Raciborski,<\/em><\/li><li><em>Magazyn Solny w Olsztynie,<\/em><\/li><li><em>Wawelska \u201eSmocza Jama\u201d w Krakowie,<\/em><\/li><li><em>Kopalnie Soli w Wieliczce i Kopalnia Soli w Bochni i wreszcie<\/em><\/li><li><em>Zamek w Malborku, gdzie po \u015bmierci najbardziej zas\u0142u\u017conego w tej materii w AGH prof. Strzeleckiego przez wiele lat sprawowa\u0142 nadz\u00f3r autorski nad pracami konserwatorsko-zabezpieczaj\u0105cymi zako\u0144czonymi pe\u0142nym sukcesem.<\/em><\/li><\/ul>\n\n\n\n<p><em>Kol. Zenon Duda w\u0142o\u017cy\u0142 te\u017c wiele serca w prace nad odrestaurowaniem i utworzeniem w Krzemionkach Opatowskich<a href=\"https:\/\/pl.wikipedia.org\/wiki\/Rezerwat_archeologiczny\"><\/a> Rezerwatu &nbsp;chroni\u0105cego zesp\u00f3\u0142 neolitycznych kopal\u0144 krzemienia pasiastego, kt\u00f3ry w roku 2019 wpisano na list\u0119 \u015bwiatowego dziedzictwa UNESCO. Tam te\u017c przez wiele lat &nbsp;by\u0142&nbsp; cz\u0142onkiem Rady Naukowej Muzeum, a jego zaanga\u017cowanie uhonorowano nadaj\u0105c imi\u0119 \u201eZenon\u201d jednemu z szyb\u00f3w udost\u0119pniaj\u0105cych podziemn\u0105 kopalni\u0119 krzemienia, w kt\u00f3rej urz\u0105dzono podziemn\u0105 tras\u0119 turystyczn\u0105, licznie odwiedzan\u0105 przez turyst\u00f3w.<\/em><\/p>\n\n\n\n<p><em>Jako jedyny in\u017cynier g\u00f3rnik z AGH zosta\u0142 powo\u0142any przez Ministra Kultury i Dziedzictwa Narodowego do zespo\u0142u Rzeczoznawc\u00f3w &nbsp;<\/em><em>w zakresie opieki nad zabytkami. Anga\u017cuj\u0105c si\u0119 tak\u017ce w zabezpieczenia <\/em><em>obiekt\u00f3w sakralnych zosta\u0142 r\u00f3wnie\u017c <\/em><em>Ekspertem Rady do spraw Kultury i Dziedzictwa Narodowego Konferencji Episkopatu Polski.<\/em><\/p>\n\n\n\n<p><em>W tym miejscu serdecznie dzi\u0119kuj\u0119 obecnym tu przedstawicielom instytucji, do kt\u00f3rych nale\u017c\u0105 wspomniane przez mnie, a ratowane przez Zenona obiekty historyczne.<\/em><\/p>\n\n\n\n<p><strong><em>Druga osobowo\u015b\u0107 &nbsp;Zenona Dudy to osobowo\u015b\u0107 pasjonata<\/em><\/strong><em> i krzewiciela tradycji g\u00f3rniczych, kt\u00f3re do AGH przenikn\u0119\u0142y wraz wychowankami Czytelni Polskiej Akademik\u00f3w G\u00f3rniczych w Leoben ju\u017c w pierwszym roku jej funkcjonowania &nbsp;w Krakowie. &nbsp;Dr Duda wsp\u00f3\u0142pracuj\u0105c z innym pasjonatem tradycji g\u00f3rniczych prof. Witoldem \u017babickim przez wiele lat bardzo trudnych w historii Polski rozwijali te pi\u0119kne tradycje w AGH i nie pozwolili &nbsp;ich zdusi\u0107, jak to zrobi\u0142y inne kraje o\u015bcienne naszego bloku wschodniego, ulegaj\u0105c presji eliminacji patronki&nbsp; &nbsp;\u015bwi\u0119tej Barbary z \u017cycia g\u00f3rnik\u00f3w. Przez 100 lat istnienia naszej uczelni&nbsp; Barb\u00f3rka w AGH by\u0142a wydarzeniem kulturalnym Krakowa. To kol. Zenon Duda przez wiele lat sta\u0142 na czele komitetu organizacyjnego tej uroczysto\u015bci. Wsp\u00f3lnie ze Stowarzyszeniem Wychowank\u00f3w AGH do roku 1984 organizowa\u0142 corocznie kolejne Zjazdy Naukowe Wychowank\u00f3w po\u0142\u0105czone z konferencjami tematycznymi dotycz\u0105cymi najistotniejszych spraw polskiego i \u015bwiatowego g\u00f3rnictwa. Pod jego kierunkiem m\u0142odzie\u017c z Wydzia\u0142u G\u00f3rniczego za\u0142o\u017cy\u0142a unikatowe \u201eStudenckie Towarzystwo G\u00f3rnicze\u201d, kt\u00f3re w spos\u00f3b szczeg\u00f3lny podtrzymywa\u0142o i kultywowa\u0142o te pi\u0119kne tradycje, kt\u00f3rych elementem by\u0142 te\u017c obrz\u0119d pogrzebu g\u00f3rniczego.&nbsp; By\u0142 wielkim or\u0119downikiem przywr\u00f3cenia w roku 2002 przez \u00f3wczesne kierownictwo wydzia\u0142u G\u00f3rnictwa i Geoin\u017cynierii tradycyjnych &nbsp;Pochody Lis\u00f3w z AGH do Rynku G\u0142\u00f3wnego i potem do Kolegiaty \u015bw. Anny, gdzie odbywa\u0142y si\u0119 uroczyste msze \u015bw. Barb\u00f3rkowe.<\/em><\/p>\n\n\n\n<p><em>Jak mi wyzna\u0142 osobi\u015bcie \u2013 cierpia\u0142 bardzo z powodu zmian na Jego wydziale \u2013 zmian &#8211; marginalizuj\u0105cych &nbsp;\u201eg\u00f3rnictwo\u201d, kt\u00f3re &nbsp;jak wiemy by\u0142o kluczem do powstania obecnej AGH i nadal jest pocz\u0105tkiem ka\u017cdej dzia\u0142alno\u015bci przemys\u0142owej i bez kt\u00f3rego \u017cadna gospodarka nie &nbsp;b\u0119dzie mia\u0142a surowc\u00f3w, wi\u0119c nie b\u0119dzie mia\u0142a przysz\u0142o\u015bci.<\/em><\/p>\n\n\n\n<p><strong><em>I c\u00f3\u017c drogi Zenonie. Jeste\u015b ju\u017c wolny<\/em><\/strong><em> od wszelkich ziemskich trosk. Wolny od wojny, Covida, inflacji i ocieplenia klimatu. Tw\u00f3j dom doczesnej pielgrzymki rozpad\u0142 si\u0119, a my wierzymy, \u017ce Pan przygotowa\u0142 Ci w niebie wiekuiste &nbsp;mieszkanie. Tw\u00f3j plecak jest pe\u0142en dobrych uczynk\u00f3w: By\u0142e\u015b kochaj\u0105cym m\u0119\u017cem, dobrym Ojcem i wspania\u0142ym dziadkiem. By\u0142e\u015b wspania\u0142ym wice dyrektorem Instytutu Projektowania i Budowy Kopal\u0144. Zabiega\u0142e\u015b o losy wsp\u00f3\u0142pracownik\u00f3w w Zwi\u0105zku Nauczycielstwa Polskiego w AGH. Dla student\u00f3w by\u0142e\u015b cenionym mistrzem, a dla nas \u201eKarlus\u00f3w\u201d \u2013 jak mawia\u0142e\u015b pi\u0119knie gwar\u0105 \u015bl\u0105sk\u0105 \u2013 gdy\u017c Twoje korzenie by\u0142y w Miko\u0142owie \u2011 by\u0142e\u015b &nbsp;inspiracj\u0105, dobrym duchem i przewodnikiem. By\u0142e\u015b wspania\u0142ym Ambasadorem rodziny Wychowank\u00f3w AGH.<\/em><\/p>\n\n\n\n<p><em>Odznaczono Ci\u0119 wieloma najcenniejszymi orderami, odznakami i godno\u015bciami. Wydzia\u0142 G\u00f3rnictwa i Geoin\u017cynierii uhonorowa\u0142 Ci\u0119 swoim najwy\u017cszym wyr\u00f3\u017cnieniem \u2013 Kryszta\u0142ow\u0105 Barb\u00f3rk\u0105, ale czy to te trofea s\u0105 dzisiaj najwa\u017cniejsze?<\/em><\/p>\n\n\n\n<p><em>Nie wiemy tego, nie wiemy &nbsp;gdzie teraz jeste\u015b, czy pukasz ju\u017c do niebios bram, czy ku nim zmierzasz drog\u0105 dalek\u0105, o kt\u00f3rej &nbsp;pisa\u0142 Krzysztof Kamil Baczy\u0144ski:<\/em><\/p>\n\n\n\n<p><strong><em>\u2026.Tak daleko, droga ci\u0119\u017cka i nabrzmia\u0142a,<\/em><\/strong><\/p>\n\n\n\n<p><strong><em>od \u0142ez twardych poorana w d\u0142ugie bruzdy,<\/em><\/strong><\/p>\n\n\n\n<p><strong><em>tak si\u0119 idzie, \u0142oskotami szyj\u0105c pr\u00f3\u017cnie,<\/em><\/strong><\/p>\n\n\n\n<p><strong><em>po kamieniach, mg\u0142\u0105 opitych biel\u0105, t\u0142ustych\u2026\u2026<\/em><\/strong><\/p>\n\n\n\n<p><em>i dalej pisa\u0142.<\/em><em><\/em><\/p>\n\n\n\n<p><strong><em>(\u2026.)&nbsp; W takie serce b\u0119d\u0119 teraz ni\u00f3s\u0142 two<\/em><\/strong><strong><em>j<\/em><\/strong><strong><em>e zm\u0119czone imi\u0119,<\/em><\/strong><\/p>\n\n\n\n<p><strong><em>w proste serce Boga,<br>co <\/em><\/strong><strong><em>j<\/em><\/strong><strong><em>est <\/em><\/strong><strong><em>j<\/em><\/strong><strong><em>ak g\u00f3r zielonych dolina dla owiec<br>i <\/em><\/strong><strong><em>j<\/em><\/strong><strong><em>est jak sen nagrzany i bia\u0142y grobowiec\u2026..<\/em><\/strong><\/p>\n\n\n\n<p><strong><em>Zenonie drogi<\/em><\/strong><\/p>\n\n\n\n<p><em>czy s\u0142ysza\u0142e\u015b te przejmuj\u0105ce \u017ca\u0142obne d\u017awi\u0119ki ukochanej przez ciebie orkiestry g\u00f3rniczej z Kopali Soli \u201eWieliczka\u201d, czy widzisz ilu przyjaci\u00f3\u0142 przybranych w galowe g\u00f3rnicze mundury op\u0142akuje Twoje odej\u015bcie. Idziesz na drugi brzeg do Pana kt\u00f3remu by\u0142e\u015b bezgranicznie wierny, idziesz do Swojej Lusi, kt\u00f3r\u0105 Pan wezwa\u0142 do siebie -niestety &#8211; znacznie wcze\u015bniej.<\/em><\/p>\n\n\n\n<p><em>Idziesz \u2013 wi\u0119c &nbsp;czekaj tam na nas, cho\u0107 Pana&nbsp; nie ponaglaj bo jeszcze nie jeste\u015bmy gotowi.<\/em><\/p>\n\n\n\n<p><em>My za\u015b wierz\u0105c s\u0142owom naszej g\u00f3rniczej piosenki wiemy, \u017ce<br><strong>(\u2026)\u2026.kiedy\u015b przyjdzie czas \u017cegna\u0107 podziemne g\u00f3ry,<br>\u017ce dzwonka g\u0142os ostatni raz odezwie si\u0119 ponury.<br><\/strong>&nbsp; &nbsp;dzi\u015b nie p\u0142aczemy bo:<\/em><\/p>\n\n\n\n<p><strong><em>(\u2026.)&nbsp; si\u0119 obaczym tam,<\/em><\/strong><\/p>\n\n\n\n<p><strong><em>Szcz\u0119\u015b\u0107 nam, Szcz\u0119\u015b\u0107 nam, Szcz\u0119\u015b\u0107 Bo\u017ce nam\u2026.<\/em><\/strong><\/p>\n\n\n\n<p><em>Zenonie drogi dzi\u0119kujemy Ci za wszystko:<\/em><\/p>\n\n\n\n<p><em>za lata przyja\u017ani prawdziwej,<\/em><\/p>\n\n\n\n<p><em>&nbsp;za serce oddawane nam i naszej AGH.<\/em><\/p>\n\n\n\n<p><em>Na ten ostatni Tw\u00f3j zjazd pod ziemi\u0119 zabierz ze sob\u0105 nasze&nbsp; g\u00f3rnicze pozdrowienie <strong>\u201eSzcz\u0119\u015b\u0107 Bo\u017ce\u201d<\/strong><\/em><\/p>\n\n\n\n<p><strong><em>\u017begnaj i odpoczywaj w pokoju.&#8221;<br><br><\/em><\/strong><\/p>\n","protected":false},"excerpt":{"rendered":"<p>W dniu 16 marca 2022 roku odszed\u0142 od nas dr in\u017c. Zenon Duda (1935-2022) bardzo bliski wsp\u00f3\u0142pracownik Stowarzyszenia Wychowank\u00f3w AGH- wyr\u00f3\u017cniony odznak\u0105 &#8221; Zas\u0142u\u017cony dla Stowarzyszenia Wychowank\u00f3w AGH&#8221;. Wieloletni przewodnicz\u0105cy Komitetu Obchod\u00f3w Dnia G\u00f3rnika w\u00a0<\/p>\n","protected":false},"author":1,"featured_media":5092,"comment_status":"closed","ping_status":"open","sticky":false,"template":"","format":"standard","meta":{"footnotes":"","_links_to":"","_links_to_target":""},"categories":[1],"tags":[],"class_list":["post-5091","post","type-post","status-publish","format-standard","has-post-thumbnail","hentry","category-bez-kategorii"],"_links":{"self":[{"href":"https:\/\/swagh.agh.edu.pl\/index.php?rest_route=\/wp\/v2\/posts\/5091","targetHints":{"allow":["GET"]}}],"collection":[{"href":"https:\/\/swagh.agh.edu.pl\/index.php?rest_route=\/wp\/v2\/posts"}],"about":[{"href":"https:\/\/swagh.agh.edu.pl\/index.php?rest_route=\/wp\/v2\/types\/post"}],"author":[{"embeddable":true,"href":"https:\/\/swagh.agh.edu.pl\/index.php?rest_route=\/wp\/v2\/users\/1"}],"replies":[{"embeddable":true,"href":"https:\/\/swagh.agh.edu.pl\/index.php?rest_route=%2Fwp%2Fv2%2Fcomments&post=5091"}],"version-history":[{"count":3,"href":"https:\/\/swagh.agh.edu.pl\/index.php?rest_route=\/wp\/v2\/posts\/5091\/revisions"}],"predecessor-version":[{"id":5100,"href":"https:\/\/swagh.agh.edu.pl\/index.php?rest_route=\/wp\/v2\/posts\/5091\/revisions\/5100"}],"wp:featuredmedia":[{"embeddable":true,"href":"https:\/\/swagh.agh.edu.pl\/index.php?rest_route=\/wp\/v2\/media\/5092"}],"wp:attachment":[{"href":"https:\/\/swagh.agh.edu.pl\/index.php?rest_route=%2Fwp%2Fv2%2Fmedia&parent=5091"}],"wp:term":[{"taxonomy":"category","embeddable":true,"href":"https:\/\/swagh.agh.edu.pl\/index.php?rest_route=%2Fwp%2Fv2%2Fcategories&post=5091"},{"taxonomy":"post_tag","embeddable":true,"href":"https:\/\/swagh.agh.edu.pl\/index.php?rest_route=%2Fwp%2Fv2%2Ftags&post=5091"}],"curies":[{"name":"wp","href":"https:\/\/api.w.org\/{rel}","templated":true}]}}