{"id":5255,"date":"2022-04-28T07:13:26","date_gmt":"2022-04-28T07:13:26","guid":{"rendered":"https:\/\/swagh.agh.edu.pl\/?p=5255"},"modified":"2022-04-28T07:13:26","modified_gmt":"2022-04-28T07:13:26","slug":"pierwsze-posiedzenie-rady-stowarzyszenia-wychowankow-agh-21-04-2022-r","status":"publish","type":"post","link":"https:\/\/swagh.agh.edu.pl\/?p=5255","title":{"rendered":"Pierwsze Posiedzenie Rady Stowarzyszenia Wychowank\u00f3w AGH 21.04.2022 r."},"content":{"rendered":"\n<p><strong>W dniu 21 kwietnia 2022 r. odby\u0142o si\u0119 pierwsze posiedzenie Rady Stowarzyszenia Wychowank\u00f3w AGH powo\u0142anej przez IX Krajowy Zjazd Delegat\u00f3w&nbsp; SW.<\/strong><\/p>\n\n\n\n<p>W&nbsp; posiedzeniu uczestniczyli mi\u0119dzy innymi:<\/p>\n\n\n\n<ul class=\"wp-block-list\"><li>Przewodnicz\u0105cy Rady \u2013 prof. Jerzy Lis \u2013 rektor AGH<\/li><li>Sekretarz Rady prof. Miros\u0142aw Karbowniczek<\/li><li>By\u0142y rektora AGH prof. Tadeusz S\u0142omka<\/li><li>Prezes SW AGH prof. Piotr Czaja<\/li><\/ul>\n\n\n\n<figure class=\"wp-block-image size-large\"><a href=\"https:\/\/swagh.agh.edu.pl\/wp-content\/uploads\/2022\/04\/1-1.jpg\"><img loading=\"lazy\" decoding=\"async\" width=\"1024\" height=\"683\" src=\"https:\/\/swagh.agh.edu.pl\/wp-content\/uploads\/2022\/04\/1-1-1024x683.jpg\" alt=\"\" class=\"wp-image-5256\" srcset=\"https:\/\/swagh.agh.edu.pl\/wp-content\/uploads\/2022\/04\/1-1-1024x683.jpg 1024w, https:\/\/swagh.agh.edu.pl\/wp-content\/uploads\/2022\/04\/1-1-300x200.jpg 300w, https:\/\/swagh.agh.edu.pl\/wp-content\/uploads\/2022\/04\/1-1-768x513.jpg 768w, https:\/\/swagh.agh.edu.pl\/wp-content\/uploads\/2022\/04\/1-1-420x280.jpg 420w, https:\/\/swagh.agh.edu.pl\/wp-content\/uploads\/2022\/04\/1-1.jpg 1386w\" sizes=\"auto, (max-width: 1024px) 100vw, 1024px\" \/><\/a><figcaption><em>Fot. Z. Sulima<\/em><\/figcaption><\/figure>\n\n\n\n<figure class=\"wp-block-image size-large\"><a href=\"https:\/\/swagh.agh.edu.pl\/wp-content\/uploads\/2022\/04\/2.jpg\"><img loading=\"lazy\" decoding=\"async\" width=\"1024\" height=\"683\" src=\"https:\/\/swagh.agh.edu.pl\/wp-content\/uploads\/2022\/04\/2-1024x683.jpg\" alt=\"\" class=\"wp-image-5257\" srcset=\"https:\/\/swagh.agh.edu.pl\/wp-content\/uploads\/2022\/04\/2-1024x683.jpg 1024w, https:\/\/swagh.agh.edu.pl\/wp-content\/uploads\/2022\/04\/2-300x200.jpg 300w, https:\/\/swagh.agh.edu.pl\/wp-content\/uploads\/2022\/04\/2-768x513.jpg 768w, https:\/\/swagh.agh.edu.pl\/wp-content\/uploads\/2022\/04\/2-420x280.jpg 420w, https:\/\/swagh.agh.edu.pl\/wp-content\/uploads\/2022\/04\/2.jpg 1386w\" sizes=\"auto, (max-width: 1024px) 100vw, 1024px\" \/><\/a><figcaption><em>Fot. Z. Sulima<\/em><\/figcaption><\/figure>\n\n\n\n<p>W obradach uczestniczy\u0142y \u0142\u0105cznie \u00a032 osoby. Byli w\u015br\u00f3d nich Cz\u0142onkowie Honorowi SW AGH, przedstawiciele Zwi\u0105zk\u00f3w Zawodowych uczelni oraz liczni przedstawiciele k\u00f3\u0142 terenowych.<\/p>\n\n\n\n<figure class=\"wp-block-gallery columns-2 is-cropped wp-block-gallery-1 is-layout-flex wp-block-gallery-is-layout-flex\"><ul class=\"blocks-gallery-grid\"><li class=\"blocks-gallery-item\"><figure><a href=\"https:\/\/swagh.agh.edu.pl\/wp-content\/uploads\/2022\/04\/3.jpg\"><img loading=\"lazy\" decoding=\"async\" width=\"709\" height=\"473\" src=\"https:\/\/swagh.agh.edu.pl\/wp-content\/uploads\/2022\/04\/3.jpg\" alt=\"\" data-id=\"5258\" data-full-url=\"https:\/\/swagh.agh.edu.pl\/wp-content\/uploads\/2022\/04\/3.jpg\" data-link=\"https:\/\/swagh.agh.edu.pl\/?attachment_id=5258\" class=\"wp-image-5258\" srcset=\"https:\/\/swagh.agh.edu.pl\/wp-content\/uploads\/2022\/04\/3.jpg 709w, https:\/\/swagh.agh.edu.pl\/wp-content\/uploads\/2022\/04\/3-300x200.jpg 300w, https:\/\/swagh.agh.edu.pl\/wp-content\/uploads\/2022\/04\/3-420x280.jpg 420w\" sizes=\"auto, (max-width: 709px) 100vw, 709px\" \/><\/a><\/figure><\/li><li class=\"blocks-gallery-item\"><figure><a href=\"https:\/\/swagh.agh.edu.pl\/wp-content\/uploads\/2022\/04\/4.jpg\"><img loading=\"lazy\" decoding=\"async\" width=\"707\" height=\"472\" src=\"https:\/\/swagh.agh.edu.pl\/wp-content\/uploads\/2022\/04\/4.jpg\" alt=\"\" data-id=\"5259\" data-full-url=\"https:\/\/swagh.agh.edu.pl\/wp-content\/uploads\/2022\/04\/4.jpg\" data-link=\"https:\/\/swagh.agh.edu.pl\/?attachment_id=5259\" class=\"wp-image-5259\" srcset=\"https:\/\/swagh.agh.edu.pl\/wp-content\/uploads\/2022\/04\/4.jpg 707w, https:\/\/swagh.agh.edu.pl\/wp-content\/uploads\/2022\/04\/4-300x200.jpg 300w, https:\/\/swagh.agh.edu.pl\/wp-content\/uploads\/2022\/04\/4-420x280.jpg 420w\" sizes=\"auto, (max-width: 707px) 100vw, 707px\" \/><\/a><\/figure><\/li><\/ul><figcaption class=\"blocks-gallery-caption\"> <em>Fot. Z. Sulima<\/em> <\/figcaption><\/figure>\n\n\n\n<p><strong>Program posiedzenia obejmowa\u0142<\/strong><\/p>\n\n\n\n<ol class=\"wp-block-list\" type=\"1\"><li>Powitanie przyby\u0142ych .<\/li><li>Zatwierdzenie porz\u0105dku obrad Rady<\/li><li>Kr\u00f3tka informacja o\u00a0 wprowadzonych zmianach w Stowarzyszeniu i koncepcji funkcjonowania Rady Stowarzyszenia.<\/li><li>Prezentacja projektu regulaminu Rady SW AGH.<\/li><li>Dyskusja oraz uchwalenie \u201eRegulaminu funkcjonowania Rady Stowarzyszenia Wychowank\u00f3w AGH<\/li><li>Ustalenia dotycz\u0105ce\u00a0 Wice przewodnicz\u0105cych Rady.<\/li><li>Informacja\u00a0 o\u00a0 pracy w\u00a0 Zespo\u0142ach\u00a0 Problemowych (komisjach)\u00a0 dzia\u0142aj\u0105cych\u00a0 przy Zarz\u0105dzie SW.<\/li><li>Ustalenie spraw technicznych funkcjonowania\u00a0 Rady:<ul><li>cz\u0119sto\u015b\u0107 i\u00a0 terminy spotka\u0144,<\/li><li>sprawy komunikacji.<\/li><\/ul><\/li><li>Wolne wnioski i wypowiedzi.<\/li><li>Zamkni\u0119cie posiedzenia Rady.<\/li><\/ol>\n\n\n\n<p><strong>Przebieg posiedzenia<\/strong><\/p>\n\n\n\n<p>Wprowadzenia dokona\u0142 Prezes Stowarzyszenia prof. Piotr Czaja informuj\u0105c o powstaniu tego gremium oraz o powierzeniu jego przewodnictwa urz\u0119duj\u0105cemu Rektorowi AGH prof. Jerzemu lisowi, kt\u00f3rego powita\u0142 i przekaza\u0142 prowadzenia.<\/p>\n\n\n\n<p>Prof. J. Lis powita\u0142 uczestnik\u00f3w spotkania wymieniaj\u0105c z nazwiska prof. T S\u0142omk\u0119 (by\u0142ego rektora)\u00a0 oraz pozosta\u0142ych uczestnik\u00f3w informuj\u0105c jednocze\u015bnie o strukturze personalnej Rady.<\/p>\n\n\n\n<p>W sk\u0142ad Rady wchodz\u0105:<\/p>\n\n\n\n<ul class=\"wp-block-list\"><li>Wszyscy Honorowi cz\u0142onkowie Stowarzyszenia (26 os\u00f3b),<\/li><li>Rzecznicy wyr\u00f3\u017cniaj\u0105cych si\u0119 aktywno\u015bci\u0105 K\u00f3\u0142 terenowych,<\/li><li>Wychowankowie \u2013 przedsi\u0119biorcy \u2013 aktywni we wsp\u00f3\u0142pracy z uczelni\u0105,<\/li><li>Przedstawiciele\u00a0 zwi\u0105zk\u00f3w zawodowych w AGH i osoby zajmuj\u0105ce si\u0119 sprawami pracowniczymi i emerytami.<\/li><\/ul>\n\n\n\n<p><strong>Informacja o wprowadzonych zmianach w Stowarzyszeniu i koncepcji<\/strong> funkcjonowania Rady Stowarzyszenia.<br>Prezes SW prof. Piotr Czaja przedstawi\u0142:<\/p>\n\n\n\n<ul class=\"wp-block-list\"><li>Informacje o historycznej i obecnej strukturze Stowarzyszenia po przyj\u0119ciu nowego statutu w roku 2020.<\/li><li>Struktura Rady i najwa\u017cniejsze jej funkcje.<\/li><li>Najwa\u017cniejsze plany\u00a0 SW AGH na najbli\u017csze lata.<\/li><li>Oczekiwania Zarz\u0105du SW wzgl\u0119dem Rady.<\/li><\/ul>\n\n\n\n<figure class=\"wp-block-gallery columns-2 is-cropped wp-block-gallery-2 is-layout-flex wp-block-gallery-is-layout-flex\"><ul class=\"blocks-gallery-grid\"><li class=\"blocks-gallery-item\"><figure><a href=\"https:\/\/swagh.agh.edu.pl\/wp-content\/uploads\/2022\/04\/5.jpg\"><img loading=\"lazy\" decoding=\"async\" width=\"672\" height=\"449\" src=\"https:\/\/swagh.agh.edu.pl\/wp-content\/uploads\/2022\/04\/5.jpg\" alt=\"\" data-id=\"5260\" data-full-url=\"https:\/\/swagh.agh.edu.pl\/wp-content\/uploads\/2022\/04\/5.jpg\" data-link=\"https:\/\/swagh.agh.edu.pl\/?attachment_id=5260\" class=\"wp-image-5260\" srcset=\"https:\/\/swagh.agh.edu.pl\/wp-content\/uploads\/2022\/04\/5.jpg 672w, https:\/\/swagh.agh.edu.pl\/wp-content\/uploads\/2022\/04\/5-300x200.jpg 300w, https:\/\/swagh.agh.edu.pl\/wp-content\/uploads\/2022\/04\/5-420x280.jpg 420w\" sizes=\"auto, (max-width: 672px) 100vw, 672px\" \/><\/a><\/figure><\/li><li class=\"blocks-gallery-item\"><figure><a href=\"https:\/\/swagh.agh.edu.pl\/wp-content\/uploads\/2022\/04\/6.jpg\"><img loading=\"lazy\" decoding=\"async\" width=\"672\" height=\"449\" src=\"https:\/\/swagh.agh.edu.pl\/wp-content\/uploads\/2022\/04\/6.jpg\" alt=\"\" data-id=\"5261\" data-full-url=\"https:\/\/swagh.agh.edu.pl\/wp-content\/uploads\/2022\/04\/6.jpg\" data-link=\"https:\/\/swagh.agh.edu.pl\/?attachment_id=5261\" class=\"wp-image-5261\" srcset=\"https:\/\/swagh.agh.edu.pl\/wp-content\/uploads\/2022\/04\/6.jpg 672w, https:\/\/swagh.agh.edu.pl\/wp-content\/uploads\/2022\/04\/6-300x200.jpg 300w, https:\/\/swagh.agh.edu.pl\/wp-content\/uploads\/2022\/04\/6-420x280.jpg 420w\" sizes=\"auto, (max-width: 672px) 100vw, 672px\" \/><\/a><\/figure><\/li><\/ul><figcaption class=\"blocks-gallery-caption\"><em>fot. Z. Sulima<\/em><\/figcaption><\/figure>\n\n\n\n<p><strong>Prezentacja projektu regulaminu Rady SW AGH<\/strong><\/p>\n\n\n\n<p>a) &nbsp;&nbsp; Sekretarz Rady prof. M. Karbowniczek przedstawi\u0142 projekt regulaminu funkcjonowania Rady zaproponowany przez Zarz\u0105d SW dokonuj\u0105c na bie\u017c\u0105co korekty i zmian w jego tek\u015bcie na podstawie prowadzonej dyskusji.<\/p>\n\n\n\n<p>b)&nbsp;&nbsp;&nbsp; Ostatecznie uzgodnion\u0105 z zebranymi&nbsp; tre\u015b\u0107 regulaminu poddano pod g\u0142osowanie, w wyniku kt\u00f3rego zosta\u0142 on przyj\u0119ty jednomy\u015blnie. Tekst regulaminu znajduje si\u0119 na stronie internetowej Stowarzyszenia w zak\u0142adce dotycz\u0105cej Rady.<\/p>\n\n\n\n<p><strong>Ustalenia dotycz\u0105ce&nbsp; Wiceprzewodnicz\u0105cych Rady<\/strong><\/p>\n\n\n\n<p>Po kr\u00f3tkiej dyskusji, w kt\u00f3rej udzia\u0142 wzi\u0119li mi\u0119dzy innymi, przewodnicz\u0105cy Rady prof. Jerzy Lis, oraz kilku cz\u0142onk\u00f3w rady przyj\u0119to zapis w regulaminie, \u017ce wiceprzewodnicz\u0105cych zar\u00f3wno liczb\u0119 jak te\u017c konkretne osoby zaproponuje i uzgodni z Rad\u0105 jej przewodnicz\u0105cy.<\/p>\n\n\n\n<p>Pierwszym uzgodnionym wiceprzewodnicz\u0105cym zosta\u0142 obecny na obradach by\u0142y Rektor AGH prof. Tadeusz S\u0142omka.<\/p>\n\n\n\n<p><strong>Informacja&nbsp; o&nbsp; pracy w&nbsp; zespo\u0142ach&nbsp; problemowych (komisjach)&nbsp; dzia\u0142aj\u0105cych&nbsp; przy Zarz\u0105dzie SW.<\/strong><\/p>\n\n\n\n<p>a) &nbsp;&nbsp; Prezes SW AGH prof. Piotr Czaja zaprezentowa\u0142 9 powo\u0142anych przez Zarz\u0105d zespo\u0142\u00f3w problemowych (Komisji).<\/p>\n\n\n\n<p>b) &nbsp;&nbsp; Prezes zasugerowa\u0142, aby ch\u0119tni cz\u0142onkowie Rady dobrowolnie zg\u0142osili akces do wsp\u00f3\u0142pracy z poszczeg\u00f3lnymi komisjami. Ch\u0119tni do ws\u00f3l pracy zostali poproszeni o&nbsp; wype\u0142nieni&nbsp; za\u0142\u0105czonej w materia\u0142ach deklaracji.<\/p>\n\n\n\n<p>c) &nbsp;&nbsp; Zebrani wyrazili aprobat\u0119 dla takiego rozwi\u0105zania. Deklaracje wype\u0142ni\u0142o 19 cz\u0142onk\u00f3w rady wskazuj\u0105c wol\u0119 pracy we wszystkich komisjach.<\/p>\n\n\n\n<figure class=\"wp-block-table\"><table><tbody><tr><td><strong>Komisja problemowa<\/strong><\/td><td><strong>Liczba os\u00f3b wyra\u017caj\u0105cych wol\u0119 wsp\u00f3\u0142pracy<\/strong><\/td><\/tr><tr><td>&nbsp;1. Komisja Strategii i Rozwoju&nbsp; SW<\/td><td>6<\/td><\/tr><tr><td>2. Komisja Organizacyjna<\/td><td>3<\/td><\/tr><tr><td>3.&nbsp; Zesp\u00f3\u0142&nbsp; redakcyjny \u201eVIVAT AKADEMIA\u201d<\/td><td>2<\/td><\/tr><tr><td>4. Komisja&nbsp; Sportu Turystyki i Rekreacji<\/td><td>4<\/td><\/tr><tr><td>5. Komisja&nbsp; Socjalna \u201eAkcja Zapom\u00f3g SW\u201d<\/td><td>6<\/td><\/tr><tr><td>&nbsp;6. Komisja&nbsp; ds. kontaktu z Ko\u0142ami Terenowymi<\/td><td>1<\/td><\/tr><tr><td>6. Komisja organizacji&nbsp; wydarze\u0144 okoliczno\u015bciowych<\/td><td>3<\/td><\/tr><tr><td>7.&nbsp; Komisja&nbsp; Wydawnicza<\/td><td>1<\/td><\/tr><tr><td>8. Komisja&nbsp; odznacze\u0144 i wyr\u00f3\u017cnie\u0144 w SW AGH<\/td><td>4<\/td><\/tr><tr><td>9. Forum Firm rodzinnych rodem z AGH<\/td><td>1<\/td><\/tr><\/tbody><\/table><\/figure>\n\n\n\n<p><strong>Ustalenie spraw technicznych funkcjonowania&nbsp; Rady.<\/strong><\/p>\n\n\n\n<p>a)&nbsp;&nbsp;&nbsp; Cz\u0119sto\u015b\u0107 i&nbsp; terminy spotka\u0144 Rady: Prezes SW AGH zasugerowa\u0142, aby spotkania Rady odbywa\u0142y si\u0119 dwa razy w roku przy okazji innych wydarze\u0144 jak spotkanie \u015bwi\u0105teczne, koncert noworoczny, czy inne uroczysto\u015bci.<\/p>\n\n\n\n<ul class=\"wp-block-list\"><li>Przyj\u0119to zasad\u0119, \u017ce spotkanie wiosenne odbywa\u0107 si\u0119 b\u0119dzie zawsze w pierwszy czwartek wypadaj\u0105cy w kwietniu po \u015bwi\u0119tach Wielkanocnych o godz. 10.00.<\/li><li>Spotkanie jesienne lub zimowe odbywa\u0107 si\u0119 b\u0119dzie w terminie wybranym przez Przewodnicz\u0105cego Rady.<\/li><\/ul>\n\n\n\n<p>b) &nbsp; Sprawy komunikacji:<br>Przyj\u0119to zasad\u0119, \u017ce wszystkie informacje i materia\u0142y b\u0119d\u0105 dostarczane do cz\u0142onk\u00f3w Rady w formie elektronicznej. Dodatkowe informacje mog\u0105 by\u0107 przesy\u0142ane w postaci SMS-\u00f3w lub w rozmowach telefonicznych.<\/p>\n\n\n\n<p><strong>Wolne wnioski i wypowiedzi<\/strong><\/p>\n\n\n\n<p>a)&nbsp;&nbsp; W ramach wolnych wniosk\u00f3w wyst\u0105pi\u0142a delegacja ko\u0142a Trybunalskiego (mgr Antoni Michalak i mgr Boles\u0142aw Herudzi\u0144ski), kt\u00f3ra podzi\u0119kowa\u0142a za zaproszenie do pracy w&nbsp;Radzie oraz przekaza\u0142a pami\u0105tkowe dyplomy.<\/p>\n\n\n\n<p>b) &nbsp; Prof. Piotr Czaja podzi\u0119kowa\u0142 wszystkim zebranym, a szczeg\u00f3lnie JM rektorowi prof. Jerzemu Lisowi za prowadzenie posiedzenia oraz sekretarzowi prof. Miros\u0142awowi Karbowniczkowi.<\/p>\n\n\n\n<p><strong>Zamkni\u0119cie posiedzenia Rady<\/strong><\/p>\n\n\n\n<p>Dzi\u0119kuj\u0105c zebranym za podj\u0119cie pracy w Radzie i udzia\u0142 w pierwszym jej posiedzeniu przewodnicz\u0105cy zamkn\u0105 posiedzenie.<\/p>\n\n\n\n<p>Informacj\u0119 przygotowali:<\/p>\n\n\n\n<p>Sekretarz Rady: \u00a0\u00a0\u00a0\u00a0\u00a0\u00a0\u00a0\u00a0\u00a0 prof. Miros\u0142aw Karbowniczek<br>Prezes SW AGH:\u00a0\u00a0\u00a0\u00a0\u00a0\u00a0\u00a0\u00a0\u00a0 prof. Piotr Czaja<\/p>\n\n\n\n<p><\/p>\n\n\n\n<h2 class=\"wp-block-heading\"><strong>SK\u0141AD RADY STOWARZYSZENIA WYCHOWANK\u00d3W AGH<\/strong><\/h2>\n\n\n\n<p><strong>PRZEWODNICZ\u0104CY RADY \u2013JM REKTOR AGH \u2013 PROF. DR HAB. IN\u017b. JERZY LIS<\/strong><\/p>\n\n\n\n<p><strong>SEKRETARZ RADY \u2013 PROF. DR HAB. IN\u017b. MIROS\u0141AW KARBOWNICZEK<\/strong><\/p>\n\n\n\n<p><strong>Cz\u0142onkowie p.t.:<\/strong><\/p>\n\n\n\n<figure class=\"wp-block-table\"><table><tbody><tr><td><strong>mgr in\u017c. Andruszko Wac\u0142aw<\/strong><\/td><\/tr><tr><td><strong>mgr in\u017c. Ba\u0142uch Adam<\/strong><\/td><\/tr><tr><td><strong>prof. Barcha\u0144ski Bronis\u0142aw<\/strong><\/td><\/tr><tr><td><strong>mgr in\u017c. Bochenek Antoni<\/strong><\/td><\/tr><tr><td><strong>mgr in\u017c. Bokwa Longin<\/strong><\/td><\/tr><tr><td><strong>mgr in\u017c. Buffi Piotr<\/strong><\/td><\/tr><tr><td><strong>mgr in\u017c. Czarnecki Janusz<\/strong><\/td><\/tr><tr><td><strong>prof. Da\u0144ko J\u00f3zef<\/strong><\/td><\/tr><tr><td><strong>dr Dudzic Tadeusz<\/strong><\/td><\/tr><tr><td><strong>dr Dyczko Artur<\/strong><\/td><\/tr><tr><td><strong>mgr inz. Gas Jerzy<\/strong><\/td><\/tr><tr><td><strong>mgr in\u017c.Gil Jan<\/strong><\/td><\/tr><tr><td><strong>mgr in\u017c. Go\u0142kowski Marian<\/strong><\/td><\/tr><tr><td><strong>mgr in\u017c. Grabowski J\u00f3zef<\/strong><\/td><\/tr><tr><td><strong>mgr in\u017c. Herudzi\u0144ski Boles\u0142aw<\/strong><\/td><\/tr><tr><td><strong>prof. Karwan Tadeusz<\/strong><\/td><\/tr><tr><td><strong>prof. K\u0105kol Zbigniew<\/strong><\/td><\/tr><tr><td><strong>dr Klempka Ryszard<\/strong><\/td><\/tr><tr><td><strong>mgr in\u017c. Kojder-Ogarek Ewa<\/strong><\/td><\/tr><tr><td><strong>mgr in\u017c. Konieczko Henryk<\/strong><\/td><\/tr><tr><td><strong>mgr in\u017c. Krai\u0144ski Micha\u0142<\/strong><\/td><\/tr><tr><td><strong>mgr in\u017c. Kustra Arkadiusz<\/strong><\/td><\/tr><tr><td><strong>mgr in\u017c. Liman\u00f3wka J\u00f3zef<\/strong><\/td><\/tr><tr><td><strong>mgr in\u017c. Lubera Dariusz<\/strong><\/td><\/tr><tr><td><strong>doc. Matl Kazimierz<\/strong><\/td><\/tr><tr><td><strong>mgr in\u017c. Michalak Antoni<\/strong><\/td><\/tr><tr><td><strong>mgr in\u017c. Miga Andrzej<\/strong><\/td><\/tr><tr><td><strong>prof. Mitkowski Stanis\u0142aw<\/strong><\/td><\/tr><tr><td><strong>mgr in\u017c. Niewiara Ewa<\/strong><\/td><\/tr><tr><td><strong>mgr in\u017c. Nowak Wies\u0142aw<\/strong><\/td><\/tr><tr><td><strong>mgr in\u017c. Parzniewski Tomasz<\/strong><\/td><\/tr><tr><td><strong>mgr in\u017c. Pawe\u0142czyk Henryk<\/strong><\/td><\/tr><tr><td><strong>dr Pitera Helena<\/strong><\/td><\/tr><tr><td><strong>dr Ropa Czes\u0142awa<\/strong><\/td><\/tr><tr><td><strong>dr Sala Dariusz<\/strong><\/td><\/tr><tr><td><strong>dr Sas Jan<\/strong><\/td><\/tr><tr><td><strong>mgr in\u017c. Skuza Marek<\/strong><\/td><\/tr><tr><td><strong>prof. S\u0142omka Tadeusz<\/strong><\/td><\/tr><tr><td><strong>mgr in\u017c. Stach Rados\u0142aw<\/strong><\/td><\/tr><tr><td><strong>mgr in\u017c. \u015arodek Bronis\u0142aw<\/strong><\/td><\/tr><tr><td><strong>mgr in\u017c. \u015awiderski Dariusz<\/strong><\/td><\/tr><tr><td><strong>prof. Tadeusiewicz Ryszard<\/strong><\/td><\/tr><tr><td><strong>prof. Tajdu\u015b Antoni<\/strong><\/td><\/tr><tr><td><strong>dr Tokarski Stanis\u0142aw<\/strong><\/td><\/tr><tr><td><strong>mgr in\u017c. Uherek Tadeusz<\/strong><\/td><\/tr><tr><td><strong>mgr in\u017c. Wac\u0142awik-Wr\u00f3bel Renata<\/strong><\/td><\/tr><tr><td><strong>mgr in\u017c. Ziajka Tomasz<\/strong><\/td><\/tr><\/tbody><\/table><\/figure>\n","protected":false},"excerpt":{"rendered":"<p>W dniu 21 kwietnia 2022 r. odby\u0142o si\u0119 pierwsze posiedzenie Rady Stowarzyszenia Wychowank\u00f3w AGH powo\u0142anej przez IX Krajowy Zjazd Delegat\u00f3w&nbsp; SW. W&nbsp; posiedzeniu uczestniczyli mi\u0119dzy innymi: Przewodnicz\u0105cy Rady \u2013 prof. Jerzy Lis \u2013 rektor AGH<\/p>\n","protected":false},"author":1,"featured_media":5262,"comment_status":"closed","ping_status":"open","sticky":false,"template":"","format":"standard","meta":{"footnotes":"","_links_to":"","_links_to_target":""},"categories":[1],"tags":[],"class_list":["post-5255","post","type-post","status-publish","format-standard","has-post-thumbnail","hentry","category-bez-kategorii"],"_links":{"self":[{"href":"https:\/\/swagh.agh.edu.pl\/index.php?rest_route=\/wp\/v2\/posts\/5255","targetHints":{"allow":["GET"]}}],"collection":[{"href":"https:\/\/swagh.agh.edu.pl\/index.php?rest_route=\/wp\/v2\/posts"}],"about":[{"href":"https:\/\/swagh.agh.edu.pl\/index.php?rest_route=\/wp\/v2\/types\/post"}],"author":[{"embeddable":true,"href":"https:\/\/swagh.agh.edu.pl\/index.php?rest_route=\/wp\/v2\/users\/1"}],"replies":[{"embeddable":true,"href":"https:\/\/swagh.agh.edu.pl\/index.php?rest_route=%2Fwp%2Fv2%2Fcomments&post=5255"}],"version-history":[{"count":2,"href":"https:\/\/swagh.agh.edu.pl\/index.php?rest_route=\/wp\/v2\/posts\/5255\/revisions"}],"predecessor-version":[{"id":5264,"href":"https:\/\/swagh.agh.edu.pl\/index.php?rest_route=\/wp\/v2\/posts\/5255\/revisions\/5264"}],"wp:featuredmedia":[{"embeddable":true,"href":"https:\/\/swagh.agh.edu.pl\/index.php?rest_route=\/wp\/v2\/media\/5262"}],"wp:attachment":[{"href":"https:\/\/swagh.agh.edu.pl\/index.php?rest_route=%2Fwp%2Fv2%2Fmedia&parent=5255"}],"wp:term":[{"taxonomy":"category","embeddable":true,"href":"https:\/\/swagh.agh.edu.pl\/index.php?rest_route=%2Fwp%2Fv2%2Fcategories&post=5255"},{"taxonomy":"post_tag","embeddable":true,"href":"https:\/\/swagh.agh.edu.pl\/index.php?rest_route=%2Fwp%2Fv2%2Ftags&post=5255"}],"curies":[{"name":"wp","href":"https:\/\/api.w.org\/{rel}","templated":true}]}}