{"id":526,"date":"2012-05-25T11:40:42","date_gmt":"2012-05-25T11:40:42","guid":{"rendered":"http:\/\/galaxy.agh.edu.pl\/~swagh\/?p=526"},"modified":"2012-05-25T12:17:10","modified_gmt":"2012-05-25T12:17:10","slug":"nowy-vivat-akademia","status":"publish","type":"post","link":"https:\/\/swagh.agh.edu.pl\/?p=526","title":{"rendered":"Nowy Vivat Akademia"},"content":{"rendered":"<p>Oddajemy do Pa\u0144stwa r\u0105k 8. numer Vivat Akademia. Jak zwykle zdajemy naszym czytelnikom relacj\u0119 z bie\u017c\u0105cego dzia\u0142ania uczelni &#8211; tym razem najwa\u017cniejszym wydarzeniem minionych tygodni by\u0142 wyb\u00f3r nowych w\u0142adz Akademii G\u00f3rniczo-Hutniczej na kadencj\u0119 2012-2016.\u00a0 Po raz pierwszy w historii AGH prorektorem zosta\u0142a kobieta.<!--more--><\/p>\n<p>&nbsp;<\/p>\n<p><a href=\"http:\/\/galaxy.agh.edu.pl\/~swagh\/wp-content\/uploads\/2012\/05\/wladze_2012_20163.jpg\"><img loading=\"lazy\" decoding=\"async\" class=\"alignleft size-medium wp-image-536\" title=\"wladze_2012_2016\" src=\"http:\/\/galaxy.agh.edu.pl\/~swagh\/wp-content\/uploads\/2012\/05\/wladze_2012_20163-e1337946373901-201x300.jpg\" alt=\"\" width=\"201\" height=\"300\" \/><\/a><\/p>\n<p>&nbsp;<\/p>\n<p>Od lewej stoj\u0105: prof. Tadeusz Szmuc &#8211; Prorektor ds. Wsp\u00f3\u0142pracy, prof. Andrzej Tytko &#8211; Prorektor ds. Kszta\u0142cenia,\u00a0 prof.\u00a0 Tadeusz S\u0142omka &#8211; Rektor AGH, prof. Zbigniew\u00a0 K\u0105kol &#8211; Prorektor ds. Nauki, prof. Anna Siwik &#8211; Prorektor ds.\u00a0 Studenckich, prof. Miros\u0142aw Karbowniczek &#8211; Prorektor ds. Og\u00f3lnych\u00a0 (fot. Zbigniew Sulima).<\/p>\n<p>W 8. VA zamie\u015bcili\u015bmy r\u00f3wnie\u017c wspomnienia naszych absolwent\u00f3w m.in. Stefana Bajera czy Wojciecha Biedrzyckiego. Polecamy ciekawy tekst przewodnicz\u0105cego SW AGH prof. Stanis\u0142aw Mitkowskiego pt. &#8222;Ignacy \u0141ukasiewicz w polskiej dokumentacji filatelistycznej&#8221;, wiersze Zdzis\u0142awa Barglika, czy artyku\u0142 &#8222;Cudowne lata z &gt;Krakusem&lt;&#8221; i wiele innych, kt\u00f3re pisz\u0105 i przysy\u0142aj\u0105 do naszej redakcji absolwenci AGH.<\/p>\n<p>Jak napisa\u0142 w s\u0142owie wst\u0119pnym redaktor naczelny Vivat Akademia prof. Artur B\u0119ben: &#8222;Zach\u0119caj\u0105c Was do dalszej wsp\u00f3\u0142pracy &gt;dzi\u0119kujemy za ju\u017c i prosimy o jeszcze&lt;&#8222;.<\/p>\n","protected":false},"excerpt":{"rendered":"<p>Oddajemy do Pa\u0144stwa r\u0105k 8. numer Vivat Akademia. Jak zwykle zdajemy naszym czytelnikom relacj\u0119 z bie\u017c\u0105cego dzia\u0142ania uczelni &#8211; tym razem najwa\u017cniejszym wydarzeniem minionych tygodni by\u0142 wyb\u00f3r nowych w\u0142adz Akademii G\u00f3rniczo-Hutniczej na kadencj\u0119 2012-2016.\u00a0 Po<\/p>\n","protected":false},"author":1,"featured_media":0,"comment_status":"closed","ping_status":"open","sticky":false,"template":"","format":"standard","meta":{"footnotes":"","_links_to":"","_links_to_target":""},"categories":[1],"tags":[],"class_list":["post-526","post","type-post","status-publish","format-standard","hentry","category-bez-kategorii"],"_links":{"self":[{"href":"https:\/\/swagh.agh.edu.pl\/index.php?rest_route=\/wp\/v2\/posts\/526","targetHints":{"allow":["GET"]}}],"collection":[{"href":"https:\/\/swagh.agh.edu.pl\/index.php?rest_route=\/wp\/v2\/posts"}],"about":[{"href":"https:\/\/swagh.agh.edu.pl\/index.php?rest_route=\/wp\/v2\/types\/post"}],"author":[{"embeddable":true,"href":"https:\/\/swagh.agh.edu.pl\/index.php?rest_route=\/wp\/v2\/users\/1"}],"replies":[{"embeddable":true,"href":"https:\/\/swagh.agh.edu.pl\/index.php?rest_route=%2Fwp%2Fv2%2Fcomments&post=526"}],"version-history":[{"count":15,"href":"https:\/\/swagh.agh.edu.pl\/index.php?rest_route=\/wp\/v2\/posts\/526\/revisions"}],"predecessor-version":[{"id":532,"href":"https:\/\/swagh.agh.edu.pl\/index.php?rest_route=\/wp\/v2\/posts\/526\/revisions\/532"}],"wp:attachment":[{"href":"https:\/\/swagh.agh.edu.pl\/index.php?rest_route=%2Fwp%2Fv2%2Fmedia&parent=526"}],"wp:term":[{"taxonomy":"category","embeddable":true,"href":"https:\/\/swagh.agh.edu.pl\/index.php?rest_route=%2Fwp%2Fv2%2Fcategories&post=526"},{"taxonomy":"post_tag","embeddable":true,"href":"https:\/\/swagh.agh.edu.pl\/index.php?rest_route=%2Fwp%2Fv2%2Ftags&post=526"}],"curies":[{"name":"wp","href":"https:\/\/api.w.org\/{rel}","templated":true}]}}