{"id":5471,"date":"2022-08-31T09:55:53","date_gmt":"2022-08-31T09:55:53","guid":{"rendered":"https:\/\/swagh.agh.edu.pl\/?p=5471"},"modified":"2022-09-03T06:58:21","modified_gmt":"2022-09-03T06:58:21","slug":"i-charytatywny-rajd-pieszy-orle-gniazda-2022-akcji-zapomog-stowarzyszenia-wychowankow-agh-liczy-sie-kazdy-krok","status":"publish","type":"post","link":"https:\/\/swagh.agh.edu.pl\/?p=5471","title":{"rendered":"I Charytatywny Rajd Pieszy \u201eOrle Gniazda 2022\u201d Akcji Zapom\u00f3g Stowarzyszenia Wychowank\u00f3w AGH \u2013\u00a0\u201eLICZY SI\u0118 KA\u017bDY KROK\u201d"},"content":{"rendered":"\n<p>Przewodnicz\u0105cy Akcji Zapom\u00f3g SW AGH Kol. Piotr Ubowski oraz Prezes SW AGH prof. Piotr Czaja pragn\u0105 zaprosi\u0107 na Rajd Charytatywny Stowarzyszenia Wychowank\u00f3w, kt\u00f3ry odb\u0119dzie si\u0119 w dniach 05.09-10.09.2022 r. <\/p>\n\n\n\n<p><strong>Trasa Rajdu <strong>Szlakiem Orlich Gniazd<\/strong><\/strong>:<\/p>\n\n\n\n<p><strong><u>Idziesz tyle etap\u00f3w ile chcesz i kiedy mo\u017cesz,<\/u><\/strong> <strong><u>za ka\u017cdy kilometr \u201ep\u0142acisz\u201d z\u0142ot\u00f3wk\u0119 (lub jej wielokrotno\u015b\u0107) &nbsp;na konto AZ SW AGH<\/u><\/strong> (<strong><u>Pekao SA &nbsp;28 1240 4559 1111 0000 5418 4653<\/u><\/strong>)<\/p>\n\n\n\n<p>Zamki i ciekawe miejsca na Szlaku Orlich Gniazd<\/p>\n\n\n\n<p><strong><u>AGH A0 \u2013 pocz\u0105tek trasy<\/u><\/strong><\/p>\n\n\n\n<p>&nbsp;&nbsp;&nbsp; <span class=\"has-inline-color has-primary-color\"><strong>Dzie\u0144 1 <\/strong>(05.09.2022)<\/span><strong>:<\/strong> <strong>AGH A0<\/strong> &#8211; <strong>Krowodrza G\u00f3rka<u>, 3.2 km (<\/u><\/strong>Pocz\u0105tek&nbsp; Szlaku Orlich Gniazd)<\/p>\n\n\n\n<p>&nbsp;&nbsp;&nbsp;&nbsp;&nbsp;&nbsp; <strong>Krak\u00f3w&nbsp; Krowodrza G\u00f3rka \u2013 Pieskowa Ska\u0142a<\/strong>, <strong><u>25.3 km<\/u><\/strong><\/p>\n\n\n\n<p>&nbsp;&nbsp;&nbsp;&nbsp;&nbsp;&nbsp;&nbsp; Czerwony Most, fort 44a P\u0119kowice i fort 44 Tonie<\/p>\n\n\n\n<p>&nbsp;&nbsp;&nbsp;&nbsp;&nbsp;&nbsp;&nbsp; Kwietniowe Do\u0142y i aleja grabowa<\/p>\n\n\n\n<p>&nbsp;&nbsp;&nbsp;&nbsp;&nbsp;&nbsp;&nbsp; Dolina Pr\u0105dnika i Ojcowski Park Narodowy<\/p>\n\n\n\n<p>&nbsp;&nbsp;&nbsp;&nbsp;&nbsp;&nbsp;&nbsp; Ojc\u00f3w \u2013 Zamek i Kaplica na Wodzie<\/p>\n\n\n\n<p>&nbsp;&nbsp;&nbsp;&nbsp;&nbsp;&nbsp;&nbsp; Pustelnia b\u0142. Salomei i Pieskowa Ska\u0142a<\/p>\n\n\n\n<p>&nbsp;&nbsp;&nbsp; <span class=\"has-inline-color has-primary-color\"><strong>Dzie\u0144 2 <\/strong>(06.09.2022)<\/span>: <strong>Zamek Pieskowa Ska\u0142a \u2013 Jaroszowiec<\/strong>, <strong><u>28.3 km<\/u><\/strong><\/p>\n\n\n\n<p>&nbsp;&nbsp;&nbsp;&nbsp;&nbsp;&nbsp; Su\u0142oszowa centrum, kilka wzniesie\u0144<\/p>\n\n\n\n<p>&nbsp;&nbsp;&nbsp;&nbsp;&nbsp;&nbsp; &nbsp;&nbsp;Januszkowa G\u00f3ra<\/p>\n\n\n\n<p>&nbsp;&nbsp;&nbsp;&nbsp;&nbsp;&nbsp;&nbsp; &nbsp;Zamek w Rabsztynie<\/p>\n\n\n\n<p>&nbsp;&nbsp;&nbsp; <span class=\"has-inline-color has-primary-color\"><strong>Dzie\u0144 3 <\/strong>(07.09.2022)<\/span>: <strong>Jaroszowiec<\/strong> \u2013 Smole\u0144 Zamek Pilcza 17.1 km<\/p>\n\n\n\n<p>&nbsp;&nbsp;&nbsp;&nbsp;&nbsp;&nbsp;&nbsp; &nbsp;Golczowice<\/p>\n\n\n\n<p>&nbsp;&nbsp;&nbsp;&nbsp;&nbsp;&nbsp; &nbsp;&nbsp;Ruiny zamku w Bydlinie<\/p>\n\n\n\n<p>&nbsp;&nbsp;&nbsp;&nbsp;&nbsp;&nbsp;&nbsp; &nbsp;Zegarowe Ska\u0142y i Dolina Wod\u0105cej<\/p>\n\n\n\n<p>&nbsp;&nbsp;&nbsp;&nbsp;&nbsp; Smole\u0144 \u2013 <strong>Podzamcze<\/strong> 13.3 km, \u0142\u0105cznie: <strong><u>30.4 km<\/u><\/strong><\/p>\n\n\n\n<p><strong>&nbsp;&nbsp;&nbsp; <\/strong><span class=\"has-inline-color has-primary-color\"><strong>Dzie\u0144 4 <\/strong>(08.09.2022)<\/span>: <strong>Podzamcze<\/strong> \u2013 Podlesice, 13.5 km<\/p>\n\n\n\n<p>&nbsp;&nbsp;&nbsp;&nbsp;&nbsp;&nbsp;&nbsp; Okiennik Wielki<\/p>\n\n\n\n<p>&nbsp;&nbsp;&nbsp;&nbsp;&nbsp;&nbsp;&nbsp; Zamek B\u0105kowiec w Morsku<\/p>\n\n\n\n<p>&nbsp;&nbsp;&nbsp;&nbsp;&nbsp; &nbsp;Podlesice \u2013 <strong>Zamek Mir\u00f3w<\/strong>, 13,2 km, \u0142\u0105cznie: <strong><u>26.7 km<\/u><\/strong><\/p>\n\n\n\n<p>&nbsp;&nbsp;&nbsp;&nbsp;&nbsp;&nbsp;&nbsp; &nbsp;G\u00f3ra Zbor\u00f3w<\/p>\n\n\n\n<p>&nbsp;&nbsp;&nbsp;&nbsp;&nbsp;&nbsp;&nbsp; &nbsp;Zamek Bobolice<\/p>\n\n\n\n<p>&nbsp;&nbsp;&nbsp;&nbsp;&nbsp;&nbsp;&nbsp; &nbsp;Zamek Mir\u00f3w<\/p>\n\n\n\n<p><strong>&nbsp;&nbsp;&nbsp; <\/strong><span class=\"has-inline-color has-primary-color\"><strong>Dzie\u0144 5 <\/strong>(09.09.2022)<\/span>: <strong>Mir\u00f3w<\/strong> \u2013 Z\u0142oty Potok 16.4 km<\/p>\n\n\n\n<p>&nbsp;&nbsp;&nbsp;&nbsp;&nbsp;&nbsp;&nbsp; Ruiny zamku Ostr\u0119\u017cnik<\/p>\n\n\n\n<p>&nbsp;&nbsp;&nbsp; &nbsp;&nbsp;&nbsp;Z\u0142oty Potok \u2013 <strong>Olsztyn<\/strong> 15.6 km, \u0142\u0105cznie: <strong><u>32.0 km<\/u><\/strong><\/p>\n\n\n\n<p>&nbsp;&nbsp;&nbsp;&nbsp;&nbsp;&nbsp;&nbsp; Rezerwat Sokole G\u00f3ry<\/p>\n\n\n\n<p>&nbsp;&nbsp;&nbsp;&nbsp;&nbsp;&nbsp;&nbsp; &nbsp;Zamek w Olsztynie<\/p>\n\n\n\n<p>&nbsp;&nbsp;&nbsp; <span class=\"has-inline-color has-primary-color\"><strong>Dzie\u0144 6 <\/strong>(10.09.2022)<\/span><strong>:<\/strong> &nbsp;<strong>Olsztyn \u2013 Cz\u0119stochowa Stary Rynek<\/strong> (Koniec Szlaku Orlich Gniazd)<\/p>\n\n\n\n<p>&nbsp;&nbsp;&nbsp;&nbsp;&nbsp;&nbsp;&nbsp; G\u00f3ry Towarne<\/p>\n\n\n\n<p><strong>&nbsp;&nbsp;&nbsp;&nbsp;&nbsp;&nbsp; Cz\u0119stochowa Stary Rynek&nbsp; &#8211; Jasna G\u00f3ra<\/strong>, \u0142\u0105cznie: <strong><u>20.1 km<\/u><\/strong><\/p>\n\n\n\n<p><strong><u>Jasna G\u00f3ra &#8211; koniec trasy.<\/u><\/strong><\/p>\n\n\n\n<p><strong><u>Ca\u0142o\u015b\u0107 : 166 km<\/u><\/strong><\/p>\n\n\n\n<p><\/p>\n\n\n\n<p>Wszelkich informacji udzieli sam pomys\u0142odawca Kol. Piotr Ubowski: <strong>tel. 601&nbsp;340&nbsp;985, mail: uboot@poczta.onet.pl<\/strong><\/p>\n\n\n\n<p>Serdecznie zach\u0119camy do wzi\u0119cia udzia\u0142u w tym wyj\u0105tkowym wydarzeniu.<\/p>\n\n\n\n<p>SW AGH <\/p>\n","protected":false},"excerpt":{"rendered":"<p>Przewodnicz\u0105cy Akcji Zapom\u00f3g SW AGH Kol. Piotr Ubowski oraz Prezes SW AGH prof. Piotr Czaja pragn\u0105 zaprosi\u0107 na Rajd Charytatywny Stowarzyszenia Wychowank\u00f3w, kt\u00f3ry odb\u0119dzie si\u0119 w dniach 05.09-10.09.2022 r. Trasa Rajdu Szlakiem Orlich Gniazd: Idziesz<\/p>\n","protected":false},"author":1,"featured_media":5472,"comment_status":"closed","ping_status":"open","sticky":false,"template":"","format":"standard","meta":{"footnotes":"","_links_to":"","_links_to_target":""},"categories":[1],"tags":[],"class_list":["post-5471","post","type-post","status-publish","format-standard","has-post-thumbnail","hentry","category-bez-kategorii"],"_links":{"self":[{"href":"https:\/\/swagh.agh.edu.pl\/index.php?rest_route=\/wp\/v2\/posts\/5471","targetHints":{"allow":["GET"]}}],"collection":[{"href":"https:\/\/swagh.agh.edu.pl\/index.php?rest_route=\/wp\/v2\/posts"}],"about":[{"href":"https:\/\/swagh.agh.edu.pl\/index.php?rest_route=\/wp\/v2\/types\/post"}],"author":[{"embeddable":true,"href":"https:\/\/swagh.agh.edu.pl\/index.php?rest_route=\/wp\/v2\/users\/1"}],"replies":[{"embeddable":true,"href":"https:\/\/swagh.agh.edu.pl\/index.php?rest_route=%2Fwp%2Fv2%2Fcomments&post=5471"}],"version-history":[{"count":4,"href":"https:\/\/swagh.agh.edu.pl\/index.php?rest_route=\/wp\/v2\/posts\/5471\/revisions"}],"predecessor-version":[{"id":5479,"href":"https:\/\/swagh.agh.edu.pl\/index.php?rest_route=\/wp\/v2\/posts\/5471\/revisions\/5479"}],"wp:featuredmedia":[{"embeddable":true,"href":"https:\/\/swagh.agh.edu.pl\/index.php?rest_route=\/wp\/v2\/media\/5472"}],"wp:attachment":[{"href":"https:\/\/swagh.agh.edu.pl\/index.php?rest_route=%2Fwp%2Fv2%2Fmedia&parent=5471"}],"wp:term":[{"taxonomy":"category","embeddable":true,"href":"https:\/\/swagh.agh.edu.pl\/index.php?rest_route=%2Fwp%2Fv2%2Fcategories&post=5471"},{"taxonomy":"post_tag","embeddable":true,"href":"https:\/\/swagh.agh.edu.pl\/index.php?rest_route=%2Fwp%2Fv2%2Ftags&post=5471"}],"curies":[{"name":"wp","href":"https:\/\/api.w.org\/{rel}","templated":true}]}}