{"id":5926,"date":"2023-02-06T07:56:47","date_gmt":"2023-02-06T07:56:47","guid":{"rendered":"https:\/\/swagh.agh.edu.pl\/?p=5926"},"modified":"2023-02-09T11:56:36","modified_gmt":"2023-02-09T11:56:36","slug":"o-naszych-leobenczykach-w-cieszynie","status":"publish","type":"post","link":"https:\/\/swagh.agh.edu.pl\/?p=5926","title":{"rendered":"O naszych \u201eLeobe\u0144czykach\u201d w Cieszynie"},"content":{"rendered":"\n<p>W dniu 3 lutego 2023 roku w Ksi\u0105\u017cnicy Cieszy\u0144skiej w&nbsp;Cieszynie odby\u0142o si\u0119 kolejne spotkanie autor\u00f3w ksi\u0105\u017cki \u201eCzytelnio Polska Cz\u0119\u015b\u0107 Ci cze\u015b\u0107\u2026\u201d pani Magdaleny Bernackiej i Piotra Czai z grup\u0105 entuzjast\u00f3w i badaczy historii \u015al\u0105ska Cieszy\u0144skiego.<\/p>\n\n\n\n<p>Jak czytamy na stronie internetowej tej plac\u00f3wki (<a href=\"https:\/\/kc-cieszyn.pl\/strona_glowna\/o-bibliotece\/\">https:\/\/kc-cieszyn.pl\/strona_glowna\/o-bibliotece\/<\/a>) (\u2026) \u201e<em>Utworzona 1 stycznia 1994&nbsp;r. Ksi\u0105\u017cnica Cieszy\u0144ska&nbsp; jest komunaln\u0105 bibliotek\u0105 naukow\u0105, sprawuj\u0105c\u0105 piecz\u0119 nad&nbsp;zabytkowymi kolekcjami ksi\u0105\u017ckowymi, powsta\u0142ymi w&nbsp;Cieszynie w&nbsp;okresie od&nbsp;XVIII do&nbsp;XX w. Dzia\u0142alno\u015b\u0107 Ksi\u0105\u017cnicy Cieszy\u0144skiej jest w&nbsp;spos\u00f3b bezpo\u015bredni zdeterminowana charakterem i&nbsp;zawarto\u015bci\u0105 pozostaj\u0105cych w&nbsp;jej pieczy zbior\u00f3w i&nbsp;koncentruje si\u0119 na&nbsp;kilku p\u0142aszczyznach. Najwa\u017cniejsz\u0105 z&nbsp;nich stanowi szeroko rozumiana ochrona i&nbsp;konserwacja posiadanych i&nbsp;nabywanych zbior\u00f3w. Drugi istotny obszar dzia\u0142a\u0144 zwi\u0105zany jest z&nbsp;naukowym opracowaniem zbior\u00f3w i&nbsp;ich wprowadzeniem do&nbsp;krajowego i&nbsp;mi\u0119dzynarodowego obiegu naukowego i&nbsp;kulturalnego. Kolejna sfera aktywno\u015bci biblioteki wi\u0105\u017ce si\u0119 z&nbsp;budow\u0105 nowoczesnego warsztatu dokumentacyjnego do&nbsp;bada\u0144 regionalnych i&nbsp;bibliologicznych, inspirowaniem, organizowaniem i&nbsp;prowadzeniem bada\u0144 naukowych w&nbsp;dziedzinie kultury ksi\u0105\u017cki oraz&nbsp;historii i&nbsp;kultury \u015al\u0105ska Cieszy\u0144skiego oraz&nbsp;upowszechnianiem ich wynik\u00f3w. Jej celem jest r\u00f3wnie\u017c popularyzacja wiedzy o&nbsp;historii i&nbsp;kulturze regionu\u201d.<\/em><\/p>\n\n\n\n<p>\u015al\u0105sk Cieszy\u0144ski ma swoj\u0105 pi\u0119kn\u0105 histori\u0119, bogat\u0105 w dramatyczne zwroty i burzliwe przemiany gospodarcze i kulturalne. Z racji licznych z\u0142\u00f3\u017c surowc\u00f3w mineralnych a zw\u0142aszcza w\u0119gla kamiennego zalegaj\u0105cego w zag\u0142\u0119biu\u00a0 Ostrawsko-Karwi\u0144so-Cieszy\u0144skim edukacja g\u00f3rnicza mia\u0142a tu bardzo wa\u017ckie znaczenie. W procesie organizacji kszta\u0142cenia g\u00f3rniczego na \u015al\u0105sku Cieszy\u0144skim oraz w procesie prowadzenia zak\u0142ad\u00f3w g\u00f3rniczych na \u015al\u0105sku \u2013 bardzo wa\u017cn\u0105 rol\u0119 odegrali absolwenci Leobe\u0144skiej Akademii G\u00f3rniczej, w tym wielu wywodz\u0105cych si\u0119 z tego rejonu, a o dokonaniach kt\u00f3rych traktuje wspomniana we wst\u0119pie ksi\u0105\u017cka \u201eCzytelnio\u00a0 Polska Cze\u015b\u0107 Ci Cze\u015b\u0107\u201d.<\/p>\n\n\n\n<p>Spotkanie z jej autorami by\u0142o tu d\u0142ugo oczekiwane i zosta\u0142o perfekcyjnie zorganizowane przez Dyrekcj\u0119 tej zacnej biblioteki. Wydarzenie to anonsowa\u0142y liczne plakaty rozes\u0142ane do mi\u0142o\u015bnik\u00f3w historii Ziemi Cieszy\u0144skiej oraz widniej\u0105ce w wielu publicznych miejscach. Jak si\u0119 okaza\u0142o w\u015br\u00f3d uczestnik\u00f3w spotkania byli tak\u017ce przedstawiciele miejscowych gazet tak, ze strony polskiej jak r\u00f3wnie\u017c ze strony Republiki Czeskiej \u2013 bowiem miasto to le\u017cy na terytorium dw\u00f3ch pa\u0144stw: Polski i Republiki Czeskiej. By\u0142a mi\u0119dzy innymi przedstawicielka Miesi\u0119cznika \u201eZwrot\u201d \u2013 najwa\u017cniejszego pisma polskiego w Republice Czeskiej, oraz redaktor \u0141ukasz Klimaniec z \u201eG\u0142osu \u2013 Gazety Polak\u00f3w w Republice Czeskiej\u201d kt\u00f3re&nbsp; to gazety maj\u0105 swoje redakcje w Cieszynie<\/p>\n\n\n\n<p>Program spotkania przewidywa\u0142 prezentacje nast\u0119puj\u0105cych zagadnie\u0144:<\/p>\n\n\n\n<ol class=\"wp-block-list\" type=\"1\"><li>Prof. Piotr Czaja \u201eZanim powsta\u0142a Akademia G\u00f3rnicza w Krakowie &#8230;..&nbsp;<\/li><li>Magdalena Bernacka \u201eWychowanie patriotyczne w Czytelni Polskiej Akademik\u00f3w G\u00f3rniczych w Leoben\u201d.<\/li><li>Magdalena Bernacka \u201e\u017bycie polskiej spo\u0142eczno\u015bci g\u00f3rniczej na \u015al\u0105sku Cieszy\u0144skim na prze\u0142omie XIX i XX wieku\u201d.<\/li><li>Prof. Piotr Czaja \u201eUdzia\u0142 leobe\u0144czyk\u00f3w w dzia\u0142aniach na rzecz przy\u0142\u0105czenia \u015al\u0105ska Cieszy\u0144skiego i G\u00f3rnego \u015al\u0105ska do Polski po I wojnie \u015bwiatowej\u201d.<\/li><li>Prof. Piotr Czaja \u201eLeobe\u0144czycy zwi\u0105zani ze \u015al\u0105skiem Cieszy\u0144skim profesorami w Akademii G\u00f3rniczo-Hutniczej w Krakowie\u201d.<\/li><li>Magdalena Bernacka \u201eDokonania leobe\u0144czyk\u00f3w zwi\u0105zanych ze&nbsp; \u015al\u0105skiem Cieszy\u0144skim\u201d<\/li><\/ol>\n\n\n\n<figure class=\"wp-block-gallery columns-2 is-cropped wp-block-gallery-1 is-layout-flex wp-block-gallery-is-layout-flex\"><ul class=\"blocks-gallery-grid\"><li class=\"blocks-gallery-item\"><figure><a href=\"https:\/\/swagh.agh.edu.pl\/wp-content\/uploads\/2023\/02\/22222.png\"><img loading=\"lazy\" decoding=\"async\" width=\"493\" height=\"703\" src=\"https:\/\/swagh.agh.edu.pl\/wp-content\/uploads\/2023\/02\/22222.png\" alt=\"\" data-id=\"5928\" data-full-url=\"https:\/\/swagh.agh.edu.pl\/wp-content\/uploads\/2023\/02\/22222.png\" data-link=\"https:\/\/swagh.agh.edu.pl\/?attachment_id=5928\" class=\"wp-image-5928\" srcset=\"https:\/\/swagh.agh.edu.pl\/wp-content\/uploads\/2023\/02\/22222.png 493w, https:\/\/swagh.agh.edu.pl\/wp-content\/uploads\/2023\/02\/22222-210x300.png 210w\" sizes=\"auto, (max-width: 493px) 100vw, 493px\" \/><\/a><\/figure><\/li><li class=\"blocks-gallery-item\"><figure><a href=\"https:\/\/swagh.agh.edu.pl\/wp-content\/uploads\/2023\/02\/33333.jpg\"><img loading=\"lazy\" decoding=\"async\" width=\"957\" height=\"717\" src=\"https:\/\/swagh.agh.edu.pl\/wp-content\/uploads\/2023\/02\/33333.jpg\" alt=\"\" data-id=\"5929\" data-full-url=\"https:\/\/swagh.agh.edu.pl\/wp-content\/uploads\/2023\/02\/33333.jpg\" data-link=\"https:\/\/swagh.agh.edu.pl\/?attachment_id=5929\" class=\"wp-image-5929\" srcset=\"https:\/\/swagh.agh.edu.pl\/wp-content\/uploads\/2023\/02\/33333.jpg 957w, https:\/\/swagh.agh.edu.pl\/wp-content\/uploads\/2023\/02\/33333-300x225.jpg 300w, https:\/\/swagh.agh.edu.pl\/wp-content\/uploads\/2023\/02\/33333-768x575.jpg 768w\" sizes=\"auto, (max-width: 957px) 100vw, 957px\" \/><\/a><\/figure><\/li><\/ul><figcaption class=\"blocks-gallery-caption\"><em>Informacja o spotkaniu (fot. P. Czaja)<\/em><\/figcaption><\/figure>\n\n\n\n<p>Spotkanie otworzy\u0142 dyrektor Biblioteki mgr Krzysztof Szelong \u2013 wybitny znawca historii \u015al\u0105ska Cieszy\u0144skiego. We wst\u0119pie nawi\u0105za\u0142 do burzliwych czas\u00f3w tego regionu na prze\u0142omie wiek\u00f3w XIX i XX. Wskaza\u0142 na wielu \u015bwiat\u0142ych obywateli, kt\u00f3rzy aktywnie w\u0142\u0105czali si\u0119 w tamte wydarzenia, wp\u0142ywaj\u0105c na losy Polak\u00f3w i Polski.<\/p>\n\n\n\n<figure class=\"wp-block-image size-full\"><a href=\"https:\/\/swagh.agh.edu.pl\/wp-content\/uploads\/2023\/02\/image.png\"><img loading=\"lazy\" decoding=\"async\" width=\"827\" height=\"620\" src=\"https:\/\/swagh.agh.edu.pl\/wp-content\/uploads\/2023\/02\/image.png\" alt=\"\" class=\"wp-image-5930\" srcset=\"https:\/\/swagh.agh.edu.pl\/wp-content\/uploads\/2023\/02\/image.png 827w, https:\/\/swagh.agh.edu.pl\/wp-content\/uploads\/2023\/02\/image-300x225.png 300w, https:\/\/swagh.agh.edu.pl\/wp-content\/uploads\/2023\/02\/image-768x576.png 768w\" sizes=\"auto, (max-width: 827px) 100vw, 827px\" \/><\/a><figcaption><em>Wprowadzenie do spotkania dyrektora Ksi\u0105\u017cnicy mgr Krzysztofa Szelonga (fot. P. Czaja)<\/em><\/figcaption><\/figure>\n\n\n\n<figure class=\"wp-block-image size-full\"><a href=\"https:\/\/swagh.agh.edu.pl\/wp-content\/uploads\/2023\/02\/image-2.png\"><img loading=\"lazy\" decoding=\"async\" width=\"835\" height=\"557\" src=\"https:\/\/swagh.agh.edu.pl\/wp-content\/uploads\/2023\/02\/image-2.png\" alt=\"\" class=\"wp-image-5948\" srcset=\"https:\/\/swagh.agh.edu.pl\/wp-content\/uploads\/2023\/02\/image-2.png 835w, https:\/\/swagh.agh.edu.pl\/wp-content\/uploads\/2023\/02\/image-2-300x200.png 300w, https:\/\/swagh.agh.edu.pl\/wp-content\/uploads\/2023\/02\/image-2-768x512.png 768w, https:\/\/swagh.agh.edu.pl\/wp-content\/uploads\/2023\/02\/image-2-420x280.png 420w\" sizes=\"auto, (max-width: 835px) 100vw, 835px\" \/><\/a><figcaption><em>Wyst\u0105pienie wsp\u00f3\u0142autora Piotra Czai (fot. W. Ko\u017cdo\u0144)<\/em><\/figcaption><\/figure>\n\n\n\n<figure class=\"wp-block-gallery columns-2 is-cropped wp-block-gallery-2 is-layout-flex wp-block-gallery-is-layout-flex\"><ul class=\"blocks-gallery-grid\"><li class=\"blocks-gallery-item\"><figure><a href=\"https:\/\/swagh.agh.edu.pl\/wp-content\/uploads\/2023\/02\/aaa.jpg\"><img loading=\"lazy\" decoding=\"async\" width=\"640\" height=\"480\" src=\"https:\/\/swagh.agh.edu.pl\/wp-content\/uploads\/2023\/02\/aaa.jpg\" alt=\"\" data-id=\"5949\" data-full-url=\"https:\/\/swagh.agh.edu.pl\/wp-content\/uploads\/2023\/02\/aaa.jpg\" data-link=\"https:\/\/swagh.agh.edu.pl\/?attachment_id=5949\" class=\"wp-image-5949\" srcset=\"https:\/\/swagh.agh.edu.pl\/wp-content\/uploads\/2023\/02\/aaa.jpg 640w, https:\/\/swagh.agh.edu.pl\/wp-content\/uploads\/2023\/02\/aaa-300x225.jpg 300w\" sizes=\"auto, (max-width: 640px) 100vw, 640px\" \/><\/a><\/figure><\/li><li class=\"blocks-gallery-item\"><figure><a href=\"https:\/\/swagh.agh.edu.pl\/wp-content\/uploads\/2023\/02\/bbbb.jpg\"><img loading=\"lazy\" decoding=\"async\" width=\"718\" height=\"480\" src=\"https:\/\/swagh.agh.edu.pl\/wp-content\/uploads\/2023\/02\/bbbb.jpg\" alt=\"\" data-id=\"5950\" data-full-url=\"https:\/\/swagh.agh.edu.pl\/wp-content\/uploads\/2023\/02\/bbbb.jpg\" data-link=\"https:\/\/swagh.agh.edu.pl\/?attachment_id=5950\" class=\"wp-image-5950\" srcset=\"https:\/\/swagh.agh.edu.pl\/wp-content\/uploads\/2023\/02\/bbbb.jpg 718w, https:\/\/swagh.agh.edu.pl\/wp-content\/uploads\/2023\/02\/bbbb-300x201.jpg 300w, https:\/\/swagh.agh.edu.pl\/wp-content\/uploads\/2023\/02\/bbbb-420x280.jpg 420w\" sizes=\"auto, (max-width: 718px) 100vw, 718px\" \/><\/a><\/figure><\/li><\/ul><figcaption class=\"blocks-gallery-caption\"><em>Wyst\u0105pienie autorki Magdaleny Bernackiej (fot. P. Czaja i W. Ko\u017cdo\u0144)<\/em><\/figcaption><\/figure>\n\n\n\n<p>Spotkanie by\u0142o okazj\u0105 do podkre\u015blenia roli jak\u0105 odegrali w tworzeniu Krakowskiej Akademii G\u00f3rniczej Leobe\u0144czycy- wywodz\u0105cy si\u0119 z tego regionu. Jak napisa\u0142 w swym artykule z roku 1998 prof. Andrzej Bolewski (BIP nr 49\/98) w komitecie organizacyjnym Akademii G\u00f3rniczej w Krakowie dzia\u0142aj\u0105cego pod kierunkiem prof. J\u00f3zefa Morozewicza&nbsp; pracowa\u0142o wielu aktywist\u00f3w z tego regionu jak. Witold Szefer \u2013 kierownik Polskiej Szko\u0142y G\u00f3rniczej w D\u0105browie Cieszy\u0144skiej oraz jej profesorowie: Jan Zara\u0144ski, Roman Rieger, Antoni Schmitzek czy Henryk Ku\u0142akowski.&nbsp; W \u201ebudowaniu fundament\u00f3w\u201d&nbsp; naszej uczelni \u2013 jak pisze prof. Bolewski &#8211; &nbsp;zas\u0142u\u017cy\u0142o si\u0119 tak\u017ce wielu innych wybitnych Syn\u00f3w tej Ziemi jak: Prof. Jerzy Buzek (1874) z Ko\u0144skiej ko\u0142o Trzy\u0144ca, Antoni Gawe\u0142 (1901) z \u0141az\u00f3w, Jan Kubisz (1925) z Cieszyna, Oskar Nowotny (1875), Feliks&nbsp; Olszak (1904) z Karwiny (Rektor AGH 1958-1961) czy jego brat Wac\u0142aw Olszak (1902) Doktor Honoris Causa AGH i W\u0142adys\u0142aw Machejda (1892). Wi\u0119kszo\u015b\u0107 tych zacnych person to wychowankowie leobe\u0144skiej Akademii.<\/p>\n\n\n\n<p>Po&nbsp; prawie dwugodzinnej opowie\u015bci i prezentacji powy\u017cszych zagadnie\u0144 spotkanie przerodzi\u0142o si\u0119 w d\u0142ug\u0105 i interesuj\u0105ca dyskusj\u0119. Pojawili si\u0119 inni potomkowie naszych \u201eleobe\u0144czyk\u00f3w\u201d, o kt\u00f3rych do ko\u0144ca nie mieli\u015bmy pe\u0142nych informacji jak przyk\u0142adowo rodzina in\u017c. Karola Pawlasa. Pojawili si\u0119 tak\u017ce potomkowie jednych z pierwszych student\u00f3w AG, o kt\u00f3rych pisze w swojej &nbsp;publikacji prof. A. Bolewski jak przyk\u0142adowo syn Tadeusza Russa z Or\u0142owej itd\u2026 itd.<\/p>\n\n\n\n<p>Autorzy wr\u0119czyli swoje ksi\u0105\u017cki gospodarzom spotkania i redaktorom wspominanych polskich czasopism\u00a0 wydawanych w Cieszynie opatruj\u0105c je sympatycznymi wpisami.<\/p>\n\n\n\n<figure class=\"wp-block-gallery columns-2 is-cropped wp-block-gallery-3 is-layout-flex wp-block-gallery-is-layout-flex\"><ul class=\"blocks-gallery-grid\"><li class=\"blocks-gallery-item\"><figure><a href=\"https:\/\/swagh.agh.edu.pl\/wp-content\/uploads\/2023\/02\/cccc.jpg\"><img loading=\"lazy\" decoding=\"async\" width=\"696\" height=\"464\" src=\"https:\/\/swagh.agh.edu.pl\/wp-content\/uploads\/2023\/02\/cccc.jpg\" alt=\"\" data-id=\"5951\" data-full-url=\"https:\/\/swagh.agh.edu.pl\/wp-content\/uploads\/2023\/02\/cccc.jpg\" data-link=\"https:\/\/swagh.agh.edu.pl\/?attachment_id=5951\" class=\"wp-image-5951\" srcset=\"https:\/\/swagh.agh.edu.pl\/wp-content\/uploads\/2023\/02\/cccc.jpg 696w, https:\/\/swagh.agh.edu.pl\/wp-content\/uploads\/2023\/02\/cccc-300x200.jpg 300w, https:\/\/swagh.agh.edu.pl\/wp-content\/uploads\/2023\/02\/cccc-420x280.jpg 420w\" sizes=\"auto, (max-width: 696px) 100vw, 696px\" \/><\/a><\/figure><\/li><li class=\"blocks-gallery-item\"><figure><a href=\"https:\/\/swagh.agh.edu.pl\/wp-content\/uploads\/2023\/02\/dddd.jpg\"><img loading=\"lazy\" decoding=\"async\" width=\"691\" height=\"461\" src=\"https:\/\/swagh.agh.edu.pl\/wp-content\/uploads\/2023\/02\/dddd.jpg\" alt=\"\" data-id=\"5952\" data-full-url=\"https:\/\/swagh.agh.edu.pl\/wp-content\/uploads\/2023\/02\/dddd.jpg\" data-link=\"https:\/\/swagh.agh.edu.pl\/?attachment_id=5952\" class=\"wp-image-5952\" srcset=\"https:\/\/swagh.agh.edu.pl\/wp-content\/uploads\/2023\/02\/dddd.jpg 691w, https:\/\/swagh.agh.edu.pl\/wp-content\/uploads\/2023\/02\/dddd-300x200.jpg 300w, https:\/\/swagh.agh.edu.pl\/wp-content\/uploads\/2023\/02\/dddd-420x280.jpg 420w\" sizes=\"auto, (max-width: 691px) 100vw, 691px\" \/><\/a><\/figure><\/li><\/ul><figcaption class=\"blocks-gallery-caption\"><em>Ksi\u0105\u017cki dla Gospodarzy spotkania i redaktor\u00f3w polskich gazet wydawanych w Cieszynie (fot. W. Ko\u017cdo\u0144)<\/em><\/figcaption><\/figure>\n\n\n\n<p>Serdecznie dzi\u0119kujemy Dyrekcji&nbsp; Ksi\u0105\u017cnicy Cieszy\u0144skiej za mo\u017cliwo\u015b\u0107 odbycia tego spotkania, a wszystkim jego uczestnikom za niezwyk\u0142e zainteresowanie i wyra\u017con\u0105 ch\u0119\u0107 umieszczenia naszej ksi\u0105\u017cki w zbiorach tutejszych bibliotek oraz nag\u0142o\u015bnienia tego tematu w miejscowej prasie.<\/p>\n\n\n\n<p>Pozdrawiamy wszystkich uczestnik\u00f3w spotkania.<\/p>\n\n\n\n<p>Wsp\u00f3\u0142autor ksi\u0105\u017cki &#8211; prof. Piotr Czaja<\/p>\n\n\n\n<p>Prezes Stowarzyszenia Wychowank\u00f3w AGH<\/p>\n","protected":false},"excerpt":{"rendered":"<p>W dniu 3 lutego 2023 roku w Ksi\u0105\u017cnicy Cieszy\u0144skiej w&nbsp;Cieszynie odby\u0142o si\u0119 kolejne spotkanie autor\u00f3w ksi\u0105\u017cki \u201eCzytelnio Polska Cz\u0119\u015b\u0107 Ci cze\u015b\u0107\u2026\u201d pani Magdaleny Bernackiej i Piotra Czai z grup\u0105 entuzjast\u00f3w i badaczy historii \u015al\u0105ska Cieszy\u0144skiego.<\/p>\n","protected":false},"author":1,"featured_media":5927,"comment_status":"closed","ping_status":"open","sticky":false,"template":"","format":"standard","meta":{"footnotes":"","_links_to":"","_links_to_target":""},"categories":[1],"tags":[],"class_list":["post-5926","post","type-post","status-publish","format-standard","has-post-thumbnail","hentry","category-bez-kategorii"],"_links":{"self":[{"href":"https:\/\/swagh.agh.edu.pl\/index.php?rest_route=\/wp\/v2\/posts\/5926","targetHints":{"allow":["GET"]}}],"collection":[{"href":"https:\/\/swagh.agh.edu.pl\/index.php?rest_route=\/wp\/v2\/posts"}],"about":[{"href":"https:\/\/swagh.agh.edu.pl\/index.php?rest_route=\/wp\/v2\/types\/post"}],"author":[{"embeddable":true,"href":"https:\/\/swagh.agh.edu.pl\/index.php?rest_route=\/wp\/v2\/users\/1"}],"replies":[{"embeddable":true,"href":"https:\/\/swagh.agh.edu.pl\/index.php?rest_route=%2Fwp%2Fv2%2Fcomments&post=5926"}],"version-history":[{"count":2,"href":"https:\/\/swagh.agh.edu.pl\/index.php?rest_route=\/wp\/v2\/posts\/5926\/revisions"}],"predecessor-version":[{"id":5953,"href":"https:\/\/swagh.agh.edu.pl\/index.php?rest_route=\/wp\/v2\/posts\/5926\/revisions\/5953"}],"wp:featuredmedia":[{"embeddable":true,"href":"https:\/\/swagh.agh.edu.pl\/index.php?rest_route=\/wp\/v2\/media\/5927"}],"wp:attachment":[{"href":"https:\/\/swagh.agh.edu.pl\/index.php?rest_route=%2Fwp%2Fv2%2Fmedia&parent=5926"}],"wp:term":[{"taxonomy":"category","embeddable":true,"href":"https:\/\/swagh.agh.edu.pl\/index.php?rest_route=%2Fwp%2Fv2%2Fcategories&post=5926"},{"taxonomy":"post_tag","embeddable":true,"href":"https:\/\/swagh.agh.edu.pl\/index.php?rest_route=%2Fwp%2Fv2%2Ftags&post=5926"}],"curies":[{"name":"wp","href":"https:\/\/api.w.org\/{rel}","templated":true}]}}