{"id":5967,"date":"2023-02-15T08:03:57","date_gmt":"2023-02-15T08:03:57","guid":{"rendered":"https:\/\/swagh.agh.edu.pl\/?p=5967"},"modified":"2023-02-15T08:08:05","modified_gmt":"2023-02-15T08:08:05","slug":"o-ksiazce-czytelnio-polska-czesc-ci-czesc-magdaleny-bernackiej-i-piotra-czai-na-slasku-cieszynskim","status":"publish","type":"post","link":"https:\/\/swagh.agh.edu.pl\/?p=5967","title":{"rendered":"O ksi\u0105\u017cce \u201eCzytelnio Polska cze\u015b\u0107 Ci cze\u015b\u0107\u201d Magdaleny Bernackiej i Piotra Czai na \u015al\u0105sku Cieszy\u0144skim"},"content":{"rendered":"\n<p>Jak informowali\u015bmy naszych obserwator\u00f3w w dniu 3 lutego 2023 roku w Ksi\u0105\u017cnicy Cieszy\u0144skiej w Cieszynie odby\u0142a si\u0119 jej prezentacja. I chocia\u017c uczestnik\u00f3w spotkania by\u0142o niezbyt wielu to co najcenniejsze, \u017ce w\u015br\u00f3d nich byli redaktorzy polskich czasopism wydawanych na Zaolziu, dzi\u0119ki kt\u00f3rym wie\u015b\u0107 o ksi\u0105\u017cce rozesz\u0142a si\u0119 bardzo szeroko. Reprezentowane by\u0142y:<\/p>\n\n\n\n<ul class=\"wp-block-list\"><li>Ksi\u0105\u017cnica Cieszy\u0144ska \u2013 naukowa Biblioteka \u015al\u0105ska Cieszy\u0144skiego \u2013 Gospodarze spotkania.<\/li><li>G\u0142os &#8211; Gazeta Polak\u00f3w w Republice Czeskiej.<\/li><li>ZWROT \u2013 najwa\u017cniejsze pismo polskie w Republice Czeskiej.<\/li><\/ul>\n\n\n\n<p>Wszystkie media zamie\u015bci\u0142y bardzo obszerne relacje z tego wydarzenia, \u0142\u0105cznie z udost\u0119pnieniem nagrania z ca\u0142ego spotkania. Redaktor \u0141ukasz Klimaniec z G\u0142osu zamie\u015bci\u0142 na swojej stronie internetowej obszerna relacj\u0119 s\u0142own\u0105 i&nbsp;fotograficzn\u0105.<\/p>\n\n\n\n<figure class=\"wp-block-image size-full\"><a href=\"https:\/\/swagh.agh.edu.pl\/wp-content\/uploads\/2023\/02\/image-3.png\"><img loading=\"lazy\" decoding=\"async\" width=\"946\" height=\"401\" src=\"https:\/\/swagh.agh.edu.pl\/wp-content\/uploads\/2023\/02\/image-3.png\" alt=\"\" class=\"wp-image-5968\" srcset=\"https:\/\/swagh.agh.edu.pl\/wp-content\/uploads\/2023\/02\/image-3.png 946w, https:\/\/swagh.agh.edu.pl\/wp-content\/uploads\/2023\/02\/image-3-300x127.png 300w, https:\/\/swagh.agh.edu.pl\/wp-content\/uploads\/2023\/02\/image-3-768x326.png 768w\" sizes=\"auto, (max-width: 946px) 100vw, 946px\" \/><\/a><\/figure>\n\n\n\n<figure class=\"wp-block-image size-full\"><a href=\"https:\/\/swagh.agh.edu.pl\/wp-content\/uploads\/2023\/02\/image-4.png\"><img loading=\"lazy\" decoding=\"async\" width=\"945\" height=\"531\" src=\"https:\/\/swagh.agh.edu.pl\/wp-content\/uploads\/2023\/02\/image-4.png\" alt=\"\" class=\"wp-image-5969\" srcset=\"https:\/\/swagh.agh.edu.pl\/wp-content\/uploads\/2023\/02\/image-4.png 945w, https:\/\/swagh.agh.edu.pl\/wp-content\/uploads\/2023\/02\/image-4-300x169.png 300w, https:\/\/swagh.agh.edu.pl\/wp-content\/uploads\/2023\/02\/image-4-768x432.png 768w\" sizes=\"auto, (max-width: 945px) 100vw, 945px\" \/><\/a><\/figure>\n\n\n\n<p>Relacja dost\u0119pna jest pod adresem: <a href=\"https:\/\/glos.live\/Publicystyka_historia\/d\/cieszyn_co_maja_wspolnego_alpy_zelazne_z_zaolziem_opowiadali_goscie_ksiaznicy_cieszynskiej_autorzy_ksiazki_czytelnio_polska_czesc_ci_czesc\/\" target=\"_blank\" rel=\"noreferrer noopener\">https:\/\/glos.live\/Publicystyka_historia\/d\/cieszyn_co_maja_wspolnego_alpy_zelazne_z_zaolziem_opowiadali_goscie_ksiaznicy_cieszynskiej_autorzy_ksiazki_czytelnio_polska_czesc_ci_czesc\/<\/a><\/p>\n\n\n\n<p>Podobnie bardzo ciep\u0142o o spotkaniu napisa\u0142a pani redaktor Beata Tyrna z Miesi\u0119cznika ZWROT:<\/p>\n\n\n\n<figure class=\"wp-block-image size-full\"><a href=\"https:\/\/swagh.agh.edu.pl\/wp-content\/uploads\/2023\/02\/image-5.png\"><img loading=\"lazy\" decoding=\"async\" width=\"950\" height=\"403\" src=\"https:\/\/swagh.agh.edu.pl\/wp-content\/uploads\/2023\/02\/image-5.png\" alt=\"\" class=\"wp-image-5970\" srcset=\"https:\/\/swagh.agh.edu.pl\/wp-content\/uploads\/2023\/02\/image-5.png 950w, https:\/\/swagh.agh.edu.pl\/wp-content\/uploads\/2023\/02\/image-5-300x127.png 300w, https:\/\/swagh.agh.edu.pl\/wp-content\/uploads\/2023\/02\/image-5-768x326.png 768w\" sizes=\"auto, (max-width: 950px) 100vw, 950px\" \/><\/a><\/figure>\n\n\n\n<figure class=\"wp-block-image size-full\"><a href=\"https:\/\/swagh.agh.edu.pl\/wp-content\/uploads\/2023\/02\/image-6.png\"><img loading=\"lazy\" decoding=\"async\" width=\"950\" height=\"400\" src=\"https:\/\/swagh.agh.edu.pl\/wp-content\/uploads\/2023\/02\/image-6.png\" alt=\"\" class=\"wp-image-5971\" srcset=\"https:\/\/swagh.agh.edu.pl\/wp-content\/uploads\/2023\/02\/image-6.png 950w, https:\/\/swagh.agh.edu.pl\/wp-content\/uploads\/2023\/02\/image-6-300x126.png 300w, https:\/\/swagh.agh.edu.pl\/wp-content\/uploads\/2023\/02\/image-6-768x323.png 768w\" sizes=\"auto, (max-width: 950px) 100vw, 950px\" \/><\/a><\/figure>\n\n\n\n<figure class=\"wp-block-image size-full\"><a href=\"https:\/\/swagh.agh.edu.pl\/wp-content\/uploads\/2023\/02\/image-7.png\"><img loading=\"lazy\" decoding=\"async\" width=\"950\" height=\"401\" src=\"https:\/\/swagh.agh.edu.pl\/wp-content\/uploads\/2023\/02\/image-7.png\" alt=\"\" class=\"wp-image-5972\" srcset=\"https:\/\/swagh.agh.edu.pl\/wp-content\/uploads\/2023\/02\/image-7.png 950w, https:\/\/swagh.agh.edu.pl\/wp-content\/uploads\/2023\/02\/image-7-300x127.png 300w, https:\/\/swagh.agh.edu.pl\/wp-content\/uploads\/2023\/02\/image-7-768x324.png 768w\" sizes=\"auto, (max-width: 950px) 100vw, 950px\" \/><\/a><\/figure>\n\n\n\n<p>Relacja i nagranie ze spotkania dost\u0119pne jest pod adresem: <a href=\"https:\/\/zwrot.cz\/2023\/02\/z-austriacjkiego-loben-na-slask-cieszynski-przyblizono-sylwetki-absolwentow-akademii-gorniczej-nagranie\/\" target=\"_blank\" rel=\"noreferrer noopener\">https:\/\/zwrot.cz\/2023\/02\/z-austriacjkiego-loben-na-slask-cieszynski-przyblizono-sylwetki-absolwentow-akademii-gorniczej-nagranie\/<\/a><\/p>\n\n\n\n<p>Gospodarze \u2013 Ksi\u0105\u017cnica Cieszy\u0144ska zmie\u015bci\u0142a r\u00f3wnie\u017c na swojej stronie obszerny komunikat:<\/p>\n\n\n\n<div class=\"wp-block-image\"><figure class=\"aligncenter size-full\"><a href=\"https:\/\/swagh.agh.edu.pl\/wp-content\/uploads\/2023\/02\/image-8.png\"><img loading=\"lazy\" decoding=\"async\" width=\"497\" height=\"431\" src=\"https:\/\/swagh.agh.edu.pl\/wp-content\/uploads\/2023\/02\/image-8.png\" alt=\"\" class=\"wp-image-5973\" srcset=\"https:\/\/swagh.agh.edu.pl\/wp-content\/uploads\/2023\/02\/image-8.png 497w, https:\/\/swagh.agh.edu.pl\/wp-content\/uploads\/2023\/02\/image-8-300x260.png 300w\" sizes=\"auto, (max-width: 497px) 100vw, 497px\" \/><\/a><\/figure><\/div>\n\n\n\n<div class=\"wp-block-image\"><figure class=\"aligncenter size-full\"><a href=\"https:\/\/swagh.agh.edu.pl\/wp-content\/uploads\/2023\/02\/image-9.png\"><img loading=\"lazy\" decoding=\"async\" width=\"497\" height=\"387\" src=\"https:\/\/swagh.agh.edu.pl\/wp-content\/uploads\/2023\/02\/image-9.png\" alt=\"\" class=\"wp-image-5974\" srcset=\"https:\/\/swagh.agh.edu.pl\/wp-content\/uploads\/2023\/02\/image-9.png 497w, https:\/\/swagh.agh.edu.pl\/wp-content\/uploads\/2023\/02\/image-9-300x234.png 300w\" sizes=\"auto, (max-width: 497px) 100vw, 497px\" \/><\/a><\/figure><\/div>\n\n\n\n<p>Relacja dost\u0119pna pod adresem: <a href=\"https:\/\/www.facebook.com\/KsiaznicaCieszynska\/posts\/pfbid02eGaxNCWZKsvYFeNeEf44dyvtGAYGH5H2EoNFiq4PmfCZC5W3utF1CgKq6fJf1J3Wl\" target=\"_blank\" rel=\"noreferrer noopener\">https:\/\/www.facebook.com\/KsiaznicaCieszynska\/posts\/pfbid02eGaxNCWZKsvYFeNeEf44dyvtGAYGH5H2EoNFiq4PmfCZC5W3utF1CgKq6fJf1J3Wl<\/a>&nbsp;<\/p>\n\n\n\n<p>Wydarzenia te &#8211; to jeszcze jeden dow\u00f3d na to, \u017ce wydana w 2021 roku przez AGH ksi\u0105\u017cka odbija si\u0119 szerokim echem &#8211; r\u00f3wnie\u017c za granic\u0105 &#8211; gdy\u017c poruszy\u0142a bardzo wa\u017cne zagadnienie i przypomnia\u0142a ludzi i czasy kiedy g\u00f3rnictwo i hutnictwo by\u0142y w najwy\u017cszej cenie. Ci kt\u00f3rzy posiedli umiej\u0119tno\u015b\u0107 wykonywania tych zawod\u00f3w na poziomie in\u017cynierskim przysporzyli naszej ojczy\u017anie najpierw niepodleg\u0142o\u015bci, a&nbsp; p\u00f3\u017aniej gospodarczego rozkwitu. <strong>I w kwestii g\u00f3rnictwa i hutnictwa nic si\u0119 nie zmieni\u0142o<\/strong>. <strong>Kto ma surowce i&nbsp;potrafi oraz chce je wydobywa\u0107 na pewno nie straci swej pozycji w&nbsp;rozszala\u0142ym naukowo i&nbsp;technologicznie \u015bwiecie. Inaczej my\u015bl\u0105 tylko Ci, kt\u00f3rzy nie wiedz\u0105 sk\u0105d si\u0119 bierze \u017cywno\u015b\u0107 na sto\u0142ach, sk\u0105d si\u0119 bierze pr\u0105d w gniazdku, sk\u0105d si\u0119 bior\u0105 samochody, kt\u00f3rymi z&nbsp;lubo\u015bci\u0105 si\u0119 poruszaj\u0105 na kolejne strajki i&nbsp;z czego zbudowane s\u0105 te wszystkie cude\u0144ka dzisiejszej komunikacji, dzi\u0119ki kt\u00f3rym mo\u017cna ich natychmiast pokazywa\u0107 ca\u0142emu \u015bwiatu.<\/strong><\/p>\n\n\n\n<p>Zach\u0119camy do zapoznania si\u0119 z tymi materia\u0142ami.<\/p>\n\n\n\n<p>Prof. Piotr Czaja<\/p>\n\n\n\n<p>Prezes SW AGH<\/p>\n","protected":false},"excerpt":{"rendered":"<p>Jak informowali\u015bmy naszych obserwator\u00f3w w dniu 3 lutego 2023 roku w Ksi\u0105\u017cnicy Cieszy\u0144skiej w Cieszynie odby\u0142a si\u0119 jej prezentacja. I chocia\u017c uczestnik\u00f3w spotkania by\u0142o niezbyt wielu to co najcenniejsze, \u017ce w\u015br\u00f3d nich byli redaktorzy polskich<\/p>\n","protected":false},"author":1,"featured_media":5978,"comment_status":"closed","ping_status":"open","sticky":false,"template":"","format":"standard","meta":{"footnotes":"","_links_to":"","_links_to_target":""},"categories":[1],"tags":[],"class_list":["post-5967","post","type-post","status-publish","format-standard","has-post-thumbnail","hentry","category-bez-kategorii"],"_links":{"self":[{"href":"https:\/\/swagh.agh.edu.pl\/index.php?rest_route=\/wp\/v2\/posts\/5967","targetHints":{"allow":["GET"]}}],"collection":[{"href":"https:\/\/swagh.agh.edu.pl\/index.php?rest_route=\/wp\/v2\/posts"}],"about":[{"href":"https:\/\/swagh.agh.edu.pl\/index.php?rest_route=\/wp\/v2\/types\/post"}],"author":[{"embeddable":true,"href":"https:\/\/swagh.agh.edu.pl\/index.php?rest_route=\/wp\/v2\/users\/1"}],"replies":[{"embeddable":true,"href":"https:\/\/swagh.agh.edu.pl\/index.php?rest_route=%2Fwp%2Fv2%2Fcomments&post=5967"}],"version-history":[{"count":2,"href":"https:\/\/swagh.agh.edu.pl\/index.php?rest_route=\/wp\/v2\/posts\/5967\/revisions"}],"predecessor-version":[{"id":5977,"href":"https:\/\/swagh.agh.edu.pl\/index.php?rest_route=\/wp\/v2\/posts\/5967\/revisions\/5977"}],"wp:featuredmedia":[{"embeddable":true,"href":"https:\/\/swagh.agh.edu.pl\/index.php?rest_route=\/wp\/v2\/media\/5978"}],"wp:attachment":[{"href":"https:\/\/swagh.agh.edu.pl\/index.php?rest_route=%2Fwp%2Fv2%2Fmedia&parent=5967"}],"wp:term":[{"taxonomy":"category","embeddable":true,"href":"https:\/\/swagh.agh.edu.pl\/index.php?rest_route=%2Fwp%2Fv2%2Fcategories&post=5967"},{"taxonomy":"post_tag","embeddable":true,"href":"https:\/\/swagh.agh.edu.pl\/index.php?rest_route=%2Fwp%2Fv2%2Ftags&post=5967"}],"curies":[{"name":"wp","href":"https:\/\/api.w.org\/{rel}","templated":true}]}}