{"id":6423,"date":"2023-10-16T07:08:24","date_gmt":"2023-10-16T07:08:24","guid":{"rendered":"https:\/\/swagh.agh.edu.pl\/?p=6423"},"modified":"2023-10-16T07:18:24","modified_gmt":"2023-10-16T07:18:24","slug":"sympatyczne-spotkanie-z-bochniakami","status":"publish","type":"post","link":"https:\/\/swagh.agh.edu.pl\/?p=6423","title":{"rendered":"Sympatyczne spotkanie z Bochniakami"},"content":{"rendered":"\n<p>W dniu 13 pa\u017adziernika 2023 r. w siedzibie Stowarzyszenia Bochniak\u00f3w i Mi\u0142o\u015bnik\u00f3w Ziemi Boche\u0144skiej odby\u0142o si\u0119 kolejne spotkanie doktor Magdaleny Bernackiej i prof. Piotra Czai autor\u00f3w ksi\u0105\u017cki <strong><em>Czytelnio Polska, cze\u015b\u0107 ci cze\u015b\u0107. Dorobek polskich s\u0142uchaczy Akademii G\u00f3rniczej w Leoben <\/em><\/strong>z&nbsp;cz\u0142onkami stowarzyszenia i osobami maj\u0105cymi zwi\u0105zek z bohaterami tej monografii.<\/p>\n\n\n\n<p>Bochnia jako znane z g\u00f3rnictwa soli miasto z aktem lokacyjnym starszym ni\u017c mia\u0142o miasto Krak\u00f3w, by\u0142o w XIX wieku jednym z najcz\u0119\u015bciej odwiedzanych miast przez leobe\u0144skich student\u00f3w g\u00f3rnictwa. Przybywali tu w czasie studi\u00f3w na praktyki zawodowe, a po ich uko\u0144czeniu wielu z nich podejmowa\u0142o prac\u0119 w kopalni lub pracowa\u0142o na rzecz tego regionu w innych wa\u017cnych instytucjach i urz\u0119dach.<\/p>\n\n\n\n<p>Na spotkanie przyby\u0142o wielu cz\u0142onk\u00f3w Stowarzyszenia Bochniak\u00f3w w tym tak\u017ce osoby, kt\u00f3re znaj\u0105 histori\u0119 leobe\u0144skich student\u00f3w z Bochni, a nawet ich potomkowie jak pan Jan Naturski wnuk leobe\u0144czyka Jana Naturskiego dyplomowanego w Leoben w roku 1910.<\/p>\n\n\n\n<figure class=\"wp-block-image size-full\"><a href=\"https:\/\/swagh.agh.edu.pl\/wp-content\/uploads\/2023\/10\/image-8.png\"><img loading=\"lazy\" decoding=\"async\" width=\"945\" height=\"709\" src=\"https:\/\/swagh.agh.edu.pl\/wp-content\/uploads\/2023\/10\/image-8.png\" alt=\"\" class=\"wp-image-6424\" srcset=\"https:\/\/swagh.agh.edu.pl\/wp-content\/uploads\/2023\/10\/image-8.png 945w, https:\/\/swagh.agh.edu.pl\/wp-content\/uploads\/2023\/10\/image-8-300x225.png 300w, https:\/\/swagh.agh.edu.pl\/wp-content\/uploads\/2023\/10\/image-8-768x576.png 768w\" sizes=\"auto, (max-width: 945px) 100vw, 945px\" \/><\/a><figcaption><em>Uczestnicy spotkania w Bochni. W pierwszym rz\u0119dzie Jan Naturski \u2013 drugi od lewej &nbsp;z ma\u0142\u017conk\u0105 i pani Janina K\u0119skowa \u2013 druga od prawej . (fot. P. Czaja)<\/em><\/figcaption><\/figure>\n\n\n\n<p>W trakcie spotkania prof. Piotr Czaja om\u00f3wi\u0142 problemy edukacji g\u00f3rniczej w Europie w XVIII, XIX i XX wieku. Zgodnie z ju\u017c utartym scenariuszem tych spotka\u0144 prelegenci o\u015bpiewali Hymn Czytelni Polskiej, z kt\u00f3rego jeden werset jest tytu\u0142em omawianej ksi\u0105\u017cki. W drugiej cz\u0119\u015bci spotkania Magdalena Bernacka przybli\u017cy\u0142a sylwetki kilkunastu leobe\u0144czyk\u00f3w wywodz\u0105cych si\u0119 z tego regionu lub pracuj\u0105cych dla niego.<\/p>\n\n\n\n<figure class=\"wp-block-image size-full\"><a href=\"https:\/\/swagh.agh.edu.pl\/wp-content\/uploads\/2023\/10\/image-9.png\"><img loading=\"lazy\" decoding=\"async\" width=\"945\" height=\"709\" src=\"https:\/\/swagh.agh.edu.pl\/wp-content\/uploads\/2023\/10\/image-9.png\" alt=\"\" class=\"wp-image-6425\" srcset=\"https:\/\/swagh.agh.edu.pl\/wp-content\/uploads\/2023\/10\/image-9.png 945w, https:\/\/swagh.agh.edu.pl\/wp-content\/uploads\/2023\/10\/image-9-300x225.png 300w, https:\/\/swagh.agh.edu.pl\/wp-content\/uploads\/2023\/10\/image-9-768x576.png 768w\" sizes=\"auto, (max-width: 945px) 100vw, 945px\" \/><\/a><figcaption><em>Magdalena Bernacka w trakcie prelekcji. (fot. P. Czaja)<\/em><\/figcaption><\/figure>\n\n\n\n<p>Salka, w kt\u00f3rej odbywa\u0142o si\u0119 spotkanie zosta\u0142a udekorowana planszami z wystawy \u201eWybitni&nbsp; Absolwenci Boche\u0144skiego Gimnazjum\u201d prezentuj\u0105cymi \u017cyciorysy i osi\u0105gni\u0119cia wielu niezwyk\u0142ych boche\u0144skich osobisto\u015bci. Jest w\u015br\u00f3d nich prof. Stanis\u0142aw Skoczylas, leobe\u0144czyk, p\u00f3\u017aniejszy Dziekan Wydzia\u0142u G\u00f3rniczego Akademii G\u00f3rniczej oraz jej rektor w latach 1828-1930.<\/p>\n\n\n\n<p>W ksi\u0105\u017cce \u201eCzytelnio Polska cze\u015b\u0107 Ci cze\u015b\u0107\u201d wyst\u0119puj\u0119 ca\u0142y r\u00f3d boche\u0144skich Windakiewicz\u00f3w. Jednym z pierwszych student\u00f3w leobe\u0144skiej Akademii G\u00f3rniczej by\u0142 Edward Windakiewicz (1826-1876) immatrykulowany w roku 1848, kt\u00f3ry jako wybitny specjalista g\u00f3rnictwa pracowa\u0142 w r\u00f3\u017cnych korporacjach g\u00f3rniczych w Europie, ale niestety w boche\u0144skiej kopalni zgin\u0105\u0142 nios\u0105c pomoc zagro\u017conym po\u017carem g\u00f3rnikom. W ho\u0142dzie jego pami\u0119ci jedno z osiedli mieszkaniowych Bochni nosi nazw\u0119 \u201eOsiedle Windakiewicza\u201d. Z Bochni\u0105 zwi\u0105zany jest tak\u017ce jego syn Erwin Windakiewicz (1857-1925), r\u00f3wnie\u017c absolwent Akademii G\u00f3rniczej w Leoben wsp\u00f3\u0142za\u0142o\u017cyciel Czytelni Polskiej Akademik\u00f3w G\u00f3rniczych (1878 r.) i jej sekretarz. Drugi syn Edwarda Windakiewicz r\u00f3wnie\u017c Edward- junior (1858-1942) po\u015bwi\u0119ci\u0142 si\u0119 pracy naukowej w krakowskiej Akademii G\u00f3rniczej b\u0119d\u0105cej efektem usilnych stara\u0144 o polsk\u0105 uczelni\u0119 g\u00f3rnicz\u0105, r\u00f3wnie\u017c licznych leobe\u0144czyk\u00f3w. W trakcie spotkania cz\u0119sto zabiera\u0142a g\u0142os znawczyni tego regionu, pani Janina K\u0119skowa organizatorka spotkania. Do prezentacji wnios\u0142a informacje o jeszcze jednym synu Edwarda Windakiewicza \u2013seniora, kt\u00f3ry nie poszed\u0142 w&nbsp;\u015blady ojca ani swoich braci, ale by\u0142 wybitnym humanist\u0105 &#8211; profesorem Uniwersytetu Jagiello\u0144skiego w&nbsp;Krakowie.<br>Jak wiemy w ksi\u0105\u017cce pojawia si\u0119 jeszcze jeden student Akademii G\u00f3rniczej w Leoben \u2013 dr&nbsp; Kazimierz Windakiewicz, autor muzyki i tekstu hymnu Czytelni Polskiej. Nie ma przes\u0142anek, aby s\u0105dzi\u0107, \u017ce by\u0142 on w jaki\u015b spos\u00f3b spokrewniony z Boche\u0144skimi Windakiewiczami.<\/p>\n\n\n\n<p>Po oficjalnym zako\u0144czeniu spotkania jego uczestnicy jeszcze d\u0142ugo dyskutowali o innych wybitnych postaciach historycznych wywodz\u0105cych si\u0119 z Bochni i o bardzo ciekawych ich losach oraz wielkich dokonaniach sprawiaj\u0105cych, \u017ce dzisiaj miasto to jest pere\u0142k\u0105 na Ma\u0142opolskiej palecie miast. Ma pi\u0119knie zadban\u0105 Kopalni\u0119 Soli Bochnia, kt\u00f3ra dzisiaj jest zabytkiem najwy\u017cszej klasy, a jej tradycje i kult \u015bw. Kingi <a href=\"https:\/\/kopalnia-bochnia.pl\/glowna\/aktualnosci\/502\">zosta\u0142y &nbsp;wpisane na Krajow\u0105 list\u0119 niematerialnego dziedzictwa kulturowego<\/a>.<\/p>\n\n\n\n<p>Organizatorom i wszystkim uczestnikom tego mi\u0142ego spotkania serdecznie dzi\u0119kujemy. Bochniakom \u017cyczymy dalszych sukces\u00f3w w odkrywaniu i propagowaniu ciekawych tajnik\u00f3w z historii tego pi\u0119knego miasta.<\/p>\n\n\n\n<p>Piotr Czaja<\/p>\n\n\n\n<p>Prezes SW AGH<\/p>\n","protected":false},"excerpt":{"rendered":"<p>W dniu 13 pa\u017adziernika 2023 r. w siedzibie Stowarzyszenia Bochniak\u00f3w i Mi\u0142o\u015bnik\u00f3w Ziemi Boche\u0144skiej odby\u0142o si\u0119 kolejne spotkanie doktor Magdaleny Bernackiej i prof. Piotra Czai autor\u00f3w ksi\u0105\u017cki Czytelnio Polska, cze\u015b\u0107 ci cze\u015b\u0107. Dorobek polskich s\u0142uchaczy<\/p>\n","protected":false},"author":1,"featured_media":6430,"comment_status":"closed","ping_status":"open","sticky":false,"template":"","format":"standard","meta":{"footnotes":"","_links_to":"","_links_to_target":""},"categories":[1],"tags":[],"class_list":["post-6423","post","type-post","status-publish","format-standard","has-post-thumbnail","hentry","category-bez-kategorii"],"_links":{"self":[{"href":"https:\/\/swagh.agh.edu.pl\/index.php?rest_route=\/wp\/v2\/posts\/6423","targetHints":{"allow":["GET"]}}],"collection":[{"href":"https:\/\/swagh.agh.edu.pl\/index.php?rest_route=\/wp\/v2\/posts"}],"about":[{"href":"https:\/\/swagh.agh.edu.pl\/index.php?rest_route=\/wp\/v2\/types\/post"}],"author":[{"embeddable":true,"href":"https:\/\/swagh.agh.edu.pl\/index.php?rest_route=\/wp\/v2\/users\/1"}],"replies":[{"embeddable":true,"href":"https:\/\/swagh.agh.edu.pl\/index.php?rest_route=%2Fwp%2Fv2%2Fcomments&post=6423"}],"version-history":[{"count":2,"href":"https:\/\/swagh.agh.edu.pl\/index.php?rest_route=\/wp\/v2\/posts\/6423\/revisions"}],"predecessor-version":[{"id":6429,"href":"https:\/\/swagh.agh.edu.pl\/index.php?rest_route=\/wp\/v2\/posts\/6423\/revisions\/6429"}],"wp:featuredmedia":[{"embeddable":true,"href":"https:\/\/swagh.agh.edu.pl\/index.php?rest_route=\/wp\/v2\/media\/6430"}],"wp:attachment":[{"href":"https:\/\/swagh.agh.edu.pl\/index.php?rest_route=%2Fwp%2Fv2%2Fmedia&parent=6423"}],"wp:term":[{"taxonomy":"category","embeddable":true,"href":"https:\/\/swagh.agh.edu.pl\/index.php?rest_route=%2Fwp%2Fv2%2Fcategories&post=6423"},{"taxonomy":"post_tag","embeddable":true,"href":"https:\/\/swagh.agh.edu.pl\/index.php?rest_route=%2Fwp%2Fv2%2Ftags&post=6423"}],"curies":[{"name":"wp","href":"https:\/\/api.w.org\/{rel}","templated":true}]}}