{"id":6445,"date":"2023-10-23T09:58:43","date_gmt":"2023-10-23T09:58:43","guid":{"rendered":"https:\/\/swagh.agh.edu.pl\/?p=6445"},"modified":"2023-10-23T09:58:44","modified_gmt":"2023-10-23T09:58:44","slug":"absolwent-roku-2022","status":"publish","type":"post","link":"https:\/\/swagh.agh.edu.pl\/?p=6445","title":{"rendered":"Absolwent roku 2022"},"content":{"rendered":"\n<p>W dniu 17 pa\u017adziernika odby\u0142o si\u0119 \u2013 wielokrotnie odk\u0142adane &#8211; uroczyste wr\u0119czenie tytu\u0142\u00f3w \u201eAbsolwent Roku 2022\u201d w dw\u00f3ch kategoriach Senior i Junior. Konkurs jest organizowany przez Fundacj\u0119 dla AGH i Stowarzyszenie Wychowank\u00f3w AGH nieprzerwanie od roku 2014. G\u0142\u00f3wnym celem konkursu jest wyr\u00f3\u017cnienie wychowank\u00f3w, kt\u00f3rzy swoj\u0105 ponad przeci\u0119tn\u0105 aktywno\u015bci\u0105 i&nbsp;pomys\u0142owo\u015bci\u0105 rozwijaj\u0105 biznes promuj\u0105c tym samym nasz\u0105 uczelni\u0119. W Jury konkursu zasiadaj\u0105:<\/p>\n\n\n\n<ul class=\"wp-block-list\"><li>Urz\u0119duj\u0105cy JM Rektor AGH (obecnie prof. Jerzy Lis),<\/li><li>Prezes Fundacji dla AGH (obecnie dr in\u017c. Jerzy Kicki),<\/li><li>Prezes Stowarzyszenia Wychowank\u00f3w AGH (obecnie prof. Piotr Czaja) oraz<\/li><li>wszyscy dotychczasowi laureaci Konkursu.<\/li><\/ul>\n\n\n\n<p>Uroczyste wr\u0119czenie tej godno\u015bci odbywa\u0142o si\u0119 podczas\u00a0 koncert\u00f3w Noworocznych organizowanych przez te organizacje w teatrze im. Juliusza S\u0142owackiego. Pandemia korona wirusa przerwa\u0142a t\u0119 pi\u0119kn\u0105 tradycj\u0119, ale konkurs o tytu\u0142 absolwenta roku trwa. W roku 2022 uroczyste wr\u0119czenie odby\u0142o si\u0119 w rektoracie AGH z udzia\u0142em JM rektora prof. Jerzego Lisa. W bie\u017c\u0105cym roku uroczysto\u015bci przewodniczy\u0142 prorektora AGH prof. Tadeusz Telejko.\u00a0 W uroczysto\u015bci uczestniczyli: prezes Fundacji dla AGH dr Jerzy Kicki, wiceprezes Fundacji prof. Tomasz Lipecki oraz prof. Piotr Czaja Prezes Stowarzyszenia Wychowank\u00f3w AGH.<\/p>\n\n\n\n<figure class=\"wp-block-image size-large\"><a href=\"https:\/\/swagh.agh.edu.pl\/wp-content\/uploads\/2023\/10\/DSC4277-1-scaled.jpg\"><img loading=\"lazy\" decoding=\"async\" width=\"1024\" height=\"684\" src=\"https:\/\/swagh.agh.edu.pl\/wp-content\/uploads\/2023\/10\/DSC4277-1-1024x684.jpg\" alt=\"\" class=\"wp-image-6460\" srcset=\"https:\/\/swagh.agh.edu.pl\/wp-content\/uploads\/2023\/10\/DSC4277-1-1024x684.jpg 1024w, https:\/\/swagh.agh.edu.pl\/wp-content\/uploads\/2023\/10\/DSC4277-1-300x200.jpg 300w, https:\/\/swagh.agh.edu.pl\/wp-content\/uploads\/2023\/10\/DSC4277-1-768x513.jpg 768w, https:\/\/swagh.agh.edu.pl\/wp-content\/uploads\/2023\/10\/DSC4277-1-1536x1025.jpg 1536w, https:\/\/swagh.agh.edu.pl\/wp-content\/uploads\/2023\/10\/DSC4277-1-2048x1367.jpg 2048w, https:\/\/swagh.agh.edu.pl\/wp-content\/uploads\/2023\/10\/DSC4277-1-420x280.jpg 420w\" sizes=\"auto, (max-width: 1024px) 100vw, 1024px\" \/><\/a><figcaption><em>fot. Z. Sulima<\/em><\/figcaption><\/figure>\n\n\n\n<p>Absolwentami roku 2022 zostali:<\/p>\n\n\n\n<ul class=\"wp-block-list\"><li>Absolwent Roku 2022(Senior) \u2013 dr in\u017c. Jacek Ko\u0142acz \u2013 prezes Comex Group,<\/li><li>Absolwent roku 2022 (Junior) \u2013 2022 \u2013 mgr in\u017c. Przemys\u0142aw Dr\u00f3\u017cd\u017c,<\/li><\/ul>\n\n\n\n<p>W trakcie uroczysto\u015bci wr\u0119czono tak\u017ce zaleg\u0142\u0105 statuetk\u0119 Absolwenta Roku 2021 (kategoria Junior) panu dr in\u017c. Rafa\u0142owi Samborskiemu.<\/p>\n\n\n\n<figure class=\"wp-block-gallery columns-3 is-cropped wp-block-gallery-1 is-layout-flex wp-block-gallery-is-layout-flex\"><ul class=\"blocks-gallery-grid\"><li class=\"blocks-gallery-item\"><figure><a href=\"https:\/\/swagh.agh.edu.pl\/wp-content\/uploads\/2023\/10\/DSC4294-1-scaled.jpg\"><img loading=\"lazy\" decoding=\"async\" width=\"1024\" height=\"684\" src=\"https:\/\/swagh.agh.edu.pl\/wp-content\/uploads\/2023\/10\/DSC4294-1-1024x684.jpg\" alt=\"\" data-id=\"6457\" data-full-url=\"https:\/\/swagh.agh.edu.pl\/wp-content\/uploads\/2023\/10\/DSC4294-1-scaled.jpg\" data-link=\"https:\/\/swagh.agh.edu.pl\/?attachment_id=6457\" class=\"wp-image-6457\" srcset=\"https:\/\/swagh.agh.edu.pl\/wp-content\/uploads\/2023\/10\/DSC4294-1-1024x684.jpg 1024w, https:\/\/swagh.agh.edu.pl\/wp-content\/uploads\/2023\/10\/DSC4294-1-300x200.jpg 300w, https:\/\/swagh.agh.edu.pl\/wp-content\/uploads\/2023\/10\/DSC4294-1-768x513.jpg 768w, https:\/\/swagh.agh.edu.pl\/wp-content\/uploads\/2023\/10\/DSC4294-1-1536x1025.jpg 1536w, https:\/\/swagh.agh.edu.pl\/wp-content\/uploads\/2023\/10\/DSC4294-1-2048x1367.jpg 2048w, https:\/\/swagh.agh.edu.pl\/wp-content\/uploads\/2023\/10\/DSC4294-1-420x280.jpg 420w\" sizes=\"auto, (max-width: 1024px) 100vw, 1024px\" \/><\/a><\/figure><\/li><li class=\"blocks-gallery-item\"><figure><a href=\"https:\/\/swagh.agh.edu.pl\/wp-content\/uploads\/2023\/10\/DSC4302-1-scaled.jpg\"><img loading=\"lazy\" decoding=\"async\" width=\"1024\" height=\"684\" src=\"https:\/\/swagh.agh.edu.pl\/wp-content\/uploads\/2023\/10\/DSC4302-1-1024x684.jpg\" alt=\"\" data-id=\"6458\" data-full-url=\"https:\/\/swagh.agh.edu.pl\/wp-content\/uploads\/2023\/10\/DSC4302-1-scaled.jpg\" data-link=\"https:\/\/swagh.agh.edu.pl\/?attachment_id=6458\" class=\"wp-image-6458\" srcset=\"https:\/\/swagh.agh.edu.pl\/wp-content\/uploads\/2023\/10\/DSC4302-1-1024x684.jpg 1024w, https:\/\/swagh.agh.edu.pl\/wp-content\/uploads\/2023\/10\/DSC4302-1-300x200.jpg 300w, https:\/\/swagh.agh.edu.pl\/wp-content\/uploads\/2023\/10\/DSC4302-1-768x513.jpg 768w, https:\/\/swagh.agh.edu.pl\/wp-content\/uploads\/2023\/10\/DSC4302-1-1536x1025.jpg 1536w, https:\/\/swagh.agh.edu.pl\/wp-content\/uploads\/2023\/10\/DSC4302-1-2048x1367.jpg 2048w, https:\/\/swagh.agh.edu.pl\/wp-content\/uploads\/2023\/10\/DSC4302-1-420x280.jpg 420w\" sizes=\"auto, (max-width: 1024px) 100vw, 1024px\" \/><\/a><\/figure><\/li><li class=\"blocks-gallery-item\"><figure><a href=\"https:\/\/swagh.agh.edu.pl\/wp-content\/uploads\/2023\/10\/DSC4310-1-scaled.jpg\"><img loading=\"lazy\" decoding=\"async\" width=\"1024\" height=\"684\" src=\"https:\/\/swagh.agh.edu.pl\/wp-content\/uploads\/2023\/10\/DSC4310-1-1024x684.jpg\" alt=\"\" data-id=\"6459\" data-full-url=\"https:\/\/swagh.agh.edu.pl\/wp-content\/uploads\/2023\/10\/DSC4310-1-scaled.jpg\" data-link=\"https:\/\/swagh.agh.edu.pl\/?attachment_id=6459\" class=\"wp-image-6459\" srcset=\"https:\/\/swagh.agh.edu.pl\/wp-content\/uploads\/2023\/10\/DSC4310-1-1024x684.jpg 1024w, https:\/\/swagh.agh.edu.pl\/wp-content\/uploads\/2023\/10\/DSC4310-1-300x200.jpg 300w, https:\/\/swagh.agh.edu.pl\/wp-content\/uploads\/2023\/10\/DSC4310-1-768x513.jpg 768w, https:\/\/swagh.agh.edu.pl\/wp-content\/uploads\/2023\/10\/DSC4310-1-1536x1025.jpg 1536w, https:\/\/swagh.agh.edu.pl\/wp-content\/uploads\/2023\/10\/DSC4310-1-2048x1367.jpg 2048w, https:\/\/swagh.agh.edu.pl\/wp-content\/uploads\/2023\/10\/DSC4310-1-420x280.jpg 420w\" sizes=\"auto, (max-width: 1024px) 100vw, 1024px\" \/><\/a><\/figure><\/li><\/ul><figcaption class=\"blocks-gallery-caption\"><em>Wr\u0119czenie godno\u015bci Absolwent Roku (fot. Z. Sulima)<\/em><\/figcaption><\/figure>\n\n\n\n<p><strong>Absolwent Roku 2022 (Senior)<\/strong><\/p>\n\n\n\n<p><strong> <\/strong><img loading=\"lazy\" decoding=\"async\" width=\"150\" height=\"137\" class=\"wp-image-6452\" style=\"width: 150px;\" src=\"https:\/\/swagh.agh.edu.pl\/wp-content\/uploads\/2023\/10\/1-1.jpg\" alt=\"\" srcset=\"https:\/\/swagh.agh.edu.pl\/wp-content\/uploads\/2023\/10\/1-1.jpg 528w, https:\/\/swagh.agh.edu.pl\/wp-content\/uploads\/2023\/10\/1-1-300x273.jpg 300w\" sizes=\"auto, (max-width: 150px) 100vw, 150px\" \/><strong><strong>Dr<\/strong> in\u017c. Jacek Ko\u0142acz<\/strong> uko\u0144czy\u0142 studia na AGH w roku 1989, na Wydziale G\u00f3rniczym. W roku 1995 uko\u0144czy\u0142 studia doktoranckie na Uniwersytecie NTNU w Trondheim w Norwegii. Przedmiotem pracy by\u0142y badania nad produkcj\u0105 i separacj\u0105 drobnych mikrocz\u0105stek minera\u0142\u00f3w i innych materia\u0142\u00f3w oraz automatyzacja proces\u00f3w produkcyjnych. Od roku 1995 otrzyma\u0142 stanowisko jako starszy pracownik naukowy w instytucie badawczym SINTEF w Trondheim, gdzie powsta\u0142y pierwsze rozwi\u0105zania urz\u0105dze\u0144 do produkcji drobnych materia\u0142\u00f3w, kt\u00f3re zosta\u0142y opatentowane w wielu krajach i gdzie Jacek Ko\u0142acz by\u0142 jedynym wynalazc\u0105. Powsta\u0142y te\u017c pierwsze urz\u0105dzenia sortuj\u0105ce minera\u0142y i inne materia\u0142y w celu pre-koncentracji oraz w\u00a0ramach recyklingu. W roku 2003 Jacek Ko\u0142acz za\u0142o\u017cy\u0142 firm\u0119 Comex AS w Norwegii jako start-up wspierany przez instytut SINTEF, gdzie w pocz\u0105tkowych latach Jacek Ko\u0142acz by\u0142 jedynym pracownikiem. Pozwoli\u0142o to na komercjalizacj\u0119 wspomnianych opatentowanych urz\u0105dze\u0144 i rozwi\u0105za\u0144 technologicznych, znacznie usprawniaj\u0105cych procesy produkcyjne w przemy\u015ble mineralnym i technologii materia\u0142owej. Jacek Ko\u0142acz ju\u017c wtedy zapocz\u0105tkowa\u0142 pierwsze kontakty z firmami z Polski co zaowocowa\u0142o wieloma mi\u0119dzynarodowymi projektami, gdzie urz\u0105dzenia mechaniczne i elektroniczne\u00a0 by\u0142y ju\u017c produkowane w Polsce. W roku 2007 powsta\u0142a firma Comex Polska Sp. z o.o. w Krakowie, w celu kontynuacji prac badawczo-rozwojowych oraz dalszej komercjalizacji nowych rozwi\u0105za\u0144 technologicznych. Firma ta stworzy\u0142a nowe podstawy do nowoczesnych rozwi\u0105za\u0144 technologicznych (ponad 500 instalacji) stosowanych dzisiaj na niemal wszystkich kontynentach \u015bwiata. Jacek K\u0142acz stworzy\u0142 sprawny zesp\u00f3\u0142 pracownik\u00f3w (obecnie 25 os\u00f3b), kt\u00f3ry rozwija i produkuje najnowocze\u015bniejsze rozwi\u0105zania dla g\u00f3rnictwa oraz przemys\u0142u mineralnego i\u00a0materia\u0142owego, nadal aktywnie uczestnicz\u0105c w\u00a0procesie ich dalszego rozwoju technologicznego. Wiele z\u00a0tych rozwi\u0105za\u0144 zosta\u0142o zaprezentowanych na r\u00f3\u017cnych konferencjach naukowych i wystawach bran\u017cowych. Jacek Ko\u0142acz otrzyma\u0142 wiele wyr\u00f3\u017cnie\u0144 jak m.in.: Lista Who is Who in the World (wyd. Marquis, rok 2000), 2000 Outstanding Scientists of the World (wyd. Cambridge Biographical Center, rok 2001), nominacja do Achievment of the Year (Teknisk Ukeblad, rok 2012). Jest on obecnie autorem ponad 130 publikacji, wielu mi\u0119dzynarodowych patent\u00f3w, oraz kilkuset raport\u00f3w naukowych w tematyce produkcji mikrocz\u0105stek minera\u0142\u00f3w i materia\u0142\u00f3w, elektronicznego sortowania materia\u0142\u00f3w, oraz automatyzacji proces\u00f3w produkcyjnych. Obecnie pracuje na stanowisku prezesa w Comex Group.<\/p>\n\n\n\n<p><strong>Absolwent Roku 2022 (Junior)<\/strong><\/p>\n\n\n\n<p> <img loading=\"lazy\" decoding=\"async\" width=\"150\" height=\"150\" class=\"wp-image-6453\" style=\"width: 150px;\" src=\"https:\/\/swagh.agh.edu.pl\/wp-content\/uploads\/2023\/10\/2-1.jpg\" alt=\"\" srcset=\"https:\/\/swagh.agh.edu.pl\/wp-content\/uploads\/2023\/10\/2-1.jpg 440w, https:\/\/swagh.agh.edu.pl\/wp-content\/uploads\/2023\/10\/2-1-300x300.jpg 300w, https:\/\/swagh.agh.edu.pl\/wp-content\/uploads\/2023\/10\/2-1-150x150.jpg 150w\" sizes=\"auto, (max-width: 150px) 100vw, 150px\" \/><strong>Mgr in\u017c. Przemys\u0142aw Dr\u00f3\u017cd\u017c<\/strong>. Urodzony w roku 1996 w Nowym S\u0105czu, absolwent Akademii G\u00f3rniczo-Hutniczej w Krakowie oraz Akademi Leona Ko\u017ami\u0144skego w Warszawie. W latach 2016-2019 by\u0142 w AGH prezesem i\u00a0aktywnym dzia\u0142aczem Ko\u0142a Naukowego \u201eSpace System\u201d. Laureat Stypendium Ministra oraz konkurs\u00f3w, Forbes\u00a0 \u201e25 under 25\u201d, \u201e30 under 30\u201d. Autor i wsp\u00f3\u0142autor prac naukowych dotycz\u0105cych tematyki zwi\u0105zanej z\u00a0systemami rakietowymi i\u00a0nap\u0119dami tych pojazd\u00f3w. Wsp\u00f3lnie z Tomaszem Palaczem za\u0142o\u017cyli sp\u00f3\u0142k\u0119 <strong>\u201eLiftero\u201d,<\/strong> zajmuj\u0105c\u0105 \u00a0si\u0119 systemami logistyki kosmicznej, a w szczeg\u00f3lno\u015bci kieruje swoje dzia\u0142ania w stron\u0119 logistyki kosmicznej z wizj\u0105 zrewolucjonizowania dost\u0119pu do przestrzeni kosmicznej poprzez rozw\u00f3j <strong>statk\u00f3w kosmicznych wielokrotnego u\u017cytku zdolnych do przemieszczania dowolnego \u0142adunku u\u017cytecznego z punktu A do punktu B w kosmosie<\/strong>. Firma stawia na wej\u015bcie na rynek rakiet no\u015bnych wielokrotnego u\u017cytku, od \u015brednich po super ci\u0119\u017ckie, kt\u00f3re umo\u017cliwi\u0105 bardzo niski koszt wynoszenia \u0142adunk\u00f3w w\u00a0kosmos. Rakiety te b\u0119d\u0105 dzia\u0142a\u0107 jak samochody dostawcze, dostarczaj\u0105c wiele satelit\u00f3w do orbit b\u0119d\u0105cych \u201cw\u0119z\u0142ami prze\u0142adunkowymi\u201d, zapewniaj\u0105c wzrost zapotrzebowania na przemieszczanie \u0142adunk\u00f3w do orbit docelowych.<\/p>\n\n\n\n<p><strong>Absolwent Roku 2021 (Junior<\/strong>)<\/p>\n\n\n\n<p> <img loading=\"lazy\" decoding=\"async\" width=\"150\" height=\"150\" class=\"wp-image-5287\" style=\"width: 150px;\" src=\"https:\/\/swagh.agh.edu.pl\/wp-content\/uploads\/2022\/05\/R.-Samborski.jpg\" alt=\"\" srcset=\"https:\/\/swagh.agh.edu.pl\/wp-content\/uploads\/2022\/05\/R.-Samborski.jpg 200w, https:\/\/swagh.agh.edu.pl\/wp-content\/uploads\/2022\/05\/R.-Samborski-150x150.jpg 150w\" sizes=\"auto, (max-width: 150px) 100vw, 150px\" \/><strong>Dr in\u017c. Rafa\u0142 Samborski\u00a0<\/strong> W trakcie uroczysto\u015bci wr\u0119czono tak\u017ce zaleg\u0142\u0105 statuetk\u0119 \u201eAbsolwent roku 2021 (Junior) dla dr in\u017c. Rafa\u0142a Samborskiego, kt\u00f3ry nie m\u00f3g\u0142 uczestniczy\u0107 w tej uroczysto\u015bci w dniu 18 maja\u00a0 2021 r.<\/p>\n\n\n\n<p>Sylwetk\u0119 tego laureata zaprezentowali\u015bmy w naszym serwisie pod adresem. <a href=\"https:\/\/swagh.agh.edu.pl\/?p=5283\">https:\/\/swagh.agh.edu.pl\/?p=5283<\/a><\/p>\n\n\n\n<p>Warto w tym miejscu przypomnie\u0107, \u017ce dr Rafa\u0142 Samborski jest za\u0142o\u017cycielem i prezesem firmy Consonance oraz Cardiomatics, kt\u00f3re produkuj\u0105 urz\u0105dzenia wykorzystuj\u0105ce sztuczn\u0105 inteligencj\u0119 do zastosowa\u0144 medycznych w tym zast\u0119puj\u0105ce znan\u0105 technologie EKG.<\/p>\n\n\n\n<p>Tu\u017c przed uroczysto\u015bci\u0105 \u2013 nieoficjalnie w miejscu spotkania pojawi\u0142 si\u0119 JM Rektor prof. Jerzy Lis, kt\u00f3ry pogratulowa\u0142 laureatom, wr\u0119czaj\u0105c im swoje rektorskie upominki.<\/p>\n\n\n\n<figure class=\"wp-block-image size-large\"><a href=\"https:\/\/swagh.agh.edu.pl\/wp-content\/uploads\/2023\/10\/DSC4273-1-scaled.jpg\"><img loading=\"lazy\" decoding=\"async\" width=\"1024\" height=\"674\" src=\"https:\/\/swagh.agh.edu.pl\/wp-content\/uploads\/2023\/10\/DSC4273-1-1024x674.jpg\" alt=\"\" class=\"wp-image-6456\" srcset=\"https:\/\/swagh.agh.edu.pl\/wp-content\/uploads\/2023\/10\/DSC4273-1-1024x674.jpg 1024w, https:\/\/swagh.agh.edu.pl\/wp-content\/uploads\/2023\/10\/DSC4273-1-300x197.jpg 300w, https:\/\/swagh.agh.edu.pl\/wp-content\/uploads\/2023\/10\/DSC4273-1-768x505.jpg 768w, https:\/\/swagh.agh.edu.pl\/wp-content\/uploads\/2023\/10\/DSC4273-1-1536x1010.jpg 1536w, https:\/\/swagh.agh.edu.pl\/wp-content\/uploads\/2023\/10\/DSC4273-1-2048x1347.jpg 2048w, https:\/\/swagh.agh.edu.pl\/wp-content\/uploads\/2023\/10\/DSC4273-1-350x230.jpg 350w\" sizes=\"auto, (max-width: 1024px) 100vw, 1024px\" \/><\/a><figcaption><em>fot. Z. Sulima<\/em><\/figcaption><\/figure>\n","protected":false},"excerpt":{"rendered":"<p>W dniu 17 pa\u017adziernika odby\u0142o si\u0119 \u2013 wielokrotnie odk\u0142adane &#8211; uroczyste wr\u0119czenie tytu\u0142\u00f3w \u201eAbsolwent Roku 2022\u201d w dw\u00f3ch kategoriach Senior i Junior. Konkurs jest organizowany przez Fundacj\u0119 dla AGH i Stowarzyszenie Wychowank\u00f3w AGH nieprzerwanie od<\/p>\n","protected":false},"author":1,"featured_media":6451,"comment_status":"closed","ping_status":"open","sticky":false,"template":"","format":"standard","meta":{"footnotes":"","_links_to":"","_links_to_target":""},"categories":[1],"tags":[],"class_list":["post-6445","post","type-post","status-publish","format-standard","has-post-thumbnail","hentry","category-bez-kategorii"],"_links":{"self":[{"href":"https:\/\/swagh.agh.edu.pl\/index.php?rest_route=\/wp\/v2\/posts\/6445","targetHints":{"allow":["GET"]}}],"collection":[{"href":"https:\/\/swagh.agh.edu.pl\/index.php?rest_route=\/wp\/v2\/posts"}],"about":[{"href":"https:\/\/swagh.agh.edu.pl\/index.php?rest_route=\/wp\/v2\/types\/post"}],"author":[{"embeddable":true,"href":"https:\/\/swagh.agh.edu.pl\/index.php?rest_route=\/wp\/v2\/users\/1"}],"replies":[{"embeddable":true,"href":"https:\/\/swagh.agh.edu.pl\/index.php?rest_route=%2Fwp%2Fv2%2Fcomments&post=6445"}],"version-history":[{"count":1,"href":"https:\/\/swagh.agh.edu.pl\/index.php?rest_route=\/wp\/v2\/posts\/6445\/revisions"}],"predecessor-version":[{"id":6461,"href":"https:\/\/swagh.agh.edu.pl\/index.php?rest_route=\/wp\/v2\/posts\/6445\/revisions\/6461"}],"wp:featuredmedia":[{"embeddable":true,"href":"https:\/\/swagh.agh.edu.pl\/index.php?rest_route=\/wp\/v2\/media\/6451"}],"wp:attachment":[{"href":"https:\/\/swagh.agh.edu.pl\/index.php?rest_route=%2Fwp%2Fv2%2Fmedia&parent=6445"}],"wp:term":[{"taxonomy":"category","embeddable":true,"href":"https:\/\/swagh.agh.edu.pl\/index.php?rest_route=%2Fwp%2Fv2%2Fcategories&post=6445"},{"taxonomy":"post_tag","embeddable":true,"href":"https:\/\/swagh.agh.edu.pl\/index.php?rest_route=%2Fwp%2Fv2%2Ftags&post=6445"}],"curies":[{"name":"wp","href":"https:\/\/api.w.org\/{rel}","templated":true}]}}