{"id":6472,"date":"2023-11-08T09:17:54","date_gmt":"2023-11-08T09:17:54","guid":{"rendered":"https:\/\/swagh.agh.edu.pl\/?p=6472"},"modified":"2023-11-15T11:49:30","modified_gmt":"2023-11-15T11:49:30","slug":"odsloniecie-pomnika-profesora-walerego-goetla-w-suchej-beskidzkiej","status":"publish","type":"post","link":"https:\/\/swagh.agh.edu.pl\/?p=6472","title":{"rendered":"Ods\u0142oni\u0119cie pomnika Profesora Walerego Goetla w Suchej Beskidzkiej"},"content":{"rendered":"\n<p>W dniu 6.11.2023 roku zosta\u0142 ods\u0142oni\u0119ty w rodzinnej miejscowo\u015bci Sucha Beskidzka pomnik Profesora Walerego Goetla, wybitnej osobowo\u015bci trudnych czas\u00f3w AGH jak pisa\u0142 o nim prof. Zbigniew W\u00f3jcik w biografii Profesora, wieloletniego przewodnicz\u0105cego Stowarzyszenia Wychowank\u00f3w AGH. Ods\u0142oni\u0119cia pomnika dokonali: Jadwiga \u00a0Chrz\u0105stowska (wnuczka Profesora), dr Piotr Chrz\u0105stowski (wnuk), J\u00f3zef Ba\u0142os (starosta powiatu suskiego),\u00a0 S\u0142awomir Kundzia (dyrektor Zespo\u0142u Szk\u00f3\u0142 im. Prof. Walerego Goetla). Projekt by\u0142 finansowany\u00a0 z programu \u201eRze\u017aba w przestrzeni publicznej dla Niepodleg\u0142ej -2023\u201d\u00a0 wspartego\u00a0 przez Ministerstwo Kultury i Dziedzictwa Narodowego oraz\u00a0 Centrum Rze\u017aby w Oro\u0144sku. \u00a0Tym samym \u00a0Profesor Walery Goetel trafi\u0142 do nielicznego \u00a0grona wychowank\u00f3w naszej Alma Mater uhonorowanych pomnikiem. Na terenie Szko\u0142y zosta\u0142 posadzony tak\u017ce d\u0105b Walery. \u00a0Spiritus movens ca\u0142ego przedsi\u0119wzi\u0119cia by\u0142 dyrektor Zespo\u0142u Szk\u00f3\u0142 im. Walerego Goetla dr in\u017c. S\u0142awomir Kundzia. Autorem rze\u017aby Wies\u0142aw Kwak. Inspiracj\u0105 dla wydarzenia by\u0142 og\u0142oszony w naszej uczelni Rok 2022,\u00a0 kt\u00f3ry by\u0142 rokiem Profesora Walerego Goetla. By\u0142o to te\u017c ukoronowanie licznych wydarze\u0144 jakie zrealizowa\u0142y w\u0142adze Suchej Beskidzkiej \u00a0i Muzeum Okr\u0119gowe\u00a0 dzia\u0142aj\u0105ce pod kierunkiem Andrzeja Pecia, dla uhonorowania jednego z najbardziej zas\u0142u\u017conych\u00a0 obywateli w historii miasta, kt\u00f3rego prawdziw\u0105 per\u0142\u0105 pozostaje odnowiony zamek nazywany \u201ema\u0142ym Wawelem\u201d. \u00a0\u00a0W uroczysto\u015bci ods\u0142oni\u0119cia pomnika wzi\u0119\u0142y udzia\u0142\u00a0 niezwykle licznie w\u0142adze samorz\u0105dowe Suchej Beskidzkiej, politycy zwi\u0105zani z regionem, ale te\u017c\u00a0 przedstawiciele Polskiego Klubu Ekologicznego, Politechniki Krakowskiej, naszej uczelni , organizacji m\u0142odzie\u017cowych, \u00a0\u00a0m\u0142odzie\u017c i kadra nauczycielska\u00a0 Szko\u0142y .\u00a0 Rektor AGH prof. Jerzy Lis przes\u0142a\u0142 na r\u0119ce Dyrektora Szko\u0142y list gratulacyjny.<\/p>\n\n\n\n<figure class=\"wp-block-gallery columns-3 is-cropped wp-block-gallery-1 is-layout-flex wp-block-gallery-is-layout-flex\"><ul class=\"blocks-gallery-grid\"><li class=\"blocks-gallery-item\"><figure><a href=\"https:\/\/swagh.agh.edu.pl\/wp-content\/uploads\/2023\/11\/DSC_0157-scaled.jpg\"><img loading=\"lazy\" decoding=\"async\" width=\"1024\" height=\"683\" src=\"https:\/\/swagh.agh.edu.pl\/wp-content\/uploads\/2023\/11\/DSC_0157-1024x683.jpg\" alt=\"\" data-id=\"6475\" data-full-url=\"https:\/\/swagh.agh.edu.pl\/wp-content\/uploads\/2023\/11\/DSC_0157-scaled.jpg\" data-link=\"https:\/\/swagh.agh.edu.pl\/?attachment_id=6475\" class=\"wp-image-6475\" srcset=\"https:\/\/swagh.agh.edu.pl\/wp-content\/uploads\/2023\/11\/DSC_0157-1024x683.jpg 1024w, https:\/\/swagh.agh.edu.pl\/wp-content\/uploads\/2023\/11\/DSC_0157-300x200.jpg 300w, https:\/\/swagh.agh.edu.pl\/wp-content\/uploads\/2023\/11\/DSC_0157-768x512.jpg 768w, https:\/\/swagh.agh.edu.pl\/wp-content\/uploads\/2023\/11\/DSC_0157-1536x1024.jpg 1536w, https:\/\/swagh.agh.edu.pl\/wp-content\/uploads\/2023\/11\/DSC_0157-2048x1365.jpg 2048w, https:\/\/swagh.agh.edu.pl\/wp-content\/uploads\/2023\/11\/DSC_0157-420x280.jpg 420w\" sizes=\"auto, (max-width: 1024px) 100vw, 1024px\" \/><\/a><\/figure><\/li><li class=\"blocks-gallery-item\"><figure><a href=\"https:\/\/swagh.agh.edu.pl\/wp-content\/uploads\/2023\/11\/DSC_0159-scaled.jpg\"><img loading=\"lazy\" decoding=\"async\" width=\"1024\" height=\"683\" src=\"https:\/\/swagh.agh.edu.pl\/wp-content\/uploads\/2023\/11\/DSC_0159-1024x683.jpg\" alt=\"\" data-id=\"6476\" data-full-url=\"https:\/\/swagh.agh.edu.pl\/wp-content\/uploads\/2023\/11\/DSC_0159-scaled.jpg\" data-link=\"https:\/\/swagh.agh.edu.pl\/?attachment_id=6476\" class=\"wp-image-6476\" srcset=\"https:\/\/swagh.agh.edu.pl\/wp-content\/uploads\/2023\/11\/DSC_0159-1024x683.jpg 1024w, https:\/\/swagh.agh.edu.pl\/wp-content\/uploads\/2023\/11\/DSC_0159-300x200.jpg 300w, https:\/\/swagh.agh.edu.pl\/wp-content\/uploads\/2023\/11\/DSC_0159-768x512.jpg 768w, https:\/\/swagh.agh.edu.pl\/wp-content\/uploads\/2023\/11\/DSC_0159-1536x1024.jpg 1536w, https:\/\/swagh.agh.edu.pl\/wp-content\/uploads\/2023\/11\/DSC_0159-2048x1365.jpg 2048w, https:\/\/swagh.agh.edu.pl\/wp-content\/uploads\/2023\/11\/DSC_0159-420x280.jpg 420w\" sizes=\"auto, (max-width: 1024px) 100vw, 1024px\" \/><\/a><\/figure><\/li><li class=\"blocks-gallery-item\"><figure><a href=\"https:\/\/swagh.agh.edu.pl\/wp-content\/uploads\/2023\/11\/DSC_0160-scaled.jpg\"><img loading=\"lazy\" decoding=\"async\" width=\"1024\" height=\"683\" src=\"https:\/\/swagh.agh.edu.pl\/wp-content\/uploads\/2023\/11\/DSC_0160-1024x683.jpg\" alt=\"\" data-id=\"6478\" data-full-url=\"https:\/\/swagh.agh.edu.pl\/wp-content\/uploads\/2023\/11\/DSC_0160-scaled.jpg\" data-link=\"https:\/\/swagh.agh.edu.pl\/?attachment_id=6478\" class=\"wp-image-6478\" srcset=\"https:\/\/swagh.agh.edu.pl\/wp-content\/uploads\/2023\/11\/DSC_0160-1024x683.jpg 1024w, https:\/\/swagh.agh.edu.pl\/wp-content\/uploads\/2023\/11\/DSC_0160-300x200.jpg 300w, https:\/\/swagh.agh.edu.pl\/wp-content\/uploads\/2023\/11\/DSC_0160-768x512.jpg 768w, https:\/\/swagh.agh.edu.pl\/wp-content\/uploads\/2023\/11\/DSC_0160-1536x1024.jpg 1536w, https:\/\/swagh.agh.edu.pl\/wp-content\/uploads\/2023\/11\/DSC_0160-2048x1365.jpg 2048w, https:\/\/swagh.agh.edu.pl\/wp-content\/uploads\/2023\/11\/DSC_0160-420x280.jpg 420w\" sizes=\"auto, (max-width: 1024px) 100vw, 1024px\" \/><\/a><\/figure><\/li><\/ul><\/figure>\n","protected":false},"excerpt":{"rendered":"<p>W dniu 6.11.2023 roku zosta\u0142 ods\u0142oni\u0119ty w rodzinnej miejscowo\u015bci Sucha Beskidzka pomnik Profesora Walerego Goetla, wybitnej osobowo\u015bci trudnych czas\u00f3w AGH jak pisa\u0142 o nim prof. Zbigniew W\u00f3jcik w biografii Profesora, wieloletniego przewodnicz\u0105cego Stowarzyszenia Wychowank\u00f3w AGH.<\/p>\n","protected":false},"author":1,"featured_media":6473,"comment_status":"closed","ping_status":"open","sticky":false,"template":"","format":"standard","meta":{"footnotes":"","_links_to":"","_links_to_target":""},"categories":[1],"tags":[],"class_list":["post-6472","post","type-post","status-publish","format-standard","has-post-thumbnail","hentry","category-bez-kategorii"],"_links":{"self":[{"href":"https:\/\/swagh.agh.edu.pl\/index.php?rest_route=\/wp\/v2\/posts\/6472","targetHints":{"allow":["GET"]}}],"collection":[{"href":"https:\/\/swagh.agh.edu.pl\/index.php?rest_route=\/wp\/v2\/posts"}],"about":[{"href":"https:\/\/swagh.agh.edu.pl\/index.php?rest_route=\/wp\/v2\/types\/post"}],"author":[{"embeddable":true,"href":"https:\/\/swagh.agh.edu.pl\/index.php?rest_route=\/wp\/v2\/users\/1"}],"replies":[{"embeddable":true,"href":"https:\/\/swagh.agh.edu.pl\/index.php?rest_route=%2Fwp%2Fv2%2Fcomments&post=6472"}],"version-history":[{"count":3,"href":"https:\/\/swagh.agh.edu.pl\/index.php?rest_route=\/wp\/v2\/posts\/6472\/revisions"}],"predecessor-version":[{"id":6481,"href":"https:\/\/swagh.agh.edu.pl\/index.php?rest_route=\/wp\/v2\/posts\/6472\/revisions\/6481"}],"wp:featuredmedia":[{"embeddable":true,"href":"https:\/\/swagh.agh.edu.pl\/index.php?rest_route=\/wp\/v2\/media\/6473"}],"wp:attachment":[{"href":"https:\/\/swagh.agh.edu.pl\/index.php?rest_route=%2Fwp%2Fv2%2Fmedia&parent=6472"}],"wp:term":[{"taxonomy":"category","embeddable":true,"href":"https:\/\/swagh.agh.edu.pl\/index.php?rest_route=%2Fwp%2Fv2%2Fcategories&post=6472"},{"taxonomy":"post_tag","embeddable":true,"href":"https:\/\/swagh.agh.edu.pl\/index.php?rest_route=%2Fwp%2Fv2%2Ftags&post=6472"}],"curies":[{"name":"wp","href":"https:\/\/api.w.org\/{rel}","templated":true}]}}