{"id":6579,"date":"2024-01-08T08:08:07","date_gmt":"2024-01-08T07:08:07","guid":{"rendered":"https:\/\/swagh.agh.edu.pl\/?p=6579"},"modified":"2024-01-08T08:08:08","modified_gmt":"2024-01-08T07:08:08","slug":"kolo-czeczott-na-swoim-19-spotkaniu-swiateczno-noworocznym-w-tychach","status":"publish","type":"post","link":"https:\/\/swagh.agh.edu.pl\/?p=6579","title":{"rendered":"Ko\u0142o Czeczott na swoim 19. Spotkaniu \u015bwi\u0105teczno-noworocznym w Tychach"},"content":{"rendered":"\n<p>Ju\u017c po raz dziewi\u0119tnasty cz\u0142onkowie Ko\u0142a Grodzkiego \u201eCzeczott\u201d Stowarzyszenia Wychowank\u00f3w AGH uczestniczyli w pi\u0119knym \u015awi\u0105teczno-Noworocznym spotkaniu, kt\u00f3re prawie dwadzie\u015bcia lat temu zainicjowa\u0142 za\u0142o\u017cyciel ko\u0142a, honorowy cz\u0142onek Stowarzyszenia Wychowank\u00f3w AGH mgr in\u017c. <strong>Jerzy Strzempek<\/strong>. Pierwotnie spotkania odbywa\u0142y si\u0119 w Ustroniu w Hotelu Ziemowit, ale od trzech lat miejscem spotkania jest urocza restauracja Wenecja w Tychach. W uroczysto\u015bci uczestniczy\u0142o 35 os\u00f3b w tym przedstawiciele Zarz\u0105du G\u0142\u00f3wnego SW AGH w osobach prezesa prof. Piotra Czai i wiceprezesa doktora Jerzego Kickiego oraz cz\u0142onka Komisji Rewizyjnej in\u017c. Alfreda Buchelda.<\/p>\n\n\n\n<p>Po kr\u00f3tkim spotkaniu formalnym, na kt\u00f3rym Rzecznik Ko\u0142a dr in\u017c. Kazimierz Trzaska om\u00f3wi\u0142 aktualne sprawy ko\u0142a, a prezes Stowarzyszenia prof. Piotr Czaja om\u00f3wi\u0142 w skr\u00f3cie wydarzenia roku 2023,\u00a0 zapraszaj\u0105c zebranych do uczestnictwa w najbli\u017cszych\u00a0 uroczysto\u015bciach w SW \u2013 rozpocz\u0119\u0142o si\u0119 klasyczne\u00a0 spotkanie gwareckie, kt\u00f3re przebiega\u0142o zgodnie z tradycj\u0105 takich spotka\u0144. Funkcj\u0119\u00a0 prezesa spotkania pe\u0142ni\u0142 gwarek Piotr Czaja,\u00a0 a kontrapunktami byli gwarkowie Antoni Tyc i Henryk Przewo\u017anik. Opraw\u0119 muzyczn\u0105 zapewni\u0142 niestrudzony, wybitny \u00a0i wielokrotnie sprawdzony w bojach gwarek Jerzy Pi\u0142atyk, kt\u00f3ry ze swoj\u0105 Yamah\u0105 bawi zebranych od kilkunastu ju\u017c lat.<\/p>\n\n\n\n<figure class=\"wp-block-image size-full\"><a href=\"https:\/\/swagh.agh.edu.pl\/wp-content\/uploads\/2024\/01\/image-1.png\"><img loading=\"lazy\" decoding=\"async\" width=\"945\" height=\"709\" src=\"https:\/\/swagh.agh.edu.pl\/wp-content\/uploads\/2024\/01\/image-1.png\" alt=\"\" class=\"wp-image-6580\" srcset=\"https:\/\/swagh.agh.edu.pl\/wp-content\/uploads\/2024\/01\/image-1.png 945w, https:\/\/swagh.agh.edu.pl\/wp-content\/uploads\/2024\/01\/image-1-300x225.png 300w, https:\/\/swagh.agh.edu.pl\/wp-content\/uploads\/2024\/01\/image-1-768x576.png 768w\" sizes=\"auto, (max-width: 945px) 100vw, 945px\" \/><\/a><figcaption>Uczestnicy spotkania (fot. P. Czaja)<\/figcaption><\/figure>\n\n\n\n<figure class=\"wp-block-image size-full is-resized\"><a href=\"https:\/\/swagh.agh.edu.pl\/wp-content\/uploads\/2024\/01\/image-2.png\"><img loading=\"lazy\" decoding=\"async\" src=\"https:\/\/swagh.agh.edu.pl\/wp-content\/uploads\/2024\/01\/image-2.png\" alt=\"\" class=\"wp-image-6581\" width=\"840\" height=\"629\" srcset=\"https:\/\/swagh.agh.edu.pl\/wp-content\/uploads\/2024\/01\/image-2.png 914w, https:\/\/swagh.agh.edu.pl\/wp-content\/uploads\/2024\/01\/image-2-300x225.png 300w, https:\/\/swagh.agh.edu.pl\/wp-content\/uploads\/2024\/01\/image-2-768x576.png 768w\" sizes=\"auto, (max-width: 840px) 100vw, 840px\" \/><\/a><figcaption>Prezydium spotkania (fot. P. Czaja)<\/figcaption><\/figure>\n\n\n\n<figure class=\"wp-block-image size-full\"><a href=\"https:\/\/swagh.agh.edu.pl\/wp-content\/uploads\/2024\/01\/image-3.png\"><img loading=\"lazy\" decoding=\"async\" width=\"945\" height=\"709\" src=\"https:\/\/swagh.agh.edu.pl\/wp-content\/uploads\/2024\/01\/image-3.png\" alt=\"\" class=\"wp-image-6582\" srcset=\"https:\/\/swagh.agh.edu.pl\/wp-content\/uploads\/2024\/01\/image-3.png 945w, https:\/\/swagh.agh.edu.pl\/wp-content\/uploads\/2024\/01\/image-3-300x225.png 300w, https:\/\/swagh.agh.edu.pl\/wp-content\/uploads\/2024\/01\/image-3-768x576.png 768w\" sizes=\"auto, (max-width: 945px) 100vw, 945px\" \/><\/a><figcaption>Za organami Jerzy Pi\u0142atyk \u00a0oraz kontrapunkci Antoni Tyc i Henryk Przewo\u017anik w czasie narady. (fot. P. Czaja)<\/figcaption><\/figure>\n\n\n\n<p>Po\u015br\u00f3d \u015bpiew\u00f3w tradycyjnych gwareckich piosenek i zabawnych konkurs\u00f3w by\u0142a te\u017c sympatyczna uroczysto\u015b\u0107 po\u015bwi\u0119cona \u201eZ\u0142otej parze ma\u0142\u017ce\u0144skiej\u201d pa\u0144stwa Jadwigi i Zbigniewa Rozmus\u00f3w. By\u0142 pierwszy weselny taniec \u201ez\u0142otej pary\u201d, oraz by\u0142y klasyczne przy\u015bpiewki weselne i wiele zabawnych \u017cycze\u0144.<\/p>\n\n\n\n<figure class=\"wp-block-gallery columns-2 is-cropped wp-block-gallery-1 is-layout-flex wp-block-gallery-is-layout-flex\"><ul class=\"blocks-gallery-grid\"><li class=\"blocks-gallery-item\"><figure><a href=\"https:\/\/swagh.agh.edu.pl\/wp-content\/uploads\/2024\/01\/1111.jpg\"><img loading=\"lazy\" decoding=\"async\" width=\"704\" height=\"528\" src=\"https:\/\/swagh.agh.edu.pl\/wp-content\/uploads\/2024\/01\/1111.jpg\" alt=\"\" data-id=\"6583\" data-full-url=\"https:\/\/swagh.agh.edu.pl\/wp-content\/uploads\/2024\/01\/1111.jpg\" data-link=\"https:\/\/swagh.agh.edu.pl\/?attachment_id=6583\" class=\"wp-image-6583\" srcset=\"https:\/\/swagh.agh.edu.pl\/wp-content\/uploads\/2024\/01\/1111.jpg 704w, https:\/\/swagh.agh.edu.pl\/wp-content\/uploads\/2024\/01\/1111-300x225.jpg 300w\" sizes=\"auto, (max-width: 704px) 100vw, 704px\" \/><\/a><\/figure><\/li><li class=\"blocks-gallery-item\"><figure><a href=\"https:\/\/swagh.agh.edu.pl\/wp-content\/uploads\/2024\/01\/2222.jpg\"><img loading=\"lazy\" decoding=\"async\" width=\"702\" height=\"527\" src=\"https:\/\/swagh.agh.edu.pl\/wp-content\/uploads\/2024\/01\/2222.jpg\" alt=\"\" data-id=\"6584\" data-full-url=\"https:\/\/swagh.agh.edu.pl\/wp-content\/uploads\/2024\/01\/2222.jpg\" data-link=\"https:\/\/swagh.agh.edu.pl\/?attachment_id=6584\" class=\"wp-image-6584\" srcset=\"https:\/\/swagh.agh.edu.pl\/wp-content\/uploads\/2024\/01\/2222.jpg 702w, https:\/\/swagh.agh.edu.pl\/wp-content\/uploads\/2024\/01\/2222-300x225.jpg 300w\" sizes=\"auto, (max-width: 702px) 100vw, 702px\" \/><\/a><\/figure><\/li><\/ul><figcaption class=\"blocks-gallery-caption\">Jubilaci\u00a0 &#8211; z\u0142oci\u00a0 ma\u0142\u017conkowie:\u00a0 Jadzia i Zbigniew. (fot. P. Czaja)<\/figcaption><\/figure>\n\n\n\n<p>Tradycyjnie te\u017c uczestnicy od\u015bpiewali kilka najpi\u0119kniejszych polskich kol\u0119d podkre\u015blaj\u0105c \u015bwi\u0105teczno-noworoczny charakter spotkania. W trakcie ich \u015bpiewania nasza Jag\u00f3dka pi\u0119knie ubrana w regionalny \u015bl\u0105ski str\u00f3j\u00a0 zebra\u0142a dobrowolne datki na fundusz dla Akcji Zapom\u00f3g.\u00a0 Uczestnicy spotkania byli bardzo hojni. <strong>Do skarbonki wrzucili w sumie 1630 z\u0142.<\/strong><\/p>\n\n\n\n<figure class=\"wp-block-image size-full is-resized\"><a href=\"https:\/\/swagh.agh.edu.pl\/wp-content\/uploads\/2024\/01\/image-4.png\"><img loading=\"lazy\" decoding=\"async\" src=\"https:\/\/swagh.agh.edu.pl\/wp-content\/uploads\/2024\/01\/image-4.png\" alt=\"\" class=\"wp-image-6585\" width=\"191\" height=\"306\" srcset=\"https:\/\/swagh.agh.edu.pl\/wp-content\/uploads\/2024\/01\/image-4.png 392w, https:\/\/swagh.agh.edu.pl\/wp-content\/uploads\/2024\/01\/image-4-187x300.png 187w\" sizes=\"auto, (max-width: 191px) 100vw, 191px\" \/><\/a><\/figure>\n\n\n\n<p><strong>Dzi\u0119kujemy bardzo serdecznie!<\/strong><\/p>\n\n\n\n<p>Na zako\u0144czenie jak zwykle w tanecznym kr\u0119gu od\u015bpiewano sakramentalne \u201eczas do domu czas\u2026\u2026.\u201d i \u201edo spotkania w przysz\u0142ym roku \u2013 gdy nadejdzie czas\u201d.<\/p>\n\n\n\n<figure class=\"wp-block-image size-full\"><a href=\"https:\/\/swagh.agh.edu.pl\/wp-content\/uploads\/2024\/01\/image-5.png\"><img loading=\"lazy\" decoding=\"async\" width=\"945\" height=\"709\" src=\"https:\/\/swagh.agh.edu.pl\/wp-content\/uploads\/2024\/01\/image-5.png\" alt=\"\" class=\"wp-image-6586\" srcset=\"https:\/\/swagh.agh.edu.pl\/wp-content\/uploads\/2024\/01\/image-5.png 945w, https:\/\/swagh.agh.edu.pl\/wp-content\/uploads\/2024\/01\/image-5-300x225.png 300w, https:\/\/swagh.agh.edu.pl\/wp-content\/uploads\/2024\/01\/image-5-768x576.png 768w\" sizes=\"auto, (max-width: 945px) 100vw, 945px\" \/><\/a><figcaption>\u201ePrzyjacielski kr\u0105g\u201d\u00a0 i\u00a0 \u201emocny u\u015bcisk r\u0105k\u201d\u00a0 oraz\u00a0 \u201edo spotkania w przysz\u0142ym roku\u201d\u2026. (fot. P. Czaja)<\/figcaption><\/figure>\n\n\n\n<p>Organizatorom, sponsorom\u00a0 i uczestnikom spotkania serdecznie dzi\u0119kujemy,\u00a0 \u017cycz\u0105c wszystkim<br>\u201eWSPANIA\u0141EGO ROKU 2024\u201d\u00a0 i do nast\u0119pnego spotkania w kole \u201eCzeczott\u201d \u2013 zgodnie z tradycj\u0105 tego wspania\u0142ego ko\u0142a wychowank\u00f3w AGH!<\/p>\n\n\n\n<p>Piotr Czaja<br>Prezes SW AGH<br>07.01.2024 r.<\/p>\n","protected":false},"excerpt":{"rendered":"<p>Ju\u017c po raz dziewi\u0119tnasty cz\u0142onkowie Ko\u0142a Grodzkiego \u201eCzeczott\u201d Stowarzyszenia Wychowank\u00f3w AGH uczestniczyli w pi\u0119knym \u015awi\u0105teczno-Noworocznym spotkaniu, kt\u00f3re prawie dwadzie\u015bcia lat temu zainicjowa\u0142 za\u0142o\u017cyciel ko\u0142a, honorowy cz\u0142onek Stowarzyszenia Wychowank\u00f3w AGH mgr in\u017c. Jerzy Strzempek. Pierwotnie spotkania<\/p>\n","protected":false},"author":1,"featured_media":6586,"comment_status":"closed","ping_status":"open","sticky":false,"template":"","format":"standard","meta":{"footnotes":"","_links_to":"","_links_to_target":""},"categories":[1],"tags":[],"class_list":["post-6579","post","type-post","status-publish","format-standard","has-post-thumbnail","hentry","category-bez-kategorii"],"_links":{"self":[{"href":"https:\/\/swagh.agh.edu.pl\/index.php?rest_route=\/wp\/v2\/posts\/6579","targetHints":{"allow":["GET"]}}],"collection":[{"href":"https:\/\/swagh.agh.edu.pl\/index.php?rest_route=\/wp\/v2\/posts"}],"about":[{"href":"https:\/\/swagh.agh.edu.pl\/index.php?rest_route=\/wp\/v2\/types\/post"}],"author":[{"embeddable":true,"href":"https:\/\/swagh.agh.edu.pl\/index.php?rest_route=\/wp\/v2\/users\/1"}],"replies":[{"embeddable":true,"href":"https:\/\/swagh.agh.edu.pl\/index.php?rest_route=%2Fwp%2Fv2%2Fcomments&post=6579"}],"version-history":[{"count":1,"href":"https:\/\/swagh.agh.edu.pl\/index.php?rest_route=\/wp\/v2\/posts\/6579\/revisions"}],"predecessor-version":[{"id":6587,"href":"https:\/\/swagh.agh.edu.pl\/index.php?rest_route=\/wp\/v2\/posts\/6579\/revisions\/6587"}],"wp:featuredmedia":[{"embeddable":true,"href":"https:\/\/swagh.agh.edu.pl\/index.php?rest_route=\/wp\/v2\/media\/6586"}],"wp:attachment":[{"href":"https:\/\/swagh.agh.edu.pl\/index.php?rest_route=%2Fwp%2Fv2%2Fmedia&parent=6579"}],"wp:term":[{"taxonomy":"category","embeddable":true,"href":"https:\/\/swagh.agh.edu.pl\/index.php?rest_route=%2Fwp%2Fv2%2Fcategories&post=6579"},{"taxonomy":"post_tag","embeddable":true,"href":"https:\/\/swagh.agh.edu.pl\/index.php?rest_route=%2Fwp%2Fv2%2Ftags&post=6579"}],"curies":[{"name":"wp","href":"https:\/\/api.w.org\/{rel}","templated":true}]}}