{"id":6791,"date":"2024-07-01T08:50:14","date_gmt":"2024-07-01T06:50:14","guid":{"rendered":"https:\/\/swagh.agh.edu.pl\/?p=6791"},"modified":"2024-07-01T08:50:15","modified_gmt":"2024-07-01T06:50:15","slug":"pozegnanie-iwonki-mazur","status":"publish","type":"post","link":"https:\/\/swagh.agh.edu.pl\/?p=6791","title":{"rendered":"Po\u017cegnanie Iwonki Mazur"},"content":{"rendered":"\n<p>Pogrzeb Iwony Mazur \u2013 rzecznika Regionalnego Ko\u0142a Stowarzyszenia Wychowank\u00f3w AGH \u201eSKA\u0141KA\u201d\u00a0 w Sandomierzu ustalono na dzie\u0144 29 czerwca 2024 roku w \u00a0ko\u015bciele pod wezwaniem \u015aw. Katarzyny Aleksandryjskiej w Iwaniskach. Ko\u015bci\u00f3\u0142 katolicki\u00a0 w tym dniu \u015bwi\u0119tuje wspomnienie \u015bwi\u0119tych Piotra i Paw\u0142a, tote\u017c przez \u015bwi\u0105tecznych charakter tej soboty po\u017cegnanie Iwony zamieni\u0142o si\u0119 w wielk\u0105 manifestacj\u0119 wsp\u00f3\u0142czucia rodzinie i podzi\u0119kowania zmar\u0142ej za jej pi\u0119kne cho\u0107 niestety zbyt szybko zako\u0144czone \u017cycie.<\/p>\n\n\n\n<p>Iwona Mazur uko\u0144czy\u0142a studia na Wydziale G\u00f3rniczym AGH. Po studiach podj\u0119\u0142a prac\u0119 w zawodzie uzupe\u0142niaj\u0105c swoje kwalifikacje studiami MBA na Politechnice Krakowskiej. W chwili \u015bmierci by\u0142a pracownikiem firmy MAXAM na stanowisku Dyrektora ds. Sprzeda\u017cy.<\/p>\n\n\n\n<p>Na apel kierownictwa grupy PBI, z kt\u00f3r\u0105 Iwona Mazur bardzo \u015bci\u015ble wsp\u00f3\u0142pracowa\u0142a wszyscy g\u00f3rnicy z grupy PBI oraz przedstawiciele AGH przybyli w&nbsp;galowych mundurach g\u00f3rniczych. Stowarzyszenie Wychowank\u00f3w AGH dostarczy\u0142o &nbsp;historyczne lampki g\u00f3rnicze tzw. \u201ekarbidki\u201d, kt\u00f3re s\u0105 wykorzystywane do wszystkich celebracji g\u00f3rniczych w tym pogrzeb\u00f3w g\u00f3rniczych. Iwona zna\u0142a wcze\u015bniej swoj\u0105 okrutn\u0105 diagnoz\u0119 i by\u0142a \u015bwiadoma swego odej\u015bcia, dlatego wyrazi\u0142a \u017cyczenie,&nbsp; aby j\u0105 po\u017cegna\u0107 tak, jak \u017cegna si\u0119&nbsp; g\u00f3rnik\u00f3w na \u015al\u0105sku. &nbsp;<\/p>\n\n\n\n<p>Na p\u00f3\u0142\u00a0 godziny przed zaplanowan\u0105 msz\u0105 \u015bw. pogrzebow\u0105\u00a0 celebrans w uroczystej procesji wprowadzi\u0142 do ko\u015bcio\u0142a urn\u0119 z prochami zmar\u0142ej. Urna w kszta\u0142cie wielkiego serca otoczona r\u00f3\u017canym wie\u0144cem przeniesiona zosta\u0142a do ko\u015bcio\u0142a.<\/p>\n\n\n\n<div class=\"wp-block-image\"><figure class=\"aligncenter size-full\"><a href=\"https:\/\/swagh.agh.edu.pl\/wp-content\/uploads\/2024\/07\/image.png\"><img loading=\"lazy\" decoding=\"async\" width=\"403\" height=\"427\" src=\"https:\/\/swagh.agh.edu.pl\/wp-content\/uploads\/2024\/07\/image.png\" alt=\"\" class=\"wp-image-6792\" srcset=\"https:\/\/swagh.agh.edu.pl\/wp-content\/uploads\/2024\/07\/image.png 403w, https:\/\/swagh.agh.edu.pl\/wp-content\/uploads\/2024\/07\/image-283x300.png 283w\" sizes=\"auto, (max-width: 403px) 100vw, 403px\" \/><\/a><\/figure><\/div>\n\n\n\n<p>Przed wej\u015bciem do \u015bwi\u0105tyni ustawi\u0142 si\u0119 szpaler g\u00f3rnik\u00f3w ubranych w stroje galowe z\u00a0zapalonymi lampkami w d\u0142oniach. Taki sam szpaler towarzyszy\u0142 zmar\u0142ej przez ca\u0142e nabo\u017ce\u0144stwo pogrzebowe, na kt\u00f3re sk\u0142ada\u0142y si\u0119: r\u00f3\u017caniec\u00a0 za zmar\u0142\u0105 oraz uroczysta msza \u015bwi\u0119ta pogrzebowa.<\/p>\n\n\n\n<div class=\"wp-block-image\"><figure class=\"aligncenter size-full\"><a href=\"https:\/\/swagh.agh.edu.pl\/wp-content\/uploads\/2024\/07\/image-1.png\"><img loading=\"lazy\" decoding=\"async\" width=\"945\" height=\"709\" src=\"https:\/\/swagh.agh.edu.pl\/wp-content\/uploads\/2024\/07\/image-1.png\" alt=\"\" class=\"wp-image-6793\" srcset=\"https:\/\/swagh.agh.edu.pl\/wp-content\/uploads\/2024\/07\/image-1.png 945w, https:\/\/swagh.agh.edu.pl\/wp-content\/uploads\/2024\/07\/image-1-300x225.png 300w, https:\/\/swagh.agh.edu.pl\/wp-content\/uploads\/2024\/07\/image-1-768x576.png 768w\" sizes=\"auto, (max-width: 945px) 100vw, 945px\" \/><\/a><figcaption><em>G\u00f3rniczy szpaler wok\u00f3\u0142 urny z prochami zmar\u0142ej Iwony. (fot. P. Czaja)<\/em><\/figcaption><\/figure><\/div>\n\n\n\n<p>Opr\u00f3cz nastrojowych organ\u00f3w opraw\u0119 muzyczn\u0105 uroczysto\u015bci stanowi\u0142y: solo skrzypcowe oraz solistka.<\/p>\n\n\n\n<p>Po uroczystej mszy \u015bwi\u0119tej i liturgicznym po\u017cegnaniu zmar\u0142ej urna opu\u015bci\u0142a \u015bwi\u0105tyni\u0119 \u017cegnana przez\u00a0 bardzo d\u0142ugi szpaler braci g\u00f3rniczej.<\/p>\n\n\n\n<figure class=\"wp-block-image size-full\"><a href=\"https:\/\/swagh.agh.edu.pl\/wp-content\/uploads\/2024\/07\/image-2.png\"><img loading=\"lazy\" decoding=\"async\" width=\"945\" height=\"532\" src=\"https:\/\/swagh.agh.edu.pl\/wp-content\/uploads\/2024\/07\/image-2.png\" alt=\"\" class=\"wp-image-6794\" srcset=\"https:\/\/swagh.agh.edu.pl\/wp-content\/uploads\/2024\/07\/image-2.png 945w, https:\/\/swagh.agh.edu.pl\/wp-content\/uploads\/2024\/07\/image-2-300x169.png 300w, https:\/\/swagh.agh.edu.pl\/wp-content\/uploads\/2024\/07\/image-2-768x432.png 768w\" sizes=\"auto, (max-width: 945px) 100vw, 945px\" \/><\/a><figcaption><em>Wyj\u015bcie konduktu \u017ca\u0142obnego z ko\u015bcio\u0142a. (fot. P. Czaja)<\/em><\/figcaption><\/figure>\n\n\n\n<p>Na pobliskim cmentarzu parafialnym po uroczystej ceremonii pogrzebowej Iwon\u0119 Mazur po\u017cegna\u0142 prezes Stowarzyszenia Wychowank\u00f3w AGH prof. Piotr Czaja. W przem\u00f3wieniu&nbsp; po\u017cegnalnym dominowa\u0142y akcenty pami\u0119ci o edukacyjnych i zawodowych dokonaniach zmar\u0142ej o&nbsp;jej przyk\u0142adnej rodzinie oraz jej wspania\u0142ych i szlachetnych czynach na rzecz Stowarzyszenia Wychowank\u00f3w AGH, a tak\u017ce na rzecz grupy PBI&nbsp; oraz ca\u0142ego \u015brodowiska w kt\u00f3rym pracowa\u0142a. Wymowny by\u0142 ten fragment po\u017cegnania:<\/p>\n\n\n\n<p>&nbsp;&nbsp;&nbsp;&nbsp;&nbsp;&nbsp;&nbsp;&nbsp; <em>(\u2026.)&nbsp;&nbsp; Zmar\u0142a Iwonka b\u0119d\u0105c w firmie MAXAM dyrektorem do spraw sprzeda\u017cy &#8211; sprzedawa\u0142a firmom &#8211; w tym ca\u0142ej grupie&nbsp; PBI-&nbsp; materia\u0142y wybuchowe, zdolne skruszy\u0107 najtwardsz\u0105 ska\u0142\u0119. Ale Iwona swym z\u0142otym sercem i pogodnym usposobieniem w relacjach mi\u0119dzyludzkich sama kruszy\u0142a lody ludzkiej nieufno\u015bci i wrogo\u015bci sprawiaj\u0105c, \u017ce w jej otoczeniu zawsze panowa\u0142a rado\u015b\u0107&nbsp; i u\u015bmiech.<\/em><\/p>\n\n\n\n<p><em>(\u2026..)&nbsp;&nbsp; Tak\u0105 Ci\u0119 zapami\u0119tamy Iwonko,<\/em><\/p>\n\n\n\n<p><em>(\u2026..)&nbsp;&nbsp; Dzi\u0119kujemy Ci za wszystko,<\/em><\/p>\n\n\n\n<p><strong><em>\u017begnaj i odpoczywaj w pokoju.<\/em><\/strong><\/p>\n\n\n\n<p>W upalnym s\u0142o\u0144cu &#8211; zastyg\u0142y na moment sylwetki g\u00f3rniczej asysty.<\/p>\n\n\n\n<figure class=\"wp-block-gallery aligncenter columns-2 is-cropped wp-block-gallery-1 is-layout-flex wp-block-gallery-is-layout-flex\"><ul class=\"blocks-gallery-grid\"><li class=\"blocks-gallery-item\"><figure><a href=\"https:\/\/swagh.agh.edu.pl\/wp-content\/uploads\/2024\/07\/88.jpg\"><img loading=\"lazy\" decoding=\"async\" width=\"695\" height=\"521\" src=\"https:\/\/swagh.agh.edu.pl\/wp-content\/uploads\/2024\/07\/88.jpg\" alt=\"\" data-id=\"6795\" data-full-url=\"https:\/\/swagh.agh.edu.pl\/wp-content\/uploads\/2024\/07\/88.jpg\" data-link=\"https:\/\/swagh.agh.edu.pl\/?attachment_id=6795\" class=\"wp-image-6795\" srcset=\"https:\/\/swagh.agh.edu.pl\/wp-content\/uploads\/2024\/07\/88.jpg 695w, https:\/\/swagh.agh.edu.pl\/wp-content\/uploads\/2024\/07\/88-300x225.jpg 300w\" sizes=\"auto, (max-width: 695px) 100vw, 695px\" \/><\/a><\/figure><\/li><li class=\"blocks-gallery-item\"><figure><a href=\"https:\/\/swagh.agh.edu.pl\/wp-content\/uploads\/2024\/07\/99.jpg\"><img loading=\"lazy\" decoding=\"async\" width=\"698\" height=\"524\" src=\"https:\/\/swagh.agh.edu.pl\/wp-content\/uploads\/2024\/07\/99.jpg\" alt=\"\" data-id=\"6796\" data-full-url=\"https:\/\/swagh.agh.edu.pl\/wp-content\/uploads\/2024\/07\/99.jpg\" data-link=\"https:\/\/swagh.agh.edu.pl\/?attachment_id=6796\" class=\"wp-image-6796\" srcset=\"https:\/\/swagh.agh.edu.pl\/wp-content\/uploads\/2024\/07\/99.jpg 698w, https:\/\/swagh.agh.edu.pl\/wp-content\/uploads\/2024\/07\/99-300x225.jpg 300w\" sizes=\"auto, (max-width: 698px) 100vw, 698px\" \/><\/a><\/figure><\/li><\/ul><\/figure>\n\n\n\n<p>W strumieniach \u0142ez i cichym szlochaniu urn\u0119 uca\u0142owali cz\u0142onkowie najbli\u017cszej rodziny, odprowadzaj\u0105c j\u0105 do miejsca wiecznego spoczynku. Ca\u0142y cmentarz pogr\u0105\u017cy\u0142 si\u0119 w przejmuj\u0105cych d\u017awi\u0119kach skrzypcowej \u201eCiszy\u201d <a href=\"https:\/\/pl.wikipedia.org\/wiki\/Nini_Rosso\">Niniego Rosso<\/a>, a \u017ca\u0142obnicy stali w zadumie przez kilka minut. Mogi\u0142\u0119 Iwonki\u00a0 przykry\u0142y liczne wie\u0144ce i\u00a0nar\u0119cza kwiat\u00f3w.<\/p>\n\n\n\n<p>&nbsp;&nbsp;&nbsp;&nbsp;&nbsp;&nbsp;&nbsp;&nbsp;&nbsp;&nbsp;&nbsp; Poproszono, aby nie sk\u0142ada\u0107 kondolencji, wi\u0119c uczestnicy pozdrawiaj\u0105c si\u0119 wzajemnie opu\u015bcili to miejsce ze \u015bwiadomo\u015bci\u0105 ludzkiego przemijania.<\/p>\n\n\n\n<p><strong>\u201ekto si\u0119 urodzi\u0142 \u2013 umrze\u0107 musi\u201d<\/strong><\/p>\n\n\n\n<p>Taka jest odwieczna&nbsp; prawda o nas!<\/p>\n\n\n\n<p>Relacj\u0119 sporz\u0105dzi\u0142:<\/p>\n\n\n\n<p>Piotr Czaja<\/p>\n\n\n\n<p>Prezes SW AGH<\/p>\n","protected":false},"excerpt":{"rendered":"<p>Pogrzeb Iwony Mazur \u2013 rzecznika Regionalnego Ko\u0142a Stowarzyszenia Wychowank\u00f3w AGH \u201eSKA\u0141KA\u201d\u00a0 w Sandomierzu ustalono na dzie\u0144 29 czerwca 2024 roku w \u00a0ko\u015bciele pod wezwaniem \u015aw. Katarzyny Aleksandryjskiej w Iwaniskach. Ko\u015bci\u00f3\u0142 katolicki\u00a0 w tym dniu \u015bwi\u0119tuje<\/p>\n","protected":false},"author":1,"featured_media":6780,"comment_status":"closed","ping_status":"open","sticky":false,"template":"","format":"standard","meta":{"footnotes":"","_links_to":"","_links_to_target":""},"categories":[1],"tags":[],"class_list":["post-6791","post","type-post","status-publish","format-standard","has-post-thumbnail","hentry","category-bez-kategorii"],"_links":{"self":[{"href":"https:\/\/swagh.agh.edu.pl\/index.php?rest_route=\/wp\/v2\/posts\/6791","targetHints":{"allow":["GET"]}}],"collection":[{"href":"https:\/\/swagh.agh.edu.pl\/index.php?rest_route=\/wp\/v2\/posts"}],"about":[{"href":"https:\/\/swagh.agh.edu.pl\/index.php?rest_route=\/wp\/v2\/types\/post"}],"author":[{"embeddable":true,"href":"https:\/\/swagh.agh.edu.pl\/index.php?rest_route=\/wp\/v2\/users\/1"}],"replies":[{"embeddable":true,"href":"https:\/\/swagh.agh.edu.pl\/index.php?rest_route=%2Fwp%2Fv2%2Fcomments&post=6791"}],"version-history":[{"count":1,"href":"https:\/\/swagh.agh.edu.pl\/index.php?rest_route=\/wp\/v2\/posts\/6791\/revisions"}],"predecessor-version":[{"id":6797,"href":"https:\/\/swagh.agh.edu.pl\/index.php?rest_route=\/wp\/v2\/posts\/6791\/revisions\/6797"}],"wp:featuredmedia":[{"embeddable":true,"href":"https:\/\/swagh.agh.edu.pl\/index.php?rest_route=\/wp\/v2\/media\/6780"}],"wp:attachment":[{"href":"https:\/\/swagh.agh.edu.pl\/index.php?rest_route=%2Fwp%2Fv2%2Fmedia&parent=6791"}],"wp:term":[{"taxonomy":"category","embeddable":true,"href":"https:\/\/swagh.agh.edu.pl\/index.php?rest_route=%2Fwp%2Fv2%2Fcategories&post=6791"},{"taxonomy":"post_tag","embeddable":true,"href":"https:\/\/swagh.agh.edu.pl\/index.php?rest_route=%2Fwp%2Fv2%2Ftags&post=6791"}],"curies":[{"name":"wp","href":"https:\/\/api.w.org\/{rel}","templated":true}]}}