{"id":6799,"date":"2024-07-05T08:07:43","date_gmt":"2024-07-05T06:07:43","guid":{"rendered":"https:\/\/swagh.agh.edu.pl\/?p=6799"},"modified":"2024-07-05T08:07:44","modified_gmt":"2024-07-05T06:07:44","slug":"ii-raz-ii-rajd-akcji-zapomog-czyli-nie-tylko-ja-lubie-chodzic","status":"publish","type":"post","link":"https:\/\/swagh.agh.edu.pl\/?p=6799","title":{"rendered":"II RAZ (II Rajd Akcji Zapom\u00f3g) czyli\u2026 nie tylko ja lubi\u0119 chodzi\u0107"},"content":{"rendered":"\n<p class=\"has-text-align-center\">rzecz o II Charytatywnym Rajdzie Pieszym \u201eOrle Gniazda 2023\u201d Akcji Zapom\u00f3g Stowarzyszenia Wychowank\u00f3w AGH \u2013\u00a0\u201eLICZY SI\u0118 KA\u017bDY KROK\u201d<\/p>\n\n\n\n<p>W 2022 roku odby\u0142 si\u0119 I Rajd Akcji Zapom\u00f3g SWAGH, kt\u00f3ry zako\u0144czy\u0142 si\u0119 sukcesem\u2026pe\u0142nym niedosytu. Co prawda przeszed\u0142em ca\u0142\u0105 zaplanowan\u0105 tras\u0119 (szczeg\u00f3\u0142owy opis trasy i relacja w numerze 26 Vivat Akademia), ale c\u00f3\u017c z tego skoro tylko jeden (ostatni) etap przeszed\u0142em nie sam. Mimo wielu g\u0142os\u00f3w poparcia dla tej inicjatywy, ch\u0119tnych zabrak\u0142o. Mo\u017ce dla innych by\u0142oby to wystarczaj\u0105cym powodem aby zaniecha\u0107 kontynuacji tego pomys\u0142u. Ale nie ja! Wyci\u0105gn\u0105\u0142em wnioski i postanowi\u0142em w kolejnym roku zn\u00f3w spr\u00f3bowa\u0107. Nie mog\u0142em zrezygnowa\u0107, w ko\u0144cu ka\u017cdy kilometr marszu mia\u0142 sw\u00f3j wymiar finansowy, a cel jest szczytny \u2013 pomoc tym, kt\u00f3rzy naprawd\u0119 tej pomocy oczekuj\u0105. Mo\u017ce kwota nie osza\u0142amia, ale kropla dr\u0105\u017cy ska\u0142\u0119, a ma\u0142y kamyczek potrafi wywo\u0142a\u0107 prawdziw\u0105 lawin\u0119. Z t\u0105 my\u015bl\u0105 opracowa\u0142em projekt o nazwie\u2026 \u201eM\u00f3j II RAZ\u201d, czyli II Rajd Akcji Zapom\u00f3g. Zmiana by\u0142a mooocno niekosmetyczna. Z sze\u015bciodniowego rajdu zrobi\u0142 si\u0119 \u2026jednodniowy, ale za to by\u0142o nas ju\u017c pi\u0119cioro! Wniosek na kolejne lata jest jasny. Rajd b\u0119dzie 1-2 dniowy, tylko w weekend, kiedy ka\u017cdy dysponuje wi\u0119ksz\u0105 ilo\u015bci\u0105 wolnego czasu.<\/p>\n\n\n\n<p>Tradycyjnie zosta\u0142a wybrana data wrze\u015bniowa, kiedy czas wakacyjnych wyjazd\u00f3w min\u0105\u0142, a pogoda nadal nastraja\u0142a do aktywno\u015bci w terenie. I tak 17 wrze\u015bnia 2023 roku o godzinie 6.00 wyruszyli\u015bmy busem spod Kopalni Staszic-Wujek do Olsztyna k. Cz\u0119stochowy. To miasteczko, le\u017c\u0105ce u st\u00f3p ruin pot\u0119\u017cnego zamku wzniesionego ju\u017c w XIII wieku na jurajskich ska\u0142ach.<\/p>\n\n\n\n<p>Zamek Olsztyn jest jednym z najwi\u0119kszych i najbardziej efektownych relikt\u00f3w obiekt\u00f3w obronnych Wy\u017cyny Krakowsko-Cz\u0119stochowskiej. Zamek ten przez ponad 300 lat by\u0142 najwa\u017cniejszym punktem oporu p\u00f3\u0142nocno-zachodniej Ma\u0142opolski. By\u0142 r\u00f3wnie\u017c o\u015brodkiem zarz\u0105du kr\u00f3lewskiego okr\u0119gu administracyjno-gospodarczego. Najwi\u0119ksza rozbudowa mia\u0142a miejsce za rz\u0105d\u00f3w Kazimierza Wielkiego. Rozbudowa trwa\u0142a do XIV wieku. Od wieku XVII zamek popada\u0142 w ruin\u0119.<\/p>\n\n\n\n<p>Ruiny zamku Olsztyn ko\u0142o Cz\u0119stochowy nale\u017c\u0105 do\u00a0najbardziej rozpoznawalnych warowni jurajskich. Wysoka na\u00a035 metr\u00f3w wie\u017ca w kszta\u0142cie\u00a0 smuk\u0142ego cylindra widoczna jest ju\u017c z\u00a0daleka. Zbudowana z\u00a0bia\u0142ego wapienia do oko\u0142o \u00be d\u0142ugo\u015bci wraz z pozosta\u0142\u0105 cz\u0119\u015bci\u0105 nadbudowan\u0105 z\u00a0ciemnoczerwonej ceg\u0142y, jako \u017cywo przypomina maszt \u015bredniowiecznego galeonu, albo jak kto\u015b woli bardziej wsp\u00f3\u0142czesn\u0105 wersj\u0119 \u2026 jak komin transatlantyka\u00a0 Stefan Batory.<\/p>\n\n\n\n<p>W tak pi\u0119knych okoliczno\u015bciach jurajskiego krajobrazu i przyrody, w dobrej pogodzie, wyruszyli\u015bmy oko\u0142o 8.00 z olszty\u0144skiego Rynku w kierunku Mirowa, gdzie u st\u00f3p Zamku Mir\u00f3w by\u0142a meta naszej trasy. Mimo s\u0142\u00f3w start i meta nie by\u0142y to wy\u015bcigi, tylko spokojny marsz, kt\u00f3remu towarzyszy\u0142y rozmowy i \u017carty, a u\u015bmiech nie schodzi\u0142 z twarzy.<\/p>\n\n\n\n<div class=\"wp-block-image\"><figure class=\"aligncenter size-large\"><a href=\"https:\/\/swagh.agh.edu.pl\/wp-content\/uploads\/2024\/07\/Zamek-Mirow-1-scaled.jpg\"><img loading=\"lazy\" decoding=\"async\" width=\"1024\" height=\"577\" src=\"https:\/\/swagh.agh.edu.pl\/wp-content\/uploads\/2024\/07\/Zamek-Mirow-1-1024x577.jpg\" alt=\"\" class=\"wp-image-6808\" srcset=\"https:\/\/swagh.agh.edu.pl\/wp-content\/uploads\/2024\/07\/Zamek-Mirow-1-1024x577.jpg 1024w, https:\/\/swagh.agh.edu.pl\/wp-content\/uploads\/2024\/07\/Zamek-Mirow-1-300x169.jpg 300w, https:\/\/swagh.agh.edu.pl\/wp-content\/uploads\/2024\/07\/Zamek-Mirow-1-768x432.jpg 768w, https:\/\/swagh.agh.edu.pl\/wp-content\/uploads\/2024\/07\/Zamek-Mirow-1-1536x865.jpg 1536w, https:\/\/swagh.agh.edu.pl\/wp-content\/uploads\/2024\/07\/Zamek-Mirow-1-2048x1153.jpg 2048w\" sizes=\"auto, (max-width: 1024px) 100vw, 1024px\" \/><\/a><figcaption>Zamek Mir\u00f3w<\/figcaption><\/figure><\/div>\n\n\n\n<p>Zasady rajdu nie zmieni\u0142y si\u0119 &#8211; ka\u017cdy przebyty krok, ka\u017cdy kilometr, kt\u00f3ry przeszli\u015bmy &nbsp;mia\u0142 swoj\u0105 wymiern\u0105 warto\u015b\u0107 w z\u0142ot\u00f3wkach, przekazanych przez uczestnik\u00f3w na Akcj\u0119 Zapom\u00f3g.<\/p>\n\n\n\n<p>Nasza w\u0119dr\u00f3wka liczy\u0142a 32 kilometry, przebieg\u0142a przez Rezerwat Sokole G\u00f3ry, Zr\u0119bice, Z\u0142oty Potok (Pa\u0142ac Raczy\u0144skich, Aleja Klonowa), M\u0142yn, Staw Sen Nocy Letniej, Pstr\u0105garnia, Diabelskie Mosty, Ruiny zamku Ostr\u0119\u017cnik, Trzebni\u00f3w \u2013 charakterystyczna zabudowa, Niegowa, zamek Bobolice, Mir\u00f3w.<\/p>\n\n\n\n<figure class=\"wp-block-gallery columns-3 is-cropped wp-block-gallery-1 is-layout-flex wp-block-gallery-is-layout-flex\"><ul class=\"blocks-gallery-grid\"><li class=\"blocks-gallery-item\"><figure><a href=\"https:\/\/swagh.agh.edu.pl\/wp-content\/uploads\/2024\/07\/Zamek-Bobolice-scaled.jpg\"><img loading=\"lazy\" decoding=\"async\" width=\"577\" height=\"1024\" src=\"https:\/\/swagh.agh.edu.pl\/wp-content\/uploads\/2024\/07\/Zamek-Bobolice-577x1024.jpg\" alt=\"\" data-id=\"6806\" data-full-url=\"https:\/\/swagh.agh.edu.pl\/wp-content\/uploads\/2024\/07\/Zamek-Bobolice-scaled.jpg\" data-link=\"https:\/\/swagh.agh.edu.pl\/?attachment_id=6806\" class=\"wp-image-6806\" srcset=\"https:\/\/swagh.agh.edu.pl\/wp-content\/uploads\/2024\/07\/Zamek-Bobolice-577x1024.jpg 577w, https:\/\/swagh.agh.edu.pl\/wp-content\/uploads\/2024\/07\/Zamek-Bobolice-169x300.jpg 169w, https:\/\/swagh.agh.edu.pl\/wp-content\/uploads\/2024\/07\/Zamek-Bobolice-768x1364.jpg 768w, https:\/\/swagh.agh.edu.pl\/wp-content\/uploads\/2024\/07\/Zamek-Bobolice-865x1536.jpg 865w, https:\/\/swagh.agh.edu.pl\/wp-content\/uploads\/2024\/07\/Zamek-Bobolice-1153x2048.jpg 1153w, https:\/\/swagh.agh.edu.pl\/wp-content\/uploads\/2024\/07\/Zamek-Bobolice-scaled.jpg 1442w\" sizes=\"auto, (max-width: 577px) 100vw, 577px\" \/><\/a><figcaption class=\"blocks-gallery-item__caption\">Zamek Bobolice<\/figcaption><\/figure><\/li><li class=\"blocks-gallery-item\"><figure><a href=\"https:\/\/swagh.agh.edu.pl\/wp-content\/uploads\/2024\/07\/Palac-Raczynskich-Zloty-Potok-scaled.jpg\"><img loading=\"lazy\" decoding=\"async\" width=\"1024\" height=\"577\" src=\"https:\/\/swagh.agh.edu.pl\/wp-content\/uploads\/2024\/07\/Palac-Raczynskich-Zloty-Potok-1024x577.jpg\" alt=\"\" data-id=\"6804\" data-full-url=\"https:\/\/swagh.agh.edu.pl\/wp-content\/uploads\/2024\/07\/Palac-Raczynskich-Zloty-Potok-scaled.jpg\" data-link=\"https:\/\/swagh.agh.edu.pl\/?attachment_id=6804\" class=\"wp-image-6804\" srcset=\"https:\/\/swagh.agh.edu.pl\/wp-content\/uploads\/2024\/07\/Palac-Raczynskich-Zloty-Potok-1024x577.jpg 1024w, https:\/\/swagh.agh.edu.pl\/wp-content\/uploads\/2024\/07\/Palac-Raczynskich-Zloty-Potok-300x169.jpg 300w, https:\/\/swagh.agh.edu.pl\/wp-content\/uploads\/2024\/07\/Palac-Raczynskich-Zloty-Potok-768x432.jpg 768w, https:\/\/swagh.agh.edu.pl\/wp-content\/uploads\/2024\/07\/Palac-Raczynskich-Zloty-Potok-1536x865.jpg 1536w, https:\/\/swagh.agh.edu.pl\/wp-content\/uploads\/2024\/07\/Palac-Raczynskich-Zloty-Potok-2048x1153.jpg 2048w\" sizes=\"auto, (max-width: 1024px) 100vw, 1024px\" \/><\/a><figcaption class=\"blocks-gallery-item__caption\">Pa\u0142ac Raczy\u0144skich Z\u0142oty Potok<\/figcaption><\/figure><\/li><li class=\"blocks-gallery-item\"><figure><a href=\"https:\/\/swagh.agh.edu.pl\/wp-content\/uploads\/2024\/07\/Diabelskie-Mosty-scaled.jpg\"><img loading=\"lazy\" decoding=\"async\" width=\"1024\" height=\"576\" src=\"https:\/\/swagh.agh.edu.pl\/wp-content\/uploads\/2024\/07\/Diabelskie-Mosty-1024x576.jpg\" alt=\"\" data-id=\"6802\" data-full-url=\"https:\/\/swagh.agh.edu.pl\/wp-content\/uploads\/2024\/07\/Diabelskie-Mosty-scaled.jpg\" data-link=\"https:\/\/swagh.agh.edu.pl\/?attachment_id=6802\" class=\"wp-image-6802\" srcset=\"https:\/\/swagh.agh.edu.pl\/wp-content\/uploads\/2024\/07\/Diabelskie-Mosty-1024x576.jpg 1024w, https:\/\/swagh.agh.edu.pl\/wp-content\/uploads\/2024\/07\/Diabelskie-Mosty-300x169.jpg 300w, https:\/\/swagh.agh.edu.pl\/wp-content\/uploads\/2024\/07\/Diabelskie-Mosty-768x432.jpg 768w, https:\/\/swagh.agh.edu.pl\/wp-content\/uploads\/2024\/07\/Diabelskie-Mosty-1536x864.jpg 1536w, https:\/\/swagh.agh.edu.pl\/wp-content\/uploads\/2024\/07\/Diabelskie-Mosty-2048x1152.jpg 2048w\" sizes=\"auto, (max-width: 1024px) 100vw, 1024px\" \/><\/a><figcaption class=\"blocks-gallery-item__caption\">Diabelskie Mosty<\/figcaption><\/figure><\/li><\/ul><\/figure>\n\n\n\n<p>Trasa by\u0142a wyj\u0105tkowo urozmaicona, lasy, wzniesienia, ska\u0142ki, piaski, przepi\u0119kne krajobrazy, zamki, ruiny no i przede wszystkim blisko\u015b\u0107 natury. Szum wiatru w koronach drzew i \u015bwiergot ptak\u00f3w dzia\u0142a\u0142y koj\u0105co na ka\u017cdego z uczestnik\u00f3w. Jej d\u0142ugo\u015b\u0107, mo\u017ce pocz\u0105tkowo wydawa\u0107 si\u0119 spora, ale dla \u015bredniozaawansowanego piechura bezproblemowa. Ponadto, przebieg trasy pozwala\u0142, aby na danym etapie zako\u0144czy\u0107 sw\u0105 w\u0119dr\u00f3wk\u0119. Transport publiczny zapewnia\u0142 dojazd do Cz\u0119stochowy, Myszkowa lub Zawiercia.<\/p>\n\n\n\n<p>Celowo przytoczy\u0142em ca\u0142\u0105 tras\u0119 w\u0119dr\u00f3wki, aby ka\u017cda zainteresowana osoba mog\u0142a j\u0105 \u201eprze\u015bledzi\u0107\u201d w internecie, wybieraj\u0105c poszczeg\u00f3lne nazwy. Zach\u0119cam \u2013 naprawd\u0119 warto pozna\u0107 te miejsca, ich histori\u0119, ciekawostki, po\u0142o\u017cenie.<\/p>\n\n\n\n<p>&nbsp;Nasza w\u0119dr\u00f3wka trwa\u0142a 7.5 godziny. Wed\u0142ug nawigacji: zrobi\u0142em 44 526 krok\u00f3w, czyli przeszed\u0142em 35.91 km, straci\u0142em 3 688 kcal i \u2026 wspi\u0105\u0142em si\u0119 na 74 pi\u0119tra &#x1f60a;.<\/p>\n\n\n\n<p>Podobne statystyki mieli wszyscy uczestnicy w\u0119dr\u00f3wki . Na mecie nie czuli\u015bmy zm\u0119czenia, tylko rado\u015b\u0107 z osi\u0105gni\u0119tego celu. Nadmieni\u0119, \u017ce podw\u00f3jn\u0105 rado\u015b\u0107, raz, \u017ce zrealizowali\u015bmy zamierzony plan marszruty, dwa, \u017ce mieli\u015bmy \u015bwiadomo\u015b\u0107 i\u017c ka\u017cdy kilometr trasy da\u0142 wymiern\u0105 korzy\u015b\u0107 w postaci datku na realizacje szlachetnych cel\u00f3w Akcji Zapom\u00f3g.<\/p>\n\n\n\n<p>Szcz\u0119\u015bliwi z osi\u0105gni\u0119tego sukcesu, udali\u015bmy si\u0119 do pobliskiej restauracji, gdzie czeka\u0142o na nas pyszne, zimne i bezalkoholowe Piwo Motocyklowe z Browaru Jurajskiego. S\u0105cz\u0105c je bez po\u015bpiechu, czekaj\u0105c na powrotny transport i patrz\u0105c na majestatyczne ruiny odbudowywanego Zamku Mir\u00f3w ju\u017c planowali\u015bmy tras\u0119 III Rajdu AZ we wrze\u015bniu 2024 roku.<\/p>\n\n\n\n<figure class=\"wp-block-gallery columns-2 is-cropped wp-block-gallery-2 is-layout-flex wp-block-gallery-is-layout-flex\"><ul class=\"blocks-gallery-grid\"><li class=\"blocks-gallery-item\"><figure><a href=\"https:\/\/swagh.agh.edu.pl\/wp-content\/uploads\/2024\/07\/Uczestnicy-II-Rajdu-AZ-scaled.jpg\"><img loading=\"lazy\" decoding=\"async\" width=\"1024\" height=\"464\" src=\"https:\/\/swagh.agh.edu.pl\/wp-content\/uploads\/2024\/07\/Uczestnicy-II-Rajdu-AZ-1024x464.jpg\" alt=\"\" data-id=\"6805\" data-full-url=\"https:\/\/swagh.agh.edu.pl\/wp-content\/uploads\/2024\/07\/Uczestnicy-II-Rajdu-AZ-scaled.jpg\" data-link=\"https:\/\/swagh.agh.edu.pl\/?attachment_id=6805\" class=\"wp-image-6805\" srcset=\"https:\/\/swagh.agh.edu.pl\/wp-content\/uploads\/2024\/07\/Uczestnicy-II-Rajdu-AZ-1024x464.jpg 1024w, https:\/\/swagh.agh.edu.pl\/wp-content\/uploads\/2024\/07\/Uczestnicy-II-Rajdu-AZ-300x136.jpg 300w, https:\/\/swagh.agh.edu.pl\/wp-content\/uploads\/2024\/07\/Uczestnicy-II-Rajdu-AZ-768x348.jpg 768w, https:\/\/swagh.agh.edu.pl\/wp-content\/uploads\/2024\/07\/Uczestnicy-II-Rajdu-AZ-1536x695.jpg 1536w, https:\/\/swagh.agh.edu.pl\/wp-content\/uploads\/2024\/07\/Uczestnicy-II-Rajdu-AZ-2048x927.jpg 2048w\" sizes=\"auto, (max-width: 1024px) 100vw, 1024px\" \/><\/a><figcaption class=\"blocks-gallery-item__caption\">Uczestnicy II Rajdu AZ<\/figcaption><\/figure><\/li><li class=\"blocks-gallery-item\"><figure><a href=\"https:\/\/swagh.agh.edu.pl\/wp-content\/uploads\/2024\/07\/Bezalkoholowe-piwo-Motocyklowe-scaled.jpg\"><img loading=\"lazy\" decoding=\"async\" width=\"577\" height=\"1024\" src=\"https:\/\/swagh.agh.edu.pl\/wp-content\/uploads\/2024\/07\/Bezalkoholowe-piwo-Motocyklowe-577x1024.jpg\" alt=\"\" data-id=\"6801\" data-full-url=\"https:\/\/swagh.agh.edu.pl\/wp-content\/uploads\/2024\/07\/Bezalkoholowe-piwo-Motocyklowe-scaled.jpg\" data-link=\"https:\/\/swagh.agh.edu.pl\/?attachment_id=6801\" class=\"wp-image-6801\" srcset=\"https:\/\/swagh.agh.edu.pl\/wp-content\/uploads\/2024\/07\/Bezalkoholowe-piwo-Motocyklowe-577x1024.jpg 577w, https:\/\/swagh.agh.edu.pl\/wp-content\/uploads\/2024\/07\/Bezalkoholowe-piwo-Motocyklowe-169x300.jpg 169w, https:\/\/swagh.agh.edu.pl\/wp-content\/uploads\/2024\/07\/Bezalkoholowe-piwo-Motocyklowe-768x1364.jpg 768w, https:\/\/swagh.agh.edu.pl\/wp-content\/uploads\/2024\/07\/Bezalkoholowe-piwo-Motocyklowe-865x1536.jpg 865w, https:\/\/swagh.agh.edu.pl\/wp-content\/uploads\/2024\/07\/Bezalkoholowe-piwo-Motocyklowe-1153x2048.jpg 1153w, https:\/\/swagh.agh.edu.pl\/wp-content\/uploads\/2024\/07\/Bezalkoholowe-piwo-Motocyklowe-scaled.jpg 1442w\" sizes=\"auto, (max-width: 577px) 100vw, 577px\" \/><\/a><figcaption class=\"blocks-gallery-item__caption\">Bezalkoholowe Piwo Motocyklowe<\/figcaption><\/figure><\/li><\/ul><\/figure>\n\n\n\n<h2 class=\"wp-block-heading\"><strong>Wszystkim zainteresowanym tak\u0105 form\u0105 \u201echodzonej\u201d pomocy chcia\u0142bym przekaza\u0107, \u017ce m\u00f3j \u201eTrzeci RAZ\u201d odb\u0119dzie si\u0119 we wrze\u015bniu 2024 roku. Planuj\u0119 w\u0119dr\u00f3wk\u0119 przez 1-2 dni (weekend). Do zobaczenia, oczywi\u015bcie na Szlaku Orlich Gniazd!<\/strong><\/h2>\n","protected":false},"excerpt":{"rendered":"<p>rzecz o II Charytatywnym Rajdzie Pieszym \u201eOrle Gniazda 2023\u201d Akcji Zapom\u00f3g Stowarzyszenia Wychowank\u00f3w AGH \u2013\u00a0\u201eLICZY SI\u0118 KA\u017bDY KROK\u201d W 2022 roku odby\u0142 si\u0119 I Rajd Akcji Zapom\u00f3g SWAGH, kt\u00f3ry zako\u0144czy\u0142 si\u0119 sukcesem\u2026pe\u0142nym niedosytu. Co prawda<\/p>\n","protected":false},"author":1,"featured_media":6803,"comment_status":"closed","ping_status":"open","sticky":false,"template":"","format":"standard","meta":{"footnotes":"","_links_to":"","_links_to_target":""},"categories":[1],"tags":[],"class_list":["post-6799","post","type-post","status-publish","format-standard","has-post-thumbnail","hentry","category-bez-kategorii"],"_links":{"self":[{"href":"https:\/\/swagh.agh.edu.pl\/index.php?rest_route=\/wp\/v2\/posts\/6799","targetHints":{"allow":["GET"]}}],"collection":[{"href":"https:\/\/swagh.agh.edu.pl\/index.php?rest_route=\/wp\/v2\/posts"}],"about":[{"href":"https:\/\/swagh.agh.edu.pl\/index.php?rest_route=\/wp\/v2\/types\/post"}],"author":[{"embeddable":true,"href":"https:\/\/swagh.agh.edu.pl\/index.php?rest_route=\/wp\/v2\/users\/1"}],"replies":[{"embeddable":true,"href":"https:\/\/swagh.agh.edu.pl\/index.php?rest_route=%2Fwp%2Fv2%2Fcomments&post=6799"}],"version-history":[{"count":2,"href":"https:\/\/swagh.agh.edu.pl\/index.php?rest_route=\/wp\/v2\/posts\/6799\/revisions"}],"predecessor-version":[{"id":6809,"href":"https:\/\/swagh.agh.edu.pl\/index.php?rest_route=\/wp\/v2\/posts\/6799\/revisions\/6809"}],"wp:featuredmedia":[{"embeddable":true,"href":"https:\/\/swagh.agh.edu.pl\/index.php?rest_route=\/wp\/v2\/media\/6803"}],"wp:attachment":[{"href":"https:\/\/swagh.agh.edu.pl\/index.php?rest_route=%2Fwp%2Fv2%2Fmedia&parent=6799"}],"wp:term":[{"taxonomy":"category","embeddable":true,"href":"https:\/\/swagh.agh.edu.pl\/index.php?rest_route=%2Fwp%2Fv2%2Fcategories&post=6799"},{"taxonomy":"post_tag","embeddable":true,"href":"https:\/\/swagh.agh.edu.pl\/index.php?rest_route=%2Fwp%2Fv2%2Ftags&post=6799"}],"curies":[{"name":"wp","href":"https:\/\/api.w.org\/{rel}","templated":true}]}}