{"id":6831,"date":"2024-08-06T11:46:26","date_gmt":"2024-08-06T09:46:26","guid":{"rendered":"https:\/\/swagh.agh.edu.pl\/?p=6831"},"modified":"2024-08-26T11:33:07","modified_gmt":"2024-08-26T09:33:07","slug":"zaproszenie-na-iii-raz-iii-rajd-akcji-zapomog","status":"publish","type":"post","link":"https:\/\/swagh.agh.edu.pl\/?p=6831","title":{"rendered":"Zaproszenie na \u2026 III RAZ (III Rajd Akcji Zapom\u00f3g)"},"content":{"rendered":"\n<h3 class=\"has-text-align-center wp-block-heading\">&nbsp;Czyli, na III Charytatywny Rajd Pieszy \u201eOrle Gniazda 2024\u201d<\/h3>\n\n\n\n<h3 class=\"has-text-align-center wp-block-heading\">Akcji Zapom\u00f3g Stowarzyszenia Wychowank\u00f3w AGH \u2013&nbsp;\u201eLICZY SI\u0118 KA\u017bDY KROK\u201d<\/h3>\n\n\n\n<p><strong>Zaproszenie na \u2026 III RAZ (III Rajd Akcji Zapom\u00f3g)<\/strong><\/p>\n\n\n\n<p>&nbsp;Czyli, na III Charytatywny Rajd Pieszy \u201eOrle Gniazda 2024\u201d<\/p>\n\n\n\n<p>Akcji Zapom\u00f3g Stowarzyszenia Wychowank\u00f3w AGH \u2013&nbsp;\u201eLICZY SI\u0118 KA\u017bDY KROK\u201d<\/p>\n\n\n\n<p>&nbsp;&nbsp;&nbsp;&nbsp;&nbsp;&nbsp;&nbsp;&nbsp;&nbsp;&nbsp;&nbsp; Wszystkich zainteresowanych i zaciekawionych zapraszam <strong>w niedziel\u0119<\/strong> <strong>8 wrze\u015bnia 2024 roku<\/strong> na kolejny &#8211; &nbsp;III Rajd Akcji Zapom\u00f3g SWAGH. Jak zawsze startujemy pod has\u0142em \u201eLiczy si\u0119 ka\u017cdy krok\u201d. Dla tych, kt\u00f3rzy nie poznali jeszcze naszej nowej idei pomocy najbardziej potrzebuj\u0105cym Wychowankom AGH spiesz\u0119 z informacj\u0105, \u017ce jest to forma \u201echodzonej\u201d pomocy polegaj\u0105ca na tym, \u017ce za ka\u017cdy kilometr w\u0119dr\u00f3wki uczestnik przekazuje 1 z\u0142oty lub jego wielokrotno\u015b\u0107 na konto Akcji Zapom\u00f3g SWAGH. Ka\u017cdy z uczestnik\u00f3w decyduje sam o wielko\u015bci przelanej kwoty. Warto wiedzie\u0107, \u017ce w tytule przelewu, wpisuj\u0105c s\u0142owo \u201edarowizna\u201d, mo\u017cna ca\u0142o\u015b\u0107 przelanej kwoty uwzgl\u0119dni\u0107 przy rocznym rozliczeniu PIT, jako \u017ce Stowarzyszenie Wychowank\u00f3w AGH od 2008 roku jest organizacj\u0105 po\u017cytku publicznego o numerze KRS: 0000084696.<\/p>\n\n\n\n<p>A sk\u0105d pomys\u0142 aby nie\u015b\u0107 pomoc?<\/p>\n\n\n\n<p>Stowarzyszenie Wychowank\u00f3w od pocz\u0105tku swojej dzia\u0142alno\u015bci anga\u017cuje si\u0119 w pomoc mniej zamo\u017cnym cz\u0142onkom i Wychowankom uczelni, kt\u00f3rzy znale\u017ali si\u0119 w trudnej sytuacji materialnej.<\/p>\n\n\n\n<p>Jednym z cel\u00f3w dzia\u0142ania Stowarzyszenia Wychowank\u00f3w Akademii G\u00f3rniczo-Hutniczej zapisanym w Statucie Stowarzyszenia jest niesienie pomocy materialnej wychowankom oraz wdowom i sierotom po wychowankach AGH. Ta po\u017cyteczna spo\u0142ecznie inicjatywa zrodzi\u0142a si\u0119 w 1945 r. w\u015br\u00f3d wychowank\u00f3w Akademii G\u00f3rniczej. Formalne usytuowanie si\u0119 Akcji Zapom\u00f3g nast\u0105pi\u0142o na zebraniu w dniu 15 lipca 1946 roku, na kt\u00f3rym powo\u0142ano Komisj\u0119 Kwalifikacyjn\u0105 do analizy otrzymanych wniosk\u00f3w o wsparcie zapomogowe. Na Zje\u017adzie Wychowank\u00f3w (jeszcze) Akademii G\u00f3rniczej 8 maja 1948 roku akcj\u0119 pomocow\u0105 przekazano Komitetowi Organizacyjnemu Stowarzyszenia Wychowank\u00f3w AGH. Od tego momentu powsta\u0142a \u201eAkcja Zapom\u00f3g dla Wd\u00f3w i Sierot po zmar\u0142ych kolegach SW AGH\u201d. Zebrane \u015brodki przeznaczone by\u0142y tylko na jeden podstawowy cel: wspomaganie ludzi najbiedniejszych, bezradnych i schorowanych oczekuj\u0105cych cz\u0119stokro\u0107 ratunku. Si\u0142a dzia\u0142ania AZ trwa nieustannie do dzisiaj.<\/p>\n\n\n\n<p>&nbsp;&nbsp;&nbsp;&nbsp;&nbsp;&nbsp;&nbsp;&nbsp;&nbsp;&nbsp;&nbsp; Zesp\u00f3\u0142 ds. Akcji Zapom\u00f3g od momentu ukonstytuowania si\u0119 by\u0142 kolejno kierowanych przez koleg\u00f3w:&nbsp; K.&nbsp; Suszy\u0144skiego, J. Mi\u0105sika, E. Zaj\u0105ca, J. \u017belaznego, T. Rumanstorfera, S. Ksi\u0105skiego, T. Dudzica, w latach 1999\u20132016 H. Konieczko, w latach 2016- 2021 roku Stanis\u0142aw Lasek, a od grudnia 2021 roku zespo\u0142em kieruje Piotr Ubowski.<\/p>\n\n\n\n<p>Akcj\u0119 Zapom\u00f3g mo\u017cna wspiera\u0107 wp\u0142acaj\u0105c datki na konto:<\/p>\n\n\n\n<p><strong>Pekao SA&nbsp; 28 1240 4559 1111 0000 5418 4653<\/strong><\/p>\n\n\n\n<p>Lub:<\/p>\n\n\n\n<p>przekazuj\u0105c nam <strong>1,5 % swojego podatku<\/strong> w rozliczeniu rocznym.<\/p>\n\n\n\n<p>W tym celu w swoim PIT nale\u017cy poda\u0107 nr <strong>KRS 0000084696<\/strong><\/p>\n\n\n\n<p>Cel: Stowarzyszenie Wychowank\u00f3w AGH<\/p>\n\n\n\n<p><strong>Szczeg\u00f3\u0142y III Rajdu AZ \u2013 korekta trasy marszu<\/strong>.<\/p>\n\n\n\n<p><span class=\"has-inline-color has-primary-color\">Szanowne Kole\u017canki i Koledzy, pragn\u0105cy wzi\u0105\u0107 udzia\u0142 w naszym III Rajdzie AZ, informuj\u0119, \u017ce sugeruj\u0105c si\u0119 g\u0142osami os\u00f3b ch\u0119tnych do udzia\u0142u we wsp\u00f3lnej w\u0119dr\u00f3wce, skracamy tras\u0119 o odcinek Jaroszowiec Olkuski \u2013 Rabsztyn (8 km.) W zwi\u0105zku z powy\u017cszym, obecnie trasa III Rajdu wynosi 30,3 km. Poni\u017cej zaktualizowany przebieg trasy rajdu.<\/span><\/p>\n\n\n\n<p>Spotykamy si\u0119 o godzinie 8.00 przed sklepem \u201e\u017babka\u201d u st\u00f3p Zamku w Rabsztynie. Oczywi\u015bcie kwadrans akademicki przeznaczamy dla wszystkich, kt\u00f3rzy mog\u0105 nie dojecha\u0107 na czas.<\/p>\n\n\n\n<p>Nast\u0119pnie ruszamy czerwonym szlakiem \u201eOrlich Gniazd\u201d przez pi\u0119kne lasy w kierunku Su\u0142oszowej. Przeci\u0119cie szlaku z ulic\u0105 Olkusk\u0105 na drodze nr 773 w Su\u0142oszowej (11.2km, ok. 3h od startu) to pierwszy punkt zborny.<\/p>\n\n\n\n<p>Punktami zbornymi okre\u015blamy te miejsca, gdzie mo\u017cna dowolnie zacz\u0105\u0107 lub sko\u0144czy\u0107 wsp\u00f3lny marsz (st\u0105d podanie odleg\u0142o\u015bci i orientacyjnego czasu liczonego od pocz\u0105tku trasy tj. od Rabsztyna) \u2013 obowi\u0105zuje ca\u0142kowita dowolno\u015b\u0107 wyboru d\u0142ugo\u015bci trasy.<\/p>\n\n\n\n<p>Stamt\u0105d ruszamy przez pi\u0119kne lasy i grzbiet wzniesienia mi\u0119dzy Zedermanem a Su\u0142oszow\u0105 w kierunku Pieskowej Ska\u0142y. Z grzbietu wzniesienia, mo\u017cna podziwia\u0107 szerok\u0105 panoram\u0119 okolicy. Grzbietem idziemy a\u017c na wysoko\u015b\u0107 Su\u0142oszowej, gdzie now\u0105 drog\u0105 schodzimy do wsi (pi\u0119kny Ko\u015bci\u00f3\u0142 pw. Naj\u015bwi\u0119tszego Serca Pana Jezusa) i drog\u0105 ruszamy do Zamku w Pieskowej Skale, gdzie na parkingu, przy skrzy\u017cowaniu pod Zamkiem, mamy nasz drugi punkt zborny( 22.2km ok. 6h od startu).<\/p>\n\n\n\n<p>Na temat atrakcji zwi\u0105zanych z Pieskow\u0105 Ska\u0142\u0105 i okolicach nie b\u0119d\u0119 si\u0119 tu rozpisywa\u0142, gdy\u017c wszystko co najwa\u017cniejsze mo\u017cna znale\u017a\u0107 w internecie.<\/p>\n\n\n\n<p>Tutaj zaczynamy odcinek \u201eg\u00f3rski\u201d naszej wyprawy. Trasa biegnie teraz przez Ska\u0142y Wdowie, &nbsp;Pustelni\u0119 b\u0142ogos\u0142awionej Salomei, Grodzisko (27 km ok. 7.5 h od startu). Grodzisko to trzeci i ostatni punkt zborny. Stamt\u0105d ruszamy w ostatni, 3 kilometrowy odcinek trasy, prosto do Ojcowa, gdzie na parkingu pod pi\u0119knym Zamkiem Ojc\u00f3w ko\u0144czymy marszrut\u0119. Zak\u0142adam, \u017ce nast\u0105pi to po ok. 8.5-9 h. od startu, tj. ok. godziny 16.30-17.00.<\/p>\n\n\n\n<p>Ca\u0142a (nowa) trasa III Rajdu AZ liczy 30.3 kilometry.<\/p>\n\n\n\n<p>My\u015bl\u0119, \u017ce poprzez punkty zborne ka\u017cdy ch\u0119tny do wzi\u0119cia udzia\u0142u w naszej \u201echodzonej pomocy\u201d b\u0119dzie m\u00f3g\u0142 indywidualnie dostosowa\u0107 swe zamiary do posiadanych si\u0142.<\/p>\n\n\n\n<p>Kwestia transportu i logistyki le\u017c\u0105 po stronie uczestnik\u00f3w. Maj\u0105c jednak na wzgl\u0119dzie blisko\u015b\u0107 Krakowa i ilo\u015b\u0107 bus\u00f3w je\u017cd\u017c\u0105cych w te okolice nie powinno to stanowi\u0107 problemu.<\/p>\n\n\n\n<p><em>Serdecznie zapraszam<\/em><\/p>\n\n\n\n<p><em>Piotr Ubowski<\/em><\/p>\n\n\n\n<p>Wszelkie pytania prosz\u0119 kierowa\u0107 na mail: <a href=\"mailto:uboot@poczta.onet.pl\">uboot@poczta.onet.pl<\/a> , w temacie wiadomo\u015bci prosz\u0119 wpisa\u0107: \u201e III Rajd AZ\u201d lub telefonicznie: 601&nbsp;340&nbsp;985 w godzinach popo\u0142udniowych.<\/p>\n\n\n\n<p><\/p>\n\n\n\n<p><a rel=\"noreferrer noopener\" href=\"https:\/\/mapa-turystyczna.pl\/route\/3qm5h?utm_source=external_web&amp;utm_medium=widget&amp;utm_campaign=route_widget\" target=\"_blank\">MAPA TRASY RAJDU<\/a><\/p>\n\n\n\n<p><\/p>\n\n\n\n<p><\/p>\n","protected":false},"excerpt":{"rendered":"<p>&nbsp;Czyli, na III Charytatywny Rajd Pieszy \u201eOrle Gniazda 2024\u201d Akcji Zapom\u00f3g Stowarzyszenia Wychowank\u00f3w AGH \u2013&nbsp;\u201eLICZY SI\u0118 KA\u017bDY KROK\u201d Zaproszenie na \u2026 III RAZ (III Rajd Akcji Zapom\u00f3g) &nbsp;Czyli, na III Charytatywny Rajd Pieszy \u201eOrle Gniazda<\/p>\n","protected":false},"author":1,"featured_media":6807,"comment_status":"closed","ping_status":"open","sticky":false,"template":"","format":"standard","meta":{"footnotes":"","_links_to":"","_links_to_target":""},"categories":[1],"tags":[],"class_list":["post-6831","post","type-post","status-publish","format-standard","has-post-thumbnail","hentry","category-bez-kategorii"],"_links":{"self":[{"href":"https:\/\/swagh.agh.edu.pl\/index.php?rest_route=\/wp\/v2\/posts\/6831","targetHints":{"allow":["GET"]}}],"collection":[{"href":"https:\/\/swagh.agh.edu.pl\/index.php?rest_route=\/wp\/v2\/posts"}],"about":[{"href":"https:\/\/swagh.agh.edu.pl\/index.php?rest_route=\/wp\/v2\/types\/post"}],"author":[{"embeddable":true,"href":"https:\/\/swagh.agh.edu.pl\/index.php?rest_route=\/wp\/v2\/users\/1"}],"replies":[{"embeddable":true,"href":"https:\/\/swagh.agh.edu.pl\/index.php?rest_route=%2Fwp%2Fv2%2Fcomments&post=6831"}],"version-history":[{"count":6,"href":"https:\/\/swagh.agh.edu.pl\/index.php?rest_route=\/wp\/v2\/posts\/6831\/revisions"}],"predecessor-version":[{"id":6841,"href":"https:\/\/swagh.agh.edu.pl\/index.php?rest_route=\/wp\/v2\/posts\/6831\/revisions\/6841"}],"wp:featuredmedia":[{"embeddable":true,"href":"https:\/\/swagh.agh.edu.pl\/index.php?rest_route=\/wp\/v2\/media\/6807"}],"wp:attachment":[{"href":"https:\/\/swagh.agh.edu.pl\/index.php?rest_route=%2Fwp%2Fv2%2Fmedia&parent=6831"}],"wp:term":[{"taxonomy":"category","embeddable":true,"href":"https:\/\/swagh.agh.edu.pl\/index.php?rest_route=%2Fwp%2Fv2%2Fcategories&post=6831"},{"taxonomy":"post_tag","embeddable":true,"href":"https:\/\/swagh.agh.edu.pl\/index.php?rest_route=%2Fwp%2Fv2%2Ftags&post=6831"}],"curies":[{"name":"wp","href":"https:\/\/api.w.org\/{rel}","templated":true}]}}