{"id":6844,"date":"2024-09-10T21:06:22","date_gmt":"2024-09-10T19:06:22","guid":{"rendered":"https:\/\/swagh.agh.edu.pl\/?p=6844"},"modified":"2024-09-18T13:10:28","modified_gmt":"2024-09-18T11:10:28","slug":"ponowna-immatrykulacja-absolwentow-z-pionu-gorniczego-i-mechanicznego-zlote-indeksy-2024","status":"publish","type":"post","link":"https:\/\/swagh.agh.edu.pl\/?p=6844","title":{"rendered":"Ponowna immatrykulacja absolwent\u00f3w z pionu G\u00f3rniczego i Mechanicznego: \u201eZ\u0142ote indeksy \u2013 2024\u201d"},"content":{"rendered":"\n<p> <\/p>\n\n\n\n<p><strong>Zdj\u0119cia z uroczysto\u015bci:<\/strong> <\/p>\n\n\n\n<p> <a href=\"https:\/\/foto.agh.edu.pl\/thumbnails.php?album=794\" target=\"_blank\" rel=\"noreferrer noopener\">Z\u0142ote Indeksy \u2013 6 wrze\u015bnia 2024<\/a> <\/p>\n\n\n\n<p>Stowarzyszenie wychowank\u00f3w AGH we wrze\u015bniu ulokowa\u0142o wiele dorocznych aktywno\u015bci, kt\u00f3re sprawiaj\u0105, \u017ce wiele si\u0119 u nas dzieje.<\/p>\n\n\n\n<p>Ju\u017c 6 wrze\u015bnia du\u017ca grupa wychowank\u00f3w z 5 wydzia\u0142\u00f3w dost\u0105pi\u0142a zaszczytu ponownej immatrykulacji po 50 latach. Absolwenci z:<\/p>\n\n\n\n<ul class=\"wp-block-list\"><li>Wydzia\u0142u G\u00f3rniczego&nbsp; (dzisiaj <strong>In\u017cynierii L\u0105dowej i Gospodarki Zasobami<\/strong>),<\/li><li>Wydzia\u0142u Geologiczno-Poszukiwawczego (dzisiaj: <strong>Geologii, Geofizyki i Ochrony \u015arodowiska)<\/strong>;<\/li><li>Wydzia\u0142u Geodezji G\u00f3rniczej (dzisiaj: <strong>Geodezji G\u00f3rniczej i In\u017cynierii \u015arodowiska<\/strong>)<\/li><li>Wydzia\u0142u Wiertniczo-Naftowego (dzisiaj <strong>Wiertnictwa Nafty I Gazu<\/strong>).<\/li><li>Wydzia\u0142u Maszyn G\u00f3rniczych i Hutniczych \u2013 dzisiaj <strong>In\u017cynierii Mechanicznej i Robotyki,<\/strong><\/li><\/ul>\n\n\n\n<p>kt\u00f3rzy swe studia rozpoczynali w jesieni 1974 roku, a teraz &nbsp;przybyli do AGH po swoje \u201eZ\u0142ote indeksy\u201d. Program uroczysto\u015bci by\u0142 taki sam jak zawsze do tej pory. Przy pi\u0119knej jesiennej ju\u017c pogodzie odnotowano bardzo wysok\u0105 frekwencj\u0119 na uroczystej mszy \u015bw. Jubileuszowej celebrowanej przez ks. prof. Tadeusza Panusia w kolegiacie \u015bw. Anny. Jak zwykle celebrans uj\u0105\u0142 zgromadzonych trafn\u0105 liturgi\u0105 s\u0142owa oraz pi\u0119kn\u0105 i wzruszaj\u0105ca homili\u0105 dotycz\u0105c\u0105 przemijania i wspominania entuzjazmu, jaki kszta\u0142towa\u0142 \u00f3wczesne marzenia i plany m\u0142odzie\u017cy studiuj\u0105cej.<\/p>\n\n\n\n<div class=\"wp-block-image\"><figure class=\"aligncenter size-full\"><a href=\"https:\/\/swagh.agh.edu.pl\/wp-content\/uploads\/2024\/09\/image.png\"><img loading=\"lazy\" decoding=\"async\" width=\"690\" height=\"517\" src=\"https:\/\/swagh.agh.edu.pl\/wp-content\/uploads\/2024\/09\/image.png\" alt=\"\" class=\"wp-image-6846\" srcset=\"https:\/\/swagh.agh.edu.pl\/wp-content\/uploads\/2024\/09\/image.png 690w, https:\/\/swagh.agh.edu.pl\/wp-content\/uploads\/2024\/09\/image-300x225.png 300w\" sizes=\"auto, (max-width: 690px) 100vw, 690px\" \/><\/a><\/figure><\/div>\n\n\n\n<div class=\"wp-block-image\"><figure class=\"aligncenter size-full\"><a href=\"https:\/\/swagh.agh.edu.pl\/wp-content\/uploads\/2024\/09\/image-1.png\"><img loading=\"lazy\" decoding=\"async\" width=\"761\" height=\"570\" src=\"https:\/\/swagh.agh.edu.pl\/wp-content\/uploads\/2024\/09\/image-1.png\" alt=\"\" class=\"wp-image-6847\" srcset=\"https:\/\/swagh.agh.edu.pl\/wp-content\/uploads\/2024\/09\/image-1.png 761w, https:\/\/swagh.agh.edu.pl\/wp-content\/uploads\/2024\/09\/image-1-300x225.png 300w\" sizes=\"auto, (max-width: 761px) 100vw, 761px\" \/><\/a><figcaption>Uroczysta msza \u015bw. z\u0142otych Jubilat\u00f3w w kolegiacie \u015bw. Anny. (fot. P. Czaja)<\/figcaption><\/figure><\/div>\n\n\n\n<p>W spotkaniu immatrykulacyjnym w auli uczestniczyli:<\/p>\n\n\n\n<ul class=\"wp-block-list\"><li>Prorektor ds. kszta\u0142cenia <strong>prof. Krzysztof Mendrok<\/strong><\/li><\/ul>\n\n\n\n<p><strong>oraz Dziekani&nbsp; Wydzia\u0142\u00f3w:<\/strong><\/p>\n\n\n\n<ul class=\"wp-block-list\"><li>In\u017cynierii L\u0105dowej i gospodarki Zasobami \u2013 <strong>prof. Arkadiusz KUSTRA<\/strong><\/li><li>Geologii Geofizyki i Ochrony \u015arodowiska \u2013 <strong>prof. Ewa KMIECIK<\/strong><\/li><li>Wiertnictwa Nafty i Gazu \u2013<strong> prof. Mariusz \u0141ACIAK<\/strong><\/li><li>In\u017cynierii Mechanicznej i Robotyki &#8211;&nbsp; <strong>prof. Jaros\u0142aw Konieczny<\/strong><\/li><li>Prodziekan Wydzia\u0142u Geodezji G\u00f3rniczej i In\u017cynierii \u015arodowiska&nbsp; <strong>dr El\u017cbieta Jasi\u0144ska<\/strong><\/li><li>Prezes Stowarzyszenia Wychowank\u00f3w &nbsp;AGH prof. <strong>Piotr Czaja<\/strong><\/li><\/ul>\n\n\n\n<p><strong>Tu trzeba zaznaczy\u0107, \u017ce dla niekt\u00f3rych pa\u0144stwa dziekan\u00f3w to pierwsze oficjalne wyst\u0105pienie w tej roli od rozpocz\u0119cia nowej kadencji. Stowarzyszenie wychowank\u00f3w serdecznie wita na naszych uroczysto\u015bciach i zaznacza, \u017ce b\u0119dzie takich spotka\u0144 bardzo wiele \u2013 bo nasi absolwenci \u2013 wychowankowie na to zas\u0142uguj\u0105, a Stowarzyszenie jest po to aby takie uroczysto\u015bci organizowa\u0107.<\/strong><\/p>\n\n\n\n<figure class=\"wp-block-image size-full\"><a href=\"https:\/\/swagh.agh.edu.pl\/wp-content\/uploads\/2024\/09\/image-2.png\"><img loading=\"lazy\" decoding=\"async\" width=\"945\" height=\"631\" src=\"https:\/\/swagh.agh.edu.pl\/wp-content\/uploads\/2024\/09\/image-2.png\" alt=\"\" class=\"wp-image-6848\" srcset=\"https:\/\/swagh.agh.edu.pl\/wp-content\/uploads\/2024\/09\/image-2.png 945w, https:\/\/swagh.agh.edu.pl\/wp-content\/uploads\/2024\/09\/image-2-300x200.png 300w, https:\/\/swagh.agh.edu.pl\/wp-content\/uploads\/2024\/09\/image-2-768x513.png 768w, https:\/\/swagh.agh.edu.pl\/wp-content\/uploads\/2024\/09\/image-2-420x280.png 420w\" sizes=\"auto, (max-width: 945px) 100vw, 945px\" \/><\/a><\/figure>\n\n\n\n<figure class=\"wp-block-image size-full\"><a href=\"https:\/\/swagh.agh.edu.pl\/wp-content\/uploads\/2024\/09\/image-3.png\"><img loading=\"lazy\" decoding=\"async\" width=\"945\" height=\"530\" src=\"https:\/\/swagh.agh.edu.pl\/wp-content\/uploads\/2024\/09\/image-3.png\" alt=\"\" class=\"wp-image-6849\" srcset=\"https:\/\/swagh.agh.edu.pl\/wp-content\/uploads\/2024\/09\/image-3.png 945w, https:\/\/swagh.agh.edu.pl\/wp-content\/uploads\/2024\/09\/image-3-300x168.png 300w, https:\/\/swagh.agh.edu.pl\/wp-content\/uploads\/2024\/09\/image-3-768x431.png 768w\" sizes=\"auto, (max-width: 945px) 100vw, 945px\" \/><\/a><figcaption><em>Uczestnicy ponownej immatrykulacji w dn. 6.09.2024 r. (fot. Z. Sulima)<\/em><\/figcaption><\/figure>\n\n\n\n<p>Po tradycyjnych przem\u00f3wieniach obecnego Prorektora tym razem prof. Krzysztofa &nbsp;Mendroka oraz Prezesa Stowarzyszenia Wychowank\u00f3w AGH prof. Piotr Czai, w kt\u00f3rych w spos\u00f3b szczeg\u00f3lny wspomniano 12 par ma\u0142\u017ce\u0144skich &nbsp;&#8211; skojarzonych na studiach i obecnych na uroczysto\u015bci &nbsp;oraz uczczono chwil\u0105 ciszy i refleksji zmar\u0142ych w tym okresie profesor\u00f3w oraz cz\u0142onk\u00f3w tej absolwenckiej spo\u0142eczno\u015bci.<\/p>\n\n\n\n<p>Po uroczystym \u015blubowaniu absolwenta Prorektor w towarzystwie dziekan\u00f3w poszczeg\u00f3lnych wydzia\u0142\u00f3w i prezesa SW AGH dokonali ceremonii immatrykulacji, po kt\u00f3rej jak nakazuje tradycja w&nbsp;Auli rozleg\u0142o si\u0119 gromkie \u201esto lat\u201d.<\/p>\n\n\n\n<figure class=\"wp-block-image size-full\"><a href=\"https:\/\/swagh.agh.edu.pl\/wp-content\/uploads\/2024\/09\/image-4.png\"><img loading=\"lazy\" decoding=\"async\" width=\"945\" height=\"631\" src=\"https:\/\/swagh.agh.edu.pl\/wp-content\/uploads\/2024\/09\/image-4.png\" alt=\"\" class=\"wp-image-6850\" srcset=\"https:\/\/swagh.agh.edu.pl\/wp-content\/uploads\/2024\/09\/image-4.png 945w, https:\/\/swagh.agh.edu.pl\/wp-content\/uploads\/2024\/09\/image-4-300x200.png 300w, https:\/\/swagh.agh.edu.pl\/wp-content\/uploads\/2024\/09\/image-4-768x513.png 768w, https:\/\/swagh.agh.edu.pl\/wp-content\/uploads\/2024\/09\/image-4-420x280.png 420w\" sizes=\"auto, (max-width: 945px) 100vw, 945px\" \/><\/a><\/figure>\n\n\n\n<figure class=\"wp-block-image size-full\"><a href=\"https:\/\/swagh.agh.edu.pl\/wp-content\/uploads\/2024\/09\/image-5.png\"><img loading=\"lazy\" decoding=\"async\" width=\"945\" height=\"631\" src=\"https:\/\/swagh.agh.edu.pl\/wp-content\/uploads\/2024\/09\/image-5.png\" alt=\"\" class=\"wp-image-6851\" srcset=\"https:\/\/swagh.agh.edu.pl\/wp-content\/uploads\/2024\/09\/image-5.png 945w, https:\/\/swagh.agh.edu.pl\/wp-content\/uploads\/2024\/09\/image-5-300x200.png 300w, https:\/\/swagh.agh.edu.pl\/wp-content\/uploads\/2024\/09\/image-5-768x513.png 768w, https:\/\/swagh.agh.edu.pl\/wp-content\/uploads\/2024\/09\/image-5-420x280.png 420w\" sizes=\"auto, (max-width: 945px) 100vw, 945px\" \/><\/a><figcaption><em>Jubilaci ju\u017c ze z\u0142otymi indeksami. (fot. Z. Sulima)<\/em><\/figcaption><\/figure>\n\n\n\n<p>W imieniu Jubilat\u00f3w z wydzia\u0142u Geodezji G\u00f3rniczej i In\u017cynierii \u015arodowiska&nbsp; wyst\u0105pili &nbsp;pa\u0144stwo <strong>Urszula i Edmund Las\u0142owscy, <\/strong>kt\u00f3rzy w pi\u0119knym dwug\u0142osie<strong> podkre\u015blili rol\u0119 uczelni w ich \u017cyciu zawodowym i osobistym.<\/strong><\/p>\n\n\n\n<figure class=\"wp-block-image size-full\"><a href=\"https:\/\/swagh.agh.edu.pl\/wp-content\/uploads\/2024\/09\/image-6.png\"><img loading=\"lazy\" decoding=\"async\" width=\"945\" height=\"631\" src=\"https:\/\/swagh.agh.edu.pl\/wp-content\/uploads\/2024\/09\/image-6.png\" alt=\"\" class=\"wp-image-6852\" srcset=\"https:\/\/swagh.agh.edu.pl\/wp-content\/uploads\/2024\/09\/image-6.png 945w, https:\/\/swagh.agh.edu.pl\/wp-content\/uploads\/2024\/09\/image-6-300x200.png 300w, https:\/\/swagh.agh.edu.pl\/wp-content\/uploads\/2024\/09\/image-6-768x513.png 768w, https:\/\/swagh.agh.edu.pl\/wp-content\/uploads\/2024\/09\/image-6-420x280.png 420w\" sizes=\"auto, (max-width: 945px) 100vw, 945px\" \/><\/a><figcaption> <em>Wyst\u0105pienie pa\u0144stwa Las\u0142owskich. (fot. Z. Sulima)<\/em> <\/figcaption><\/figure>\n\n\n\n<p>G\u0142os zabra\u0142 tak\u017ce absolwent Wydzia\u0142u G\u00f3rniczego <strong>mgr in\u017c. W\u0142adys\u0142aw Lizo\u0144 z&nbsp; Kanady<\/strong>, kt\u00f3ry jako pierwszy Polak pochodz\u0105cy z najnowszej emigracji zosta\u0142 pos\u0142em do federalnego parlamentu Kanady, gdzie z sukcesem zabiega\u0142 o dobre relacje z Polsk\u0105, a tak\u017ce przeforsowa\u0142 decyzj\u0119, aby dzie\u0144 &nbsp;drugiego kwietnia by\u0142 w tym kraju dniem wspomnienia \u015bw. Jana Paw\u0142a II.<\/p>\n\n\n\n<figure class=\"wp-block-image size-full\"><a href=\"https:\/\/swagh.agh.edu.pl\/wp-content\/uploads\/2024\/09\/image-7.png\"><img loading=\"lazy\" decoding=\"async\" width=\"945\" height=\"631\" src=\"https:\/\/swagh.agh.edu.pl\/wp-content\/uploads\/2024\/09\/image-7.png\" alt=\"\" class=\"wp-image-6853\" srcset=\"https:\/\/swagh.agh.edu.pl\/wp-content\/uploads\/2024\/09\/image-7.png 945w, https:\/\/swagh.agh.edu.pl\/wp-content\/uploads\/2024\/09\/image-7-300x200.png 300w, https:\/\/swagh.agh.edu.pl\/wp-content\/uploads\/2024\/09\/image-7-768x513.png 768w, https:\/\/swagh.agh.edu.pl\/wp-content\/uploads\/2024\/09\/image-7-420x280.png 420w\" sizes=\"auto, (max-width: 945px) 100vw, 945px\" \/><\/a><figcaption><em>Wyst\u0105pienie W\u0142adys\u0142awa Lizonia z Kanady. (fot. Z. Sulima)<\/em><\/figcaption><\/figure>\n\n\n\n<p>Wyst\u0105pi\u0142 tak\u017ce inny g\u00f3rnik mgr in\u017c. Feliks Macias, kt\u00f3ry podzi\u0119kowa\u0142 organizatorom, a tak\u017ce prof. Waldemarowi Korzeniowskiemu za sta\u0142\u0105 koordynacje spotka\u0144 tej grupy absolwent\u00f3w i mobilizacj\u0119 do&nbsp; \u015bwi\u0119towania tego jubileuszu.<\/p>\n\n\n\n<figure class=\"wp-block-image size-full\"><a href=\"https:\/\/swagh.agh.edu.pl\/wp-content\/uploads\/2024\/09\/image-8.png\"><img loading=\"lazy\" decoding=\"async\" width=\"945\" height=\"631\" src=\"https:\/\/swagh.agh.edu.pl\/wp-content\/uploads\/2024\/09\/image-8.png\" alt=\"\" class=\"wp-image-6854\" srcset=\"https:\/\/swagh.agh.edu.pl\/wp-content\/uploads\/2024\/09\/image-8.png 945w, https:\/\/swagh.agh.edu.pl\/wp-content\/uploads\/2024\/09\/image-8-300x200.png 300w, https:\/\/swagh.agh.edu.pl\/wp-content\/uploads\/2024\/09\/image-8-768x513.png 768w, https:\/\/swagh.agh.edu.pl\/wp-content\/uploads\/2024\/09\/image-8-420x280.png 420w\" sizes=\"auto, (max-width: 945px) 100vw, 945px\" \/><\/a><figcaption><em>Podzi\u0119kowania od Feliksa Maciasa w imieniu uczestnik\u00f3w spotkania (fot. Z. Sulima)<\/em><\/figcaption><\/figure>\n\n\n\n<p>Po uroczysto\u015bci w auli wykonano tradycyjne zdj\u0119cia pami\u0105tkowe \u201ePod Staszicem\u201d i udano si\u0119 na obiad Jubilat\u00f3w.<\/p>\n\n\n\n<figure class=\"wp-block-image size-full\"><a href=\"https:\/\/swagh.agh.edu.pl\/wp-content\/uploads\/2024\/09\/image-9.png\"><img loading=\"lazy\" decoding=\"async\" width=\"945\" height=\"631\" src=\"https:\/\/swagh.agh.edu.pl\/wp-content\/uploads\/2024\/09\/image-9.png\" alt=\"\" class=\"wp-image-6855\" srcset=\"https:\/\/swagh.agh.edu.pl\/wp-content\/uploads\/2024\/09\/image-9.png 945w, https:\/\/swagh.agh.edu.pl\/wp-content\/uploads\/2024\/09\/image-9-300x200.png 300w, https:\/\/swagh.agh.edu.pl\/wp-content\/uploads\/2024\/09\/image-9-768x513.png 768w, https:\/\/swagh.agh.edu.pl\/wp-content\/uploads\/2024\/09\/image-9-420x280.png 420w\" sizes=\"auto, (max-width: 945px) 100vw, 945px\" \/><\/a><figcaption><em>Pami\u0105tkowe&nbsp; zdj\u0119cia \u201ePod Staszicem\u201d (fot. Z. Sulima)<\/em><\/figcaption><\/figure>\n\n\n\n<p>Uczestniczyli w nim: prorektor prof. Krzysztof Mendrok oraz pa\u0144stwo dziekani wszystkich \u015bwi\u0119tuj\u0105cych wydzia\u0142\u00f3w. Spotkanie to szybko przerodzi\u0142o si\u0119 w doskona\u0142\u0105 wsp\u00f3ln\u0105 biesiad\u0119. U g\u00f3rnik\u00f3w znalaz\u0142 si\u0119 szybko doskona\u0142y pianista, kt\u00f3ry zasiadaj\u0105c za pianinem zmobilizowa\u0142 ca\u0142\u0105 sal\u0119 do pi\u0119knego \u015bpiewu. Swoje przem\u00f3wienia o wydzia\u0142ach przerywano sympatycznymi toastami i muzycznymi przerywnikami.<\/p>\n\n\n\n<p>Jednym s\u0142owem \u2013 <strong>bardzo udany jubileusz!<\/strong><\/p>\n\n\n\n<p>Brawo Wychowankowie,<\/p>\n\n\n\n<p>Brawo organizatorzy!<\/p>\n\n\n\n<p>Podzi\u0119kowanie pa\u0144stwa Las\u0142owskich w imieniu ponownie immatrykulowanych:<\/p>\n\n\n\n<p><strong><em>Magnificencjo,<br>Szanowni Pa\u0144stwo Dziekani,&nbsp;<\/em><\/strong><\/p>\n\n\n\n<p><em>W imieniu kole\u017canek i koleg\u00f3w rozpoczynaj\u0105cych studia w 1974 roku na Wydziale Geodezji G\u00f3rniczej, serdecznie dzi\u0119kujemy za mo\u017cliwo\u015b\u0107 prze\u017cycia ponownej immatrykulacji po 50 latach lub jak si\u0119 \u015bpiewa na karczmach piwnych po 100 semestrach. To uroczysto\u015b\u0107, na kt\u00f3r\u0105 czekali\u015bmy od pewnego czasu z&nbsp;niecierpliwo\u015bci\u0105, ciesz\u0105c si\u0119 na mo\u017cliwo\u015b\u0107 spotkania&nbsp; z szacownym gronem profesor\u00f3w oraz kole\u017canek i koleg\u00f3w w murach naszej ukochanej uczelni. Niestety cz\u0119\u015b\u0107 z nas zalicza kolejne semestry w innym wymiarze obserwuj\u0105c nas z g\u00f3ry wraz z naszymi profesorami. Pami\u0119tamy o nich.<\/em><\/p>\n\n\n\n<p><em>Uczelnia nasza da\u0142a nam znakomite wykszta\u0142cenie fachowe, co stwierdzamy po latach naszej pracy. Ju\u017c na pocz\u0105tku naszej pracy zawodowej, byli\u015bmy innowatorami. To znakomite wykszta\u0142cenie, kt\u00f3re otrzymali\u015bmy w&nbsp;murach naszej Akademii jak r\u00f3wnie\u017c ca\u0142okszta\u0142t atmosfery studiowania w&nbsp;fantastycznym miejscu jakim jest Krak\u00f3w, pozwoli\u0142o wielu z nas zajmowa\u0107 wysokie stanowiska w zak\u0142adach, w kt\u00f3rych pracowali\u015bmy \u2013 prezes\u00f3w, dyrektor\u00f3w zak\u0142ad\u00f3w, g\u0142\u00f3wnych in\u017cynier\u00f3w. Wielu prowadzi\u0142o i nadal prowadzi w\u0142asne firmy. Kilku&nbsp;&nbsp;&nbsp;&nbsp;&nbsp;&nbsp;&nbsp; z nas spe\u0142ni\u0142o si\u0119 na polu naukowym dochodz\u0105c do tytu\u0142\u00f3w profesorskich. Ta uzyskana wiedza i inne umiej\u0119tno\u015bci pozwoli\u0142y nam r\u00f3wnie\u017c piastowa\u0107&nbsp; wa\u017cne funkcje w \u017cyciu naszego kraju : niekt\u00f3rzy z nas byli prezesami lotnisk, cz\u0142onkami rad nadzorczych wa\u017cnych sp\u00f3\u0142ek, piastowali stanowiska samorz\u0105dowe czy nawet spo\u0142ecznie zarz\u0105dzali szpitalami i&nbsp;sanatoriami samorz\u0105dowymi.<\/em><\/p>\n\n\n\n<p><em>Okres studi\u00f3w, wsp\u00f3lne praktyki zawodowe (a <\/em><em>by\u0142y<\/em><em> one liczne),&nbsp; w&nbsp;znakomity spos\u00f3b nas zintegrowa\u0142y. Zostali\u015bmy przyjaci\u00f3\u0142mi na ca\u0142e \u017cycie. Musimy si\u0119 pochwali\u0107, \u017ce od pocz\u0105tku lat 90-tych ubieg\u0142ego wieku, spotykamy si\u0119 ka\u017cdego roku z kole\u017cankami i kolegami na 3 dniowych zjazdach organizowanych w&nbsp;r\u00f3\u017cnych miejscach Polski. Jest to niezwykle cenny czas na dalsze poznawanie siebie nawzajem, wymian\u0119 do\u015bwiadcze\u0144 i poznawanie pi\u0119knych zak\u0105tk\u00f3w naszego&nbsp; kraju. Dzisiaj te\u017c tu przybyli\u015bmy z wczorajszego spotkania na zamku w&nbsp;Korzkwi.<\/em><\/p>\n\n\n\n<p><em>Za ten ca\u0142okszta\u0142t naszego wykszta\u0142cenia i ukszta\u0142towania nas, jak r\u00f3wnie\u017c dzisiejsz\u0105 ponown\u0105 immatrykulacj\u0119,&nbsp;<\/em><\/p>\n\n\n\n<p><strong><em>DZI\u0118KUJEMY!&nbsp;<\/em><\/strong><\/p>\n\n\n\n<p><em>A teraz g\u00f3rnicze Szcz\u0119\u015b\u0107 Bo\u017ce!<\/em><\/p>\n\n\n\n<p><strong><em>Vivat Akademia!&nbsp;&nbsp;&nbsp; Vivat!&nbsp; Vivat!&nbsp; Vivat!<\/em><\/strong><\/p>\n","protected":false},"excerpt":{"rendered":"<p>Zdj\u0119cia z uroczysto\u015bci: Z\u0142ote Indeksy \u2013 6 wrze\u015bnia 2024 Stowarzyszenie wychowank\u00f3w AGH we wrze\u015bniu ulokowa\u0142o wiele dorocznych aktywno\u015bci, kt\u00f3re sprawiaj\u0105, \u017ce wiele si\u0119 u nas dzieje. Ju\u017c 6 wrze\u015bnia du\u017ca grupa wychowank\u00f3w z 5 wydzia\u0142\u00f3w<\/p>\n","protected":false},"author":1,"featured_media":6849,"comment_status":"closed","ping_status":"open","sticky":false,"template":"","format":"standard","meta":{"footnotes":"","_links_to":"","_links_to_target":""},"categories":[1],"tags":[],"class_list":["post-6844","post","type-post","status-publish","format-standard","has-post-thumbnail","hentry","category-bez-kategorii"],"_links":{"self":[{"href":"https:\/\/swagh.agh.edu.pl\/index.php?rest_route=\/wp\/v2\/posts\/6844","targetHints":{"allow":["GET"]}}],"collection":[{"href":"https:\/\/swagh.agh.edu.pl\/index.php?rest_route=\/wp\/v2\/posts"}],"about":[{"href":"https:\/\/swagh.agh.edu.pl\/index.php?rest_route=\/wp\/v2\/types\/post"}],"author":[{"embeddable":true,"href":"https:\/\/swagh.agh.edu.pl\/index.php?rest_route=\/wp\/v2\/users\/1"}],"replies":[{"embeddable":true,"href":"https:\/\/swagh.agh.edu.pl\/index.php?rest_route=%2Fwp%2Fv2%2Fcomments&post=6844"}],"version-history":[{"count":3,"href":"https:\/\/swagh.agh.edu.pl\/index.php?rest_route=\/wp\/v2\/posts\/6844\/revisions"}],"predecessor-version":[{"id":6869,"href":"https:\/\/swagh.agh.edu.pl\/index.php?rest_route=\/wp\/v2\/posts\/6844\/revisions\/6869"}],"wp:featuredmedia":[{"embeddable":true,"href":"https:\/\/swagh.agh.edu.pl\/index.php?rest_route=\/wp\/v2\/media\/6849"}],"wp:attachment":[{"href":"https:\/\/swagh.agh.edu.pl\/index.php?rest_route=%2Fwp%2Fv2%2Fmedia&parent=6844"}],"wp:term":[{"taxonomy":"category","embeddable":true,"href":"https:\/\/swagh.agh.edu.pl\/index.php?rest_route=%2Fwp%2Fv2%2Fcategories&post=6844"},{"taxonomy":"post_tag","embeddable":true,"href":"https:\/\/swagh.agh.edu.pl\/index.php?rest_route=%2Fwp%2Fv2%2Ftags&post=6844"}],"curies":[{"name":"wp","href":"https:\/\/api.w.org\/{rel}","templated":true}]}}