{"id":6887,"date":"2024-09-23T08:35:13","date_gmt":"2024-09-23T06:35:13","guid":{"rendered":"https:\/\/swagh.agh.edu.pl\/?p=6887"},"modified":"2024-09-23T08:35:13","modified_gmt":"2024-09-23T06:35:13","slug":"super-seniorzy-na-kolejnym-spotkaniu-w-agh","status":"publish","type":"post","link":"https:\/\/swagh.agh.edu.pl\/?p=6887","title":{"rendered":"Super Seniorzy na kolejnym spotkaniu w AGH"},"content":{"rendered":"\n<p>Wiele grup absolwent\u00f3w obra\u0142o wrzesie\u0144 za dogodny termin do spotkania si\u0119 w AGH. W dniu 12 wrze\u015bnia w auli AGH spotkali si\u0119 wychowankowie Wydzia\u0142u G\u00f3rniczego by zainaugurowa\u0107 129 semestr kontaktu z uczelni\u0105. Oznacza to, \u017ce swoj\u0105 immatrykulacje mieli, a\u00a0 sw\u00f3j pierwszy semestr studi\u00f3w rozpocz\u0119li w pa\u017adzierniku 1960 roku. Spotkanie przygotowa\u0142 i koordynowa\u0142 mgr in\u017c. Janusz Ciszewski, a w grupie tej znajdziemy wiele znacz\u0105cych osobisto\u015bci jak: by\u0142y Prorektor AGH i obecny Przewodnicz\u0105cy Konwentu Senior\u00f3w AGH prof. Bronis\u0142aw Barcha\u0144ski, by\u0142y Wiceminister Gospodarki \u2013 odpowiedzialny za g\u00f3rnictwo &#8211; prof. Jan Szl\u0105zak, czy mgr in\u017c. Jan Dusza \u2013 wieloletni Lis Major \u2013 wspania\u0142y tenor, okraszaj\u0105cy swym \u015bpiewem wiele uroczysto\u015bci na kt\u00f3rych kultywuje si\u0119 bogate tradycje g\u00f3rniczych.<\/p>\n\n\n\n<p>To kolejny fenomen wychowank\u00f3w AGH. Mimo i\u017c rocznik ten legitymuje si\u0119 zacnym wiekiem 82<sup>+<\/sup>, na spotkanie stawi\u0142o si\u0119 23 absolwent\u00f3w. Spotkanie zaszczyci\u0142 nowo wybrany Dziekan Wydzia\u0142u G\u00f3rniczego \u2013 przemianowanego ostatnio (w naszej ocenie niefortunnie) na Wydzia\u0142 In\u017cynierii L\u0105dowej i Gospodarki\u00a0 Zasobami. W auli AGH \u00a0prof. Arkadiusz Kustra oraz Prezes Stowarzyszenia Wychowank\u00f3w AGH prof. Piotr Czaja.<\/p>\n\n\n\n<figure class=\"wp-block-image size-full\"><a href=\"https:\/\/swagh.agh.edu.pl\/wp-content\/uploads\/2024\/09\/image-24.png\"><img loading=\"lazy\" decoding=\"async\" width=\"945\" height=\"709\" src=\"https:\/\/swagh.agh.edu.pl\/wp-content\/uploads\/2024\/09\/image-24.png\" alt=\"\" class=\"wp-image-6888\" srcset=\"https:\/\/swagh.agh.edu.pl\/wp-content\/uploads\/2024\/09\/image-24.png 945w, https:\/\/swagh.agh.edu.pl\/wp-content\/uploads\/2024\/09\/image-24-300x225.png 300w, https:\/\/swagh.agh.edu.pl\/wp-content\/uploads\/2024\/09\/image-24-768x576.png 768w\" sizes=\"auto, (max-width: 945px) 100vw, 945px\" \/><\/a><figcaption>Wychowankowie rocznika \u201eG\u00f3rnicy 65\u201d w Auli AGH. (fot. P. Czaja)<\/figcaption><\/figure>\n\n\n\n<figure class=\"wp-block-image size-full\"><a href=\"https:\/\/swagh.agh.edu.pl\/wp-content\/uploads\/2024\/09\/image-25.png\"><img loading=\"lazy\" decoding=\"async\" width=\"945\" height=\"709\" src=\"https:\/\/swagh.agh.edu.pl\/wp-content\/uploads\/2024\/09\/image-25.png\" alt=\"\" class=\"wp-image-6889\" srcset=\"https:\/\/swagh.agh.edu.pl\/wp-content\/uploads\/2024\/09\/image-25.png 945w, https:\/\/swagh.agh.edu.pl\/wp-content\/uploads\/2024\/09\/image-25-300x225.png 300w, https:\/\/swagh.agh.edu.pl\/wp-content\/uploads\/2024\/09\/image-25-768x576.png 768w\" sizes=\"auto, (max-width: 945px) 100vw, 945px\" \/><\/a><figcaption><em>Wyst\u0105pienie dziekana Wydzia\u0142u prof. Arkadiusza Kustry (fot. P. Czaja)<\/em><\/figcaption><\/figure>\n\n\n\n<p>Po spotkaniu w uczelni zebrani udali si\u0119 do Akademika w DS. Babilon, gdzie zamieszkali na czas wizyty w Krakowie, prze\u017cywaj\u0105c po latach klimat domu studenckiego. Wieczorem uczestnicy spotkania biesiadowali w jednym z krakowskich lokali gastronomicznych.<\/p>\n\n\n\n<p>Super Seniorom serdecznie gratulujemy. Podziwiamy Wasz stan cia\u0142a i ducha, bardzo dobr\u0105 kondycj\u0119 i&nbsp;werw\u0119 prezentowan\u0105 mimo up\u0142ywu lat. \u017byczymy nadal dobrego zdrowia i zapraszamy do AGH na &nbsp;kolejne spotkania, zw\u0142aszcza na przysz\u0142oroczne obchody Jubileuszu 80-lecia SW AGH.<\/p>\n\n\n\n<p>Do zobaczenia za rok!<\/p>\n\n\n\n<p>Prof. Piotr Czaja<\/p>\n\n\n\n<p>Prezes Stowarzyszenia Wychowank\u00f3w AGH<\/p>\n","protected":false},"excerpt":{"rendered":"<p>Wiele grup absolwent\u00f3w obra\u0142o wrzesie\u0144 za dogodny termin do spotkania si\u0119 w AGH. W dniu 12 wrze\u015bnia w auli AGH spotkali si\u0119 wychowankowie Wydzia\u0142u G\u00f3rniczego by zainaugurowa\u0107 129 semestr kontaktu z uczelni\u0105. Oznacza to, \u017ce<\/p>\n","protected":false},"author":1,"featured_media":6888,"comment_status":"closed","ping_status":"open","sticky":false,"template":"","format":"standard","meta":{"footnotes":"","_links_to":"","_links_to_target":""},"categories":[1],"tags":[],"class_list":["post-6887","post","type-post","status-publish","format-standard","has-post-thumbnail","hentry","category-bez-kategorii"],"_links":{"self":[{"href":"https:\/\/swagh.agh.edu.pl\/index.php?rest_route=\/wp\/v2\/posts\/6887","targetHints":{"allow":["GET"]}}],"collection":[{"href":"https:\/\/swagh.agh.edu.pl\/index.php?rest_route=\/wp\/v2\/posts"}],"about":[{"href":"https:\/\/swagh.agh.edu.pl\/index.php?rest_route=\/wp\/v2\/types\/post"}],"author":[{"embeddable":true,"href":"https:\/\/swagh.agh.edu.pl\/index.php?rest_route=\/wp\/v2\/users\/1"}],"replies":[{"embeddable":true,"href":"https:\/\/swagh.agh.edu.pl\/index.php?rest_route=%2Fwp%2Fv2%2Fcomments&post=6887"}],"version-history":[{"count":1,"href":"https:\/\/swagh.agh.edu.pl\/index.php?rest_route=\/wp\/v2\/posts\/6887\/revisions"}],"predecessor-version":[{"id":6890,"href":"https:\/\/swagh.agh.edu.pl\/index.php?rest_route=\/wp\/v2\/posts\/6887\/revisions\/6890"}],"wp:featuredmedia":[{"embeddable":true,"href":"https:\/\/swagh.agh.edu.pl\/index.php?rest_route=\/wp\/v2\/media\/6888"}],"wp:attachment":[{"href":"https:\/\/swagh.agh.edu.pl\/index.php?rest_route=%2Fwp%2Fv2%2Fmedia&parent=6887"}],"wp:term":[{"taxonomy":"category","embeddable":true,"href":"https:\/\/swagh.agh.edu.pl\/index.php?rest_route=%2Fwp%2Fv2%2Fcategories&post=6887"},{"taxonomy":"post_tag","embeddable":true,"href":"https:\/\/swagh.agh.edu.pl\/index.php?rest_route=%2Fwp%2Fv2%2Ftags&post=6887"}],"curies":[{"name":"wp","href":"https:\/\/api.w.org\/{rel}","templated":true}]}}