{"id":6917,"date":"2024-09-27T09:26:11","date_gmt":"2024-09-27T07:26:11","guid":{"rendered":"https:\/\/swagh.agh.edu.pl\/?p=6917"},"modified":"2024-09-27T09:26:12","modified_gmt":"2024-09-27T07:26:12","slug":"zlote-indeksy-2024-dla-absolwentow-wydzialow-z-pionu-hutniczego-i-materialowego-agh","status":"publish","type":"post","link":"https:\/\/swagh.agh.edu.pl\/?p=6917","title":{"rendered":"Z\u0141OTE INDEKSY 2024 DLA ABSOLWENT\u00d3W WYDZIA\u0141\u00d3W Z PIONU HUTNICZEGO I MATERIA\u0141OWEGO AGH"},"content":{"rendered":"\n<p>Jak ju\u017c informowali\u015bmy \u2013 przybywa nam wydzia\u0142\u00f3w starszych od 50 lat, a wi\u0119c uprawnionych do udzia\u0142u w uroczystej ponownej&nbsp; immatrykulacji po 50 latach. Z tego wzgl\u0119du zmienili\u015bmy harmonogram uroczysto\u015bci. Z\u0142ote indeksy w roku 2024&nbsp; wr\u0119czane s\u0105&nbsp; dwa razy w roku: Pierwsza grupa to wydzia\u0142y tzw. Pionu G\u00f3rniczego z do\u0142\u0105czonym Wydzia\u0142em In\u017cynierii Mechanicznej i Robotyki, druga natomiast to wydzia\u0142y tzw. Pionu Hutniczego oraz In\u017cynieria Materia\u0142owa i Ceramika oraz Wydzia\u0142 Elektroniki, Automatyki, Informatyki i In\u017cynierii Biomedycznej.<\/p>\n\n\n\n<p>W dniu 13.09.2024 roku swoje z\u0142ote indeksy odbiera\u0142a druga \u2013 bardzo liczna grupa absolwent\u00f3w z wydzia\u0142\u00f3w:<\/p>\n\n\n\n<ul class=\"wp-block-list\"><li><strong>Metalurgiczny (<\/strong>obecnie: <strong>In\u017cynierii Metali i Informatyki Przemys\u0142owej)&nbsp; &#8211; <\/strong>61 os\u00f3b,<\/li><li><strong>Metali Nie\u017celaznych<\/strong> \u2013 wydzia\u0142 nie zmienia\u0142 swojej nazwy w ca\u0142ej swojej historii \u2013 28 os\u00f3b,<\/li><li><strong>Odlewnictwa<\/strong>&nbsp; \u2013 wydzia\u0142&nbsp; zmienia\u0142&nbsp; nazw\u0119&nbsp; ale ostatecznie powr\u00f3ci\u0142 do tej&nbsp; sprzed 50 lat \u2013 19 os\u00f3b<\/li><li><strong>Elektrotechniki G\u00f3rniczej i Hutniczej<\/strong><em>&nbsp; obecnie: <\/em><strong>Elektrotechniki, Automatyki, Informatyki i In\u017cynierii Biomedycznej \u2013 <\/strong>32 osoby<\/li><li><strong>Ceramiczny<\/strong> \u2013 obecnie:<strong> In\u017cynierii Materia\u0142owej i Ceramiki<\/strong> &nbsp;&#8211; 44 osoby.<\/li><\/ul>\n\n\n\n<p>W sumie w auli zgromadzi\u0142o si\u0119 \u0142\u0105cznie 184 absolwent\u00f3w.<\/p>\n\n\n\n<div class=\"wp-block-image\"><figure class=\"aligncenter size-full\"><a href=\"https:\/\/swagh.agh.edu.pl\/wp-content\/uploads\/2024\/09\/image-26.png\"><img loading=\"lazy\" decoding=\"async\" width=\"737\" height=\"492\" src=\"https:\/\/swagh.agh.edu.pl\/wp-content\/uploads\/2024\/09\/image-26.png\" alt=\"\" class=\"wp-image-6918\" srcset=\"https:\/\/swagh.agh.edu.pl\/wp-content\/uploads\/2024\/09\/image-26.png 737w, https:\/\/swagh.agh.edu.pl\/wp-content\/uploads\/2024\/09\/image-26-300x200.png 300w, https:\/\/swagh.agh.edu.pl\/wp-content\/uploads\/2024\/09\/image-26-420x280.png 420w\" sizes=\"auto, (max-width: 737px) 100vw, 737px\" \/><\/a><figcaption>W\u0142adze uczelni i wydzia\u0142\u00f3w. (fot. S. Malik)<\/figcaption><\/figure><\/div>\n\n\n\n<figure class=\"wp-block-image size-full\"><a href=\"https:\/\/swagh.agh.edu.pl\/wp-content\/uploads\/2024\/09\/image-27.png\"><img loading=\"lazy\" decoding=\"async\" width=\"945\" height=\"631\" src=\"https:\/\/swagh.agh.edu.pl\/wp-content\/uploads\/2024\/09\/image-27.png\" alt=\"\" class=\"wp-image-6919\" srcset=\"https:\/\/swagh.agh.edu.pl\/wp-content\/uploads\/2024\/09\/image-27.png 945w, https:\/\/swagh.agh.edu.pl\/wp-content\/uploads\/2024\/09\/image-27-300x200.png 300w, https:\/\/swagh.agh.edu.pl\/wp-content\/uploads\/2024\/09\/image-27-768x513.png 768w, https:\/\/swagh.agh.edu.pl\/wp-content\/uploads\/2024\/09\/image-27-420x280.png 420w\" sizes=\"auto, (max-width: 945px) 100vw, 945px\" \/><\/a><figcaption><em>Uczestnicy uroczysto\u015bci w Auli AGH. (fot. S. Malik)<\/em><\/figcaption><\/figure>\n\n\n\n<p>Ewenementem tej uroczysto\u015bci by\u0142a obecno\u015b\u0107 16 par ma\u0142\u017ce\u0144skich, kt\u00f3re zawi\u0105za\u0142y si\u0119 w czasie studi\u00f3w. Byli to:<\/p>\n\n\n\n<p>&nbsp;&nbsp;&nbsp;&nbsp; <strong>Metalurgowie<\/strong><\/p>\n\n\n\n<p>1.&nbsp;&nbsp;&nbsp;&nbsp;&nbsp; Ma\u0142gorzata, Jerzy <strong>Gregorczykowie<\/strong><\/p>\n\n\n\n<p>2&nbsp;&nbsp;&nbsp;&nbsp;&nbsp;&nbsp; Urszula, Krzysztof <strong>Wasowie<\/strong><\/p>\n\n\n\n<p>&nbsp;&nbsp;&nbsp;&nbsp;&nbsp;&nbsp;&nbsp;&nbsp; <strong>Metale Nie\u017celazne&nbsp;&nbsp;&nbsp;&nbsp;&nbsp;&nbsp;&nbsp;&nbsp;&nbsp;&nbsp;&nbsp;&nbsp;&nbsp;&nbsp;&nbsp;&nbsp;&nbsp;&nbsp;&nbsp;&nbsp;&nbsp;&nbsp;&nbsp;&nbsp;&nbsp;<\/strong><\/p>\n\n\n\n<p>3&nbsp;&nbsp;&nbsp;&nbsp;&nbsp;&nbsp; Teresa, Pawe\u0142 <strong>Franczakowie<\/strong><\/p>\n\n\n\n<p>&nbsp;&nbsp;&nbsp;&nbsp;&nbsp;&nbsp;&nbsp;&nbsp; <strong>Ceramicy<\/strong>&nbsp;&nbsp;&nbsp;&nbsp;&nbsp;&nbsp;&nbsp;&nbsp;&nbsp;&nbsp;&nbsp;&nbsp;&nbsp;&nbsp;&nbsp;&nbsp;&nbsp;&nbsp;&nbsp;&nbsp;&nbsp;&nbsp;&nbsp;&nbsp;&nbsp;&nbsp;&nbsp;&nbsp;&nbsp;&nbsp;&nbsp;&nbsp;&nbsp;&nbsp;&nbsp;&nbsp;&nbsp;&nbsp;&nbsp;&nbsp;&nbsp;&nbsp;&nbsp;&nbsp;<\/p>\n\n\n\n<p>4&nbsp;&nbsp;&nbsp;&nbsp;&nbsp;&nbsp; Ma\u0142gorzata, Jan <strong>Dejowie<\/strong><\/p>\n\n\n\n<p>5&nbsp;&nbsp;&nbsp;&nbsp;&nbsp;&nbsp; Marta, Gerard <strong>Homowie<\/strong><\/p>\n\n\n\n<p>6&nbsp;&nbsp;&nbsp;&nbsp;&nbsp;&nbsp; Teresa, Marek <strong>Hernikowie<\/strong><\/p>\n\n\n\n<p>7&nbsp;&nbsp;&nbsp;&nbsp;&nbsp;&nbsp; Danuta i Andrzej <strong>Kapa\u0142kowie<\/strong><\/p>\n\n\n\n<p>8&nbsp;&nbsp;&nbsp;&nbsp;&nbsp;&nbsp; Anna, Jacek <strong>Ko\u017aleccy<\/strong><\/p>\n\n\n\n<p>9 &nbsp;&nbsp;&nbsp;&nbsp;&nbsp; Jadwiga, Marek <strong>\u0141omniccy<\/strong><\/p>\n\n\n\n<p>10 &nbsp;&nbsp; Ma\u0142gorzata, Grzegorz <strong>Pasierkiewiczowie<\/strong><\/p>\n\n\n\n<p>11 &nbsp;&nbsp; Gra\u017cyna, Adam <strong>Skowro\u0144scy<\/strong><\/p>\n\n\n\n<p>12 &nbsp;&nbsp; Anna, Jerzy <strong>Walaszkowie<\/strong><\/p>\n\n\n\n<p>13&nbsp; Aleksandra, Czes\u0142aw <strong>Zaj\u0105cowie<\/strong><\/p>\n\n\n\n<p><strong>&nbsp;&nbsp;&nbsp;&nbsp;&nbsp; Elektrycy<\/strong><\/p>\n\n\n\n<p>14&nbsp; Ewa, Emil <strong>Borzy\u0144scy<\/strong><\/p>\n\n\n\n<p>15. Aleksandra, Andrzej <strong>Dudowie<\/strong>,<strong><\/strong><\/p>\n\n\n\n<p>16&nbsp; El\u017cbieta, Tomasz <strong>Listwanowie.<\/strong><\/p>\n\n\n\n<p>Tym wspania\u0142ym parom gratulujemy i \u017cyczymy wielu dalszych lat prze\u017cytych wsp\u00f3lnie. To wzruszaj\u0105ce i buduj\u0105ce.<\/p>\n\n\n\n<p>Uroczysto\u015b\u0107 13 wrze\u015bnia przebieg\u0142a bardzo sprawnie i zgodnie z przyj\u0119tym i okrzep\u0142ym ju\u017c programem. Pojawi\u0142 si\u0119 natomiast drugi, ciekawy i mi\u0142y akcent. W imieniu immatrykulowanych chcia\u0142o przem\u00f3wi\u0107 i podzi\u0119kowa\u0107 wielu zgromadzonych. W\u015br\u00f3d nich byli mi\u0119dzy innymi: prof. Jan Deja wybitny specjalista z zakresu technologii materia\u0142\u00f3w budowlanych, prezes Zarz\u0105du Sp\u00f3\u0142ki z o.o. \u201ePolski Cement\u201d cz\u0142onek \u2014 za\u0142o\u017cyciel Stowarzyszenia Producent\u00f3w Betonu Towarowego, cz\u0142onek Polskiego Towarzystwa Ceramicznego i\u00a0 by\u0142y Prodziekan Wydzia\u0142u In\u017cynierii Materia\u0142owej i Ceramiki.<\/p>\n\n\n\n<figure class=\"wp-block-image size-full\"><a href=\"https:\/\/swagh.agh.edu.pl\/wp-content\/uploads\/2024\/09\/image-28.png\"><img loading=\"lazy\" decoding=\"async\" width=\"945\" height=\"631\" src=\"https:\/\/swagh.agh.edu.pl\/wp-content\/uploads\/2024\/09\/image-28.png\" alt=\"\" class=\"wp-image-6920\" srcset=\"https:\/\/swagh.agh.edu.pl\/wp-content\/uploads\/2024\/09\/image-28.png 945w, https:\/\/swagh.agh.edu.pl\/wp-content\/uploads\/2024\/09\/image-28-300x200.png 300w, https:\/\/swagh.agh.edu.pl\/wp-content\/uploads\/2024\/09\/image-28-768x513.png 768w, https:\/\/swagh.agh.edu.pl\/wp-content\/uploads\/2024\/09\/image-28-420x280.png 420w\" sizes=\"auto, (max-width: 945px) 100vw, 945px\" \/><\/a><figcaption><em>Przem\u00f3wienie prof. Jana Dei. (fot. S. Malik)<\/em><\/figcaption><\/figure>\n\n\n\n<p>Bardzo ciep\u0142e s\u0142owa skierowa\u0142 do kierownictwa uczelni i Stowarzyszenia Wychowank\u00f3w AGH \u00a0mgr in\u017c. Andrzej Czerwi\u0144ski \u2013 znany polski polityk, samorz\u0105dowiec, prezydent Nowego S\u0105cza w latach 1994\u20132001, pose\u0142 na Sejm IV, <a href=\"https:\/\/pl.wikipedia.org\/wiki\/Pos%C5%82owie_na_Sejm_Rzeczypospolitej_Polskiej_V_kadencji_(2005%E2%80%932007)\">V<\/a>, <a href=\"https:\/\/pl.wikipedia.org\/wiki\/Pos%C5%82owie_na_Sejm_Rzeczypospolitej_Polskiej_VI_kadencji\">V<\/a>I, VII i VIII kadencji, w 2015 minister skarbu pa\u0144stwa. Wyst\u0105pienie tych dw\u00f3ch absolwent\u00f3w potwierdza wszechstronno\u015b\u0107 wykszta\u0142cenia do pe\u0142nienia najr\u00f3\u017cniejszych wa\u017cnych funkcji w \u017cyciu naukowym,\u00a0 gospodarczym i\u00a0spo\u0142ecznym Polski.<\/p>\n\n\n\n<figure class=\"wp-block-image size-full\"><a href=\"https:\/\/swagh.agh.edu.pl\/wp-content\/uploads\/2024\/09\/image-29.png\"><img loading=\"lazy\" decoding=\"async\" width=\"945\" height=\"631\" src=\"https:\/\/swagh.agh.edu.pl\/wp-content\/uploads\/2024\/09\/image-29.png\" alt=\"\" class=\"wp-image-6921\" srcset=\"https:\/\/swagh.agh.edu.pl\/wp-content\/uploads\/2024\/09\/image-29.png 945w, https:\/\/swagh.agh.edu.pl\/wp-content\/uploads\/2024\/09\/image-29-300x200.png 300w, https:\/\/swagh.agh.edu.pl\/wp-content\/uploads\/2024\/09\/image-29-768x513.png 768w, https:\/\/swagh.agh.edu.pl\/wp-content\/uploads\/2024\/09\/image-29-420x280.png 420w\" sizes=\"auto, (max-width: 945px) 100vw, 945px\" \/><\/a><figcaption><em>Wyrazy wdzi\u0119czno\u015bci od by\u0142ego Ministra Skarbu, Pos\u0142a na Sejm i Prezydenta Nowego S\u0105cza \u2013 Andrzeja Czerwi\u0144skiego.(fot. S. Malik)<\/em><\/figcaption><\/figure>\n\n\n\n<p>Kultowe pami\u0105tkowe zdj\u0119cie pod Staszicem zgromadzi\u0142o wszystkich uczestnik\u00f3w.<\/p>\n\n\n\n<figure class=\"wp-block-image size-full\"><a href=\"https:\/\/swagh.agh.edu.pl\/wp-content\/uploads\/2024\/09\/image-30.png\"><img loading=\"lazy\" decoding=\"async\" width=\"945\" height=\"631\" src=\"https:\/\/swagh.agh.edu.pl\/wp-content\/uploads\/2024\/09\/image-30.png\" alt=\"\" class=\"wp-image-6922\" srcset=\"https:\/\/swagh.agh.edu.pl\/wp-content\/uploads\/2024\/09\/image-30.png 945w, https:\/\/swagh.agh.edu.pl\/wp-content\/uploads\/2024\/09\/image-30-300x200.png 300w, https:\/\/swagh.agh.edu.pl\/wp-content\/uploads\/2024\/09\/image-30-768x513.png 768w, https:\/\/swagh.agh.edu.pl\/wp-content\/uploads\/2024\/09\/image-30-420x280.png 420w\" sizes=\"auto, (max-width: 945px) 100vw, 945px\" \/><\/a><figcaption><em>Uczestnicy w holu g\u0142\u00f3wnym pawilonu A-0. (fot. S. Malik)<\/em><\/figcaption><\/figure>\n\n\n\n<p>Podobnie radosna atmosfera panowa\u0142a na obiedzie Jubilat\u00f3w. Przybyli i przem\u00f3wili do absolwent\u00f3w wszyscy dziekani \u015bwi\u0119tuj\u0105cych wydzia\u0142\u00f3w. Po uroczystym obiedzie poszczeg\u00f3lne grypy \u015bwi\u0119towa\u0142y dalej w swoich grupach.<\/p>\n\n\n\n<p>Prowadz\u0105cy spotkanie Prezes SW AGH prof. Piotr Czaja dzi\u0119kuj\u0105c wszystkim z\u0142o\u017cy\u0142 \u017cyczenia i zaprosi\u0142 wszystkich na kolejn\u0105 uroczysto\u015b\u0107 za 5 lat, kt\u00f3r\u0105 b\u0119dzie wr\u0119czenie \u201eZ\u0141OTYCH DYPLOM\u00d3W\u201d.<\/p>\n\n\n\n<p>Relacje przygotowa\u0142:<\/p>\n\n\n\n<p>Prof. Piotr Czaja<\/p>\n\n\n\n<p>Prezes SW AGH<\/p>\n","protected":false},"excerpt":{"rendered":"<p>Jak ju\u017c informowali\u015bmy \u2013 przybywa nam wydzia\u0142\u00f3w starszych od 50 lat, a wi\u0119c uprawnionych do udzia\u0142u w uroczystej ponownej&nbsp; immatrykulacji po 50 latach. Z tego wzgl\u0119du zmienili\u015bmy harmonogram uroczysto\u015bci. Z\u0142ote indeksy w roku 2024&nbsp; wr\u0119czane<\/p>\n","protected":false},"author":1,"featured_media":6923,"comment_status":"closed","ping_status":"open","sticky":false,"template":"","format":"standard","meta":{"footnotes":"","_links_to":"","_links_to_target":""},"categories":[1],"tags":[],"class_list":["post-6917","post","type-post","status-publish","format-standard","has-post-thumbnail","hentry","category-bez-kategorii"],"_links":{"self":[{"href":"https:\/\/swagh.agh.edu.pl\/index.php?rest_route=\/wp\/v2\/posts\/6917","targetHints":{"allow":["GET"]}}],"collection":[{"href":"https:\/\/swagh.agh.edu.pl\/index.php?rest_route=\/wp\/v2\/posts"}],"about":[{"href":"https:\/\/swagh.agh.edu.pl\/index.php?rest_route=\/wp\/v2\/types\/post"}],"author":[{"embeddable":true,"href":"https:\/\/swagh.agh.edu.pl\/index.php?rest_route=\/wp\/v2\/users\/1"}],"replies":[{"embeddable":true,"href":"https:\/\/swagh.agh.edu.pl\/index.php?rest_route=%2Fwp%2Fv2%2Fcomments&post=6917"}],"version-history":[{"count":1,"href":"https:\/\/swagh.agh.edu.pl\/index.php?rest_route=\/wp\/v2\/posts\/6917\/revisions"}],"predecessor-version":[{"id":6924,"href":"https:\/\/swagh.agh.edu.pl\/index.php?rest_route=\/wp\/v2\/posts\/6917\/revisions\/6924"}],"wp:featuredmedia":[{"embeddable":true,"href":"https:\/\/swagh.agh.edu.pl\/index.php?rest_route=\/wp\/v2\/media\/6923"}],"wp:attachment":[{"href":"https:\/\/swagh.agh.edu.pl\/index.php?rest_route=%2Fwp%2Fv2%2Fmedia&parent=6917"}],"wp:term":[{"taxonomy":"category","embeddable":true,"href":"https:\/\/swagh.agh.edu.pl\/index.php?rest_route=%2Fwp%2Fv2%2Fcategories&post=6917"},{"taxonomy":"post_tag","embeddable":true,"href":"https:\/\/swagh.agh.edu.pl\/index.php?rest_route=%2Fwp%2Fv2%2Ftags&post=6917"}],"curies":[{"name":"wp","href":"https:\/\/api.w.org\/{rel}","templated":true}]}}