{"id":6971,"date":"2024-11-08T09:23:21","date_gmt":"2024-11-08T08:23:21","guid":{"rendered":"https:\/\/swagh.agh.edu.pl\/?p=6971"},"modified":"2024-11-14T07:45:48","modified_gmt":"2024-11-14T06:45:48","slug":"wspomnienie-o-sp-profesorze-tadeuszu-karwanie-w-i-rocznice-smierci","status":"publish","type":"post","link":"https:\/\/swagh.agh.edu.pl\/?p=6971","title":{"rendered":"Wspomnienie o \u015bp. Profesorze Tadeuszu Karwanie w I rocznic\u0119 \u015bmierci"},"content":{"rendered":"\n<p>Min\u0105\u0142 ju\u017c rok od \u015bmierci \u015bp. Pana Profesora Tadeusza Karwana.<\/p>\n\n\n\n<p>Moja znajomo\u015b\u0107 i dobre relacje z Panem Profesorem si\u0119gaj\u0105 czasu moich studi\u00f3w, lat siedemdziesi\u0105tych ubieg\u0142ego wieku. Co prawda, z racji r\u00f3\u017cnych obszar\u00f3w dzia\u0142alno\u015bci naukowej Pana Profesora i kierunku moich studi\u00f3w, nie mia\u0142em przyjemno\u015bci uczestniczenia w zaj\u0119ciach, prowadzonych przez Pana Profesora, s\u0142uchania Jego wyk\u0142ad\u00f3w z obszaru metalurgii ekstrakcyjnej metali nie\u017celaznych, ale \u0142\u0105czy\u0142y nas bardzo dobre relacje w obszarze dzia\u0142alno\u015bci organizacyjnej i spo\u0142ecznej na rzecz Wydzia\u0142u i Uczelni. Pan Profesor by\u0142 w czasie moich studi\u00f3w prodziekanem Wydzia\u0142u Metali Nie\u017celaznych i dyrektorem Instytutu Metali Nie\u017celaznych AGH, a ja aktywnie dzia\u0142a\u0142em na rzecz spo\u0142eczno\u015bci student\u00f3w, reprezentowa\u0142em kole\u017canki i koleg\u00f3w m.in. w relacjach z w\u0142adzami. Zawsze spotykali\u015bmy si\u0119 z wyj\u0105tkowym zrozumieniem i \u017cyczliwo\u015bci\u0105. <mark style=\"background-color:rgba(0, 0, 0, 0);color:#952626\" class=\"has-inline-color\">P\u00f3\u017aniej nasze drogi przecina\u0142y si\u0119 te\u017c w dzia\u0142alno\u015bci Stowarzyszenia Wychowank\u00f3w AGH, kt\u00f3rego teraz jestem wiceprezesem, przewodnicz\u0105cym Zjazdu w tej kadencji, a Pan Profesor Karwan w ostatnim czasie (do ko\u0144ca swoich dni) by\u0142 w szacownym gremium Rady SW AGH.<\/mark><\/p>\n\n\n\n<p>Ostatnie lata, to wsp\u00f3lne uczestnictwo w wielu N-T Konferencjach Kwartalnych Stowarzyszenia In\u017cynier\u00f3w i Technik\u00f3w Metali Nie\u017celaznych. Moje, jako jego wiceprezesa przez z g\u00f3r\u0105 dwadzie\u015bcia lat, teraz ju\u017c honorowego, Pana Profesora \u2013 wybitnego eksperta w obszarze metalurgii metali nie\u017celaznych. Ka\u017cdy w swoim czasie, byli\u015bmy te\u017c prezesami Ko\u0142a wydzia\u0142owego \u2013 Pan Profesor SITPH, ja SITPH, p\u00f3\u017aniej SITMN. W ostatnim czasie \u0142\u0105czy\u0142o nas uczestnictwo w spotkaniach i konferencjach Konwentu Mened\u017cera Seniora SITMN (moje, jako przedstawiciela w\u0142adz Stowarzyszenia). S\u0142uchanie interesuj\u0105cych seminari\u00f3w Pana Profesora na tych posiedzeniach by\u0142o prawdziw\u0105 przyjemno\u015bci\u0105, dawa\u0142o wiele satysfakcji, wzbudza\u0142o ogromne zainteresowanie wszystkich uczestnik\u00f3w, niekiedy wspomnienia\u2026 Wielokrotnie zapewnia\u0142em transport Panu Profesorowi, zabieraj\u0105c Go i odwo\u017c\u0105c pod pr\u00f3g Jego domu, a po drodze s\u0142uchaj\u0105c wielu interesuj\u0105cych historii, najcz\u0119\u015bciej zwi\u0105zanych z \u017cyciem zawodowym Profesora. Umawiali\u015bmy si\u0119 na kolejne wsp\u00f3lne wyjazdy\u2026 <\/p>\n\n\n\n<p>Niestety, \u017cycie przynosi niekiedy najmniej spodziewane, zaskakuj\u0105ce sytuacje. W dniu po\u017cegnania Pana Profesora na Cmentarzu Rakowickim w Krakowie, w czasie pogrzebu mia\u0142em w Instytucie Fizyki J\u0105drowej przymiark\u0119 maski do zabieg\u00f3w terapii protonowej. A odbywa\u0142o si\u0119 to wszystko w dniu moich imienin&#8230;<\/p>\n\n\n\n<p>Odej\u015bcie Pana Profesora, to wielka strata dla ca\u0142ego \u015brodowiska metali nie\u017celaznych w Polsce. <\/p>\n\n\n\n<p>W moim sercu, wspomnieniach pozostanie na zawsze.<\/p>\n\n\n\n<p>Wac\u0142aw Muzykiewicz<br>em. Profesor AGH<\/p>\n\n\n\n<p>Krak\u00f3w, pa\u017adziernik 2024<\/p>\n\n\n\n<p><\/p>\n","protected":false},"excerpt":{"rendered":"<p>Min\u0105\u0142 ju\u017c rok od \u015bmierci \u015bp. Pana Profesora Tadeusza Karwana. Moja znajomo\u015b\u0107 i dobre relacje z Panem Profesorem si\u0119gaj\u0105 czasu moich studi\u00f3w, lat siedemdziesi\u0105tych ubieg\u0142ego wieku. Co prawda, z racji r\u00f3\u017cnych obszar\u00f3w dzia\u0142alno\u015bci naukowej Pana<\/p>\n","protected":false},"author":1,"featured_media":6972,"comment_status":"closed","ping_status":"open","sticky":false,"template":"","format":"standard","meta":{"footnotes":"","_links_to":"","_links_to_target":""},"categories":[1],"tags":[],"class_list":["post-6971","post","type-post","status-publish","format-standard","has-post-thumbnail","hentry","category-bez-kategorii"],"_links":{"self":[{"href":"https:\/\/swagh.agh.edu.pl\/index.php?rest_route=\/wp\/v2\/posts\/6971","targetHints":{"allow":["GET"]}}],"collection":[{"href":"https:\/\/swagh.agh.edu.pl\/index.php?rest_route=\/wp\/v2\/posts"}],"about":[{"href":"https:\/\/swagh.agh.edu.pl\/index.php?rest_route=\/wp\/v2\/types\/post"}],"author":[{"embeddable":true,"href":"https:\/\/swagh.agh.edu.pl\/index.php?rest_route=\/wp\/v2\/users\/1"}],"replies":[{"embeddable":true,"href":"https:\/\/swagh.agh.edu.pl\/index.php?rest_route=%2Fwp%2Fv2%2Fcomments&post=6971"}],"version-history":[{"count":2,"href":"https:\/\/swagh.agh.edu.pl\/index.php?rest_route=\/wp\/v2\/posts\/6971\/revisions"}],"predecessor-version":[{"id":7022,"href":"https:\/\/swagh.agh.edu.pl\/index.php?rest_route=\/wp\/v2\/posts\/6971\/revisions\/7022"}],"wp:featuredmedia":[{"embeddable":true,"href":"https:\/\/swagh.agh.edu.pl\/index.php?rest_route=\/wp\/v2\/media\/6972"}],"wp:attachment":[{"href":"https:\/\/swagh.agh.edu.pl\/index.php?rest_route=%2Fwp%2Fv2%2Fmedia&parent=6971"}],"wp:term":[{"taxonomy":"category","embeddable":true,"href":"https:\/\/swagh.agh.edu.pl\/index.php?rest_route=%2Fwp%2Fv2%2Fcategories&post=6971"},{"taxonomy":"post_tag","embeddable":true,"href":"https:\/\/swagh.agh.edu.pl\/index.php?rest_route=%2Fwp%2Fv2%2Ftags&post=6971"}],"curies":[{"name":"wp","href":"https:\/\/api.w.org\/{rel}","templated":true}]}}