{"id":7011,"date":"2024-11-12T09:48:15","date_gmt":"2024-11-12T08:48:15","guid":{"rendered":"https:\/\/swagh.agh.edu.pl\/?p=7011"},"modified":"2024-11-12T09:49:52","modified_gmt":"2024-11-12T08:49:52","slug":"spacer-pamieci-zaduszki-2024","status":"publish","type":"post","link":"https:\/\/swagh.agh.edu.pl\/?p=7011","title":{"rendered":"SPACER PAMI\u0118CI \u2013 ZADUSZKI 2024"},"content":{"rendered":"\n<p>W dniu 2 listopada, kiedy obchodzony jest powszechnie tzw. Dzie\u0144 Zaduszny&nbsp; delegacja &nbsp;SW AGH z&nbsp;prezesem prof. Piotrem Czaj\u0105 odby\u0142a czterogodzinny spacer pami\u0119ci po Cmentarzu Rakowickim.<\/p>\n\n\n\n<p>Delegacja zapali\u0142a symboliczne lampki pami\u0119ci na 42 grobach zmar\u0142ych profesor\u00f3w AGH\u00a0 w tym rektor\u00f3w: prof. Jana Anio\u0142y, prof. Walerego Goetla, prof. Witolda Budryka, prof. Antoniego Kleczkowskiego, prof. Miros\u0142awa Handke, oraz innych profesor\u00f3w spoczywaj\u0105cych na tej nekropolii\u00a0 jak dziekani: prof. Stanis\u0142aw Knothe, \u00a0prof. Janusz Roszkowski , prof. Jacek Zabierowski, \u00a0prof. Kazimierz Czopek, czy prof. Zbigniew Strzelecki i prof. Witold \u017babicki. \u00a0<\/p>\n\n\n\n<figure class=\"wp-block-gallery has-nested-images columns-default is-cropped wp-block-gallery-1 is-layout-flex wp-block-gallery-is-layout-flex\">\n<figure class=\"wp-block-image size-large\"><a href=\"https:\/\/swagh.agh.edu.pl\/wp-content\/uploads\/2024\/11\/222.jpg\"><img loading=\"lazy\" decoding=\"async\" width=\"448\" height=\"597\" data-id=\"7012\" src=\"https:\/\/swagh.agh.edu.pl\/wp-content\/uploads\/2024\/11\/222.jpg\" alt=\"\" class=\"wp-image-7012\" srcset=\"https:\/\/swagh.agh.edu.pl\/wp-content\/uploads\/2024\/11\/222.jpg 448w, https:\/\/swagh.agh.edu.pl\/wp-content\/uploads\/2024\/11\/222-225x300.jpg 225w\" sizes=\"auto, (max-width: 448px) 100vw, 448px\" \/><\/a><\/figure>\n\n\n\n<figure class=\"wp-block-image size-full\"><a href=\"https:\/\/swagh.agh.edu.pl\/wp-content\/uploads\/2024\/11\/333-1-rotated.jpg\"><img loading=\"lazy\" decoding=\"async\" width=\"676\" height=\"901\" data-id=\"7014\" src=\"https:\/\/swagh.agh.edu.pl\/wp-content\/uploads\/2024\/11\/333-1-rotated.jpg\" alt=\"\" class=\"wp-image-7014\" srcset=\"https:\/\/swagh.agh.edu.pl\/wp-content\/uploads\/2024\/11\/333-1-rotated.jpg 676w, https:\/\/swagh.agh.edu.pl\/wp-content\/uploads\/2024\/11\/333-1-225x300.jpg 225w\" sizes=\"auto, (max-width: 676px) 100vw, 676px\" \/><\/a><\/figure>\n<\/figure>\n\n\n\n<p class=\"has-text-align-center\"><em>\u015alady pami\u0119ci na grobie prof. W. Goetla\u00a0 i prof. W. Budryka. (fot. P. Czaja)<\/em><\/p>\n\n\n\n<p>Lampk\u0119 pami\u0119ci&nbsp; zapalono tak\u017ce na grobie wieloletniego prezesa Stowarzyszenia Wychowank\u00f3w AGH prof. &nbsp;W\u0142adys\u0142awa Longi&nbsp; oraz &nbsp;wiece zas\u0142u\u017conej dla Stowarzyszenia dr Krystyny Norwicz.<\/p>\n\n\n\n<p>Mamy ich w naszych sercach!<\/p>\n\n\n\n<p><strong>Niech spoczywaj\u0105 w pokoju!<\/strong><\/p>\n\n\n\n<p><\/p>\n","protected":false},"excerpt":{"rendered":"<p>W dniu 2 listopada, kiedy obchodzony jest powszechnie tzw. Dzie\u0144 Zaduszny&nbsp; delegacja &nbsp;SW AGH z&nbsp;prezesem prof. Piotrem Czaj\u0105 odby\u0142a czterogodzinny spacer pami\u0119ci po Cmentarzu Rakowickim. Delegacja zapali\u0142a symboliczne lampki pami\u0119ci na 42 grobach zmar\u0142ych profesor\u00f3w<\/p>\n","protected":false},"author":1,"featured_media":7017,"comment_status":"closed","ping_status":"open","sticky":false,"template":"","format":"standard","meta":{"footnotes":"","_links_to":"","_links_to_target":""},"categories":[1],"tags":[],"class_list":["post-7011","post","type-post","status-publish","format-standard","has-post-thumbnail","hentry","category-bez-kategorii"],"_links":{"self":[{"href":"https:\/\/swagh.agh.edu.pl\/index.php?rest_route=\/wp\/v2\/posts\/7011","targetHints":{"allow":["GET"]}}],"collection":[{"href":"https:\/\/swagh.agh.edu.pl\/index.php?rest_route=\/wp\/v2\/posts"}],"about":[{"href":"https:\/\/swagh.agh.edu.pl\/index.php?rest_route=\/wp\/v2\/types\/post"}],"author":[{"embeddable":true,"href":"https:\/\/swagh.agh.edu.pl\/index.php?rest_route=\/wp\/v2\/users\/1"}],"replies":[{"embeddable":true,"href":"https:\/\/swagh.agh.edu.pl\/index.php?rest_route=%2Fwp%2Fv2%2Fcomments&post=7011"}],"version-history":[{"count":1,"href":"https:\/\/swagh.agh.edu.pl\/index.php?rest_route=\/wp\/v2\/posts\/7011\/revisions"}],"predecessor-version":[{"id":7016,"href":"https:\/\/swagh.agh.edu.pl\/index.php?rest_route=\/wp\/v2\/posts\/7011\/revisions\/7016"}],"wp:featuredmedia":[{"embeddable":true,"href":"https:\/\/swagh.agh.edu.pl\/index.php?rest_route=\/wp\/v2\/media\/7017"}],"wp:attachment":[{"href":"https:\/\/swagh.agh.edu.pl\/index.php?rest_route=%2Fwp%2Fv2%2Fmedia&parent=7011"}],"wp:term":[{"taxonomy":"category","embeddable":true,"href":"https:\/\/swagh.agh.edu.pl\/index.php?rest_route=%2Fwp%2Fv2%2Fcategories&post=7011"},{"taxonomy":"post_tag","embeddable":true,"href":"https:\/\/swagh.agh.edu.pl\/index.php?rest_route=%2Fwp%2Fv2%2Ftags&post=7011"}],"curies":[{"name":"wp","href":"https:\/\/api.w.org\/{rel}","templated":true}]}}