{"id":7103,"date":"2025-01-13T08:21:31","date_gmt":"2025-01-13T07:21:31","guid":{"rendered":"https:\/\/swagh.agh.edu.pl\/?p=7103"},"modified":"2025-01-13T08:21:32","modified_gmt":"2025-01-13T07:21:32","slug":"li-olimpiada-wiedzy-technicznej-zawody-okregowe-w-malopolsce","status":"publish","type":"post","link":"https:\/\/swagh.agh.edu.pl\/?p=7103","title":{"rendered":"LI Olimpiada Wiedzy Technicznej \u2013 zawody okr\u0119gowe w Ma\u0142opolsce"},"content":{"rendered":"\n<p>W dniu 8 stycznia 2025 r. na Wydziale Mechanicznym Politechniki Krakowskiej odby\u0142y si\u0119 zawody okr\u0119gowe 51. Edycji Olimpiady Wiedzy Technicznej.<\/p>\n\n\n\n<p>Zawody zosta\u0142y obj\u0119te Honorowym Patronatem Marsza\u0142ka Wojew\u00f3dztwa Ma\u0142opolskiego <strong>Pana \u0141ukasza Sm\u00f3\u0142ki<\/strong>.<\/p>\n\n\n\n<p>Patronami Wydarzenia s\u0105:<\/p>\n\n\n\n<ul class=\"wp-block-list\">\n<li>mgr in\u017c. Miros\u0142aw Boryczko &#8211; Przewodnicz\u0105cy Ma\u0142opolskiej Okr\u0119gowej Izby In\u017cynier\u00f3w Budownictwa w Krakowie,<\/li>\n\n\n\n<li>prof. dr hab. in\u017c. Jerzy S\u0142adek &#8211; Dziekan Wydzia\u0142u Mechanicznego Politechniki Krakowskiej im. Tadeusza Ko\u015bciuszki,<\/li>\n\n\n\n<li>dr hab. in\u017c. Lucyna Domaga\u0142a, prof. PK\u00a0 Dziekan Wydzia\u0142u In\u017cynierii L\u0105dowej Politechniki Krakowskiej im. Tadeusza Ko\u015bciuszki,<\/li>\n\n\n\n<li>dr hab. in\u017c. Maciej Su\u0142owicz, prof. PK\u00a0 Dziekan Wydzia\u0142u In\u017cynierii Elektrycznej i Komputerowej Politechniki Krakowskiej im. Tadeusza Ko\u015bciuszki,<\/li>\n\n\n\n<li>in\u017c. Maciej Burnus\u00a0 Prezes Stowarzyszenia Elektryk\u00f3w Polskich O\/Krak\u00f3w,<\/li>\n\n\n\n<li>dr hab. in\u017c. Filip Pachla, prof. PK Przewodnicz\u0105cy Zarz\u0105du Oddzia\u0142u Ma\u0142opolskiego Polskiego Zwi\u0105zku In\u017cynier\u00f3w i Technik\u00f3w Budownictwa.<\/li>\n\n\n\n<li>Prof. dr hab. in\u017c. Piotr Czaja \u2013 Prezes Stowarzyszenia Wychowank\u00f3w AGH,<\/li>\n\n\n\n<li>Izabela Paluch \u2013 Prezes Stowarzyszenia Wychowank\u00f3w Politechniki Krakowskiej im. Tadeusza Ko\u015bciuszki,.<\/li>\n<\/ul>\n\n\n\n<p>Patronat Medialny nad Olimpiad\u0105 obj\u0119\u0142o&nbsp;\u201eRadio Krak\u00f3w\u201d S.A. oraz \u201eTVP3 Krak\u00f3w \u201d S.A.<\/p>\n\n\n\n<p>W tym roku&nbsp;do etapu okr\u0119gowego z zakwalifikowa\u0142o si\u0119 w Ma\u0142opolsce 21 uczestnik\u00f3w<br>z pi\u0119ciu szk\u00f3\u0142:&nbsp;<\/p>\n\n\n\n<p>Zesp\u00f3\u0142 Szk\u00f3\u0142 Energetycznych w Krakowie<\/p>\n\n\n\n<p>Centrum Kszta\u0142cenia Zawodowego&nbsp;i Ustawicznego nr 2 w Wadowicach<\/p>\n\n\n\n<p>Zesp\u00f3\u0142 Szk\u00f3\u0142 \u0141\u0105czno\u015bci w Krakowie<\/p>\n\n\n\n<p>Zesp\u00f3\u0142 Szk\u00f3\u0142 Elektrycznych Nr 1 w Krakowie<\/p>\n\n\n\n<p>Zesp\u00f3\u0142 Szk\u00f3\u0142 Nr 1 im. \u015bw. Rafa\u0142a Kalinowskiego w Krakowie<\/p>\n\n\n\n<figure class=\"wp-block-image size-full\"><a href=\"https:\/\/swagh.agh.edu.pl\/wp-content\/uploads\/2025\/01\/image-5.png\"><img loading=\"lazy\" decoding=\"async\" width=\"777\" height=\"583\" src=\"https:\/\/swagh.agh.edu.pl\/wp-content\/uploads\/2025\/01\/image-5.png\" alt=\"\" class=\"wp-image-7105\" srcset=\"https:\/\/swagh.agh.edu.pl\/wp-content\/uploads\/2025\/01\/image-5.png 777w, https:\/\/swagh.agh.edu.pl\/wp-content\/uploads\/2025\/01\/image-5-300x225.png 300w, https:\/\/swagh.agh.edu.pl\/wp-content\/uploads\/2025\/01\/image-5-768x576.png 768w\" sizes=\"auto, (max-width: 777px) 100vw, 777px\" \/><\/a><\/figure>\n\n\n\n<p class=\"has-text-align-center\"><em>Uczestniczy zawod\u00f3w \u2013 laureaci Etapu I Olimpiady. (fot. P. Czaja)<\/em><\/p>\n\n\n\n<p>Uczestnik\u00f3w uroczystego otwarcia Olimpiady przywita\u0142 prodziekan Wydzia\u0142u Mechanicznego Politechniki Krakowskiej dr hab. in\u017c. Bogdan Szybi\u0144ski, prof. PK, kt\u00f3ry \u017cyczy\u0142 bardzo dobrych wynik\u00f3w, cho\u0107 zaznaczy\u0142, \u017ce wszyscy uczestnicz\u0105cy w tej rozgrywce uczniowie s\u0105 ju\u017c zwyci\u0119zcami, gdy\u017c prze\u0142amali wewn\u0119trzny op\u00f3r prezentowania swoich zdolno\u015bci i predyspozycji do wsp\u00f3\u0142zawodnictwa z innymi.<\/p>\n\n\n<div class=\"wp-block-image\">\n<figure class=\"aligncenter size-full\"><a href=\"https:\/\/swagh.agh.edu.pl\/wp-content\/uploads\/2025\/01\/image-6.png\"><img loading=\"lazy\" decoding=\"async\" width=\"764\" height=\"573\" src=\"https:\/\/swagh.agh.edu.pl\/wp-content\/uploads\/2025\/01\/image-6.png\" alt=\"\" class=\"wp-image-7106\" srcset=\"https:\/\/swagh.agh.edu.pl\/wp-content\/uploads\/2025\/01\/image-6.png 764w, https:\/\/swagh.agh.edu.pl\/wp-content\/uploads\/2025\/01\/image-6-300x225.png 300w\" sizes=\"auto, (max-width: 764px) 100vw, 764px\" \/><\/a><\/figure>\n<\/div>\n\n\n<p class=\"has-text-align-center\"><em>Powitanie uczestnik\u00f3w przez prodziekana profesora B. Szybi\u0144skiego. (fot. P. Czaja)<\/em><\/p>\n\n\n\n<p>Zasady przebiegu zawod\u00f3w obja\u015bni\u0142a prowadz\u0105ca projekt w Federacji NOT, po czym uczestnicy zostali skierowani do sal komputerowych, gdzie o godz. 10.00 rozpocz\u0119\u0142a si\u0119 w\u0142a\u015bciwa praca nad rozwi\u0105zaniem zada\u0144.<\/p>\n\n\n\n<figure class=\"wp-block-image size-full\"><a href=\"https:\/\/swagh.agh.edu.pl\/wp-content\/uploads\/2025\/01\/image-7.png\"><img loading=\"lazy\" decoding=\"async\" width=\"864\" height=\"773\" src=\"https:\/\/swagh.agh.edu.pl\/wp-content\/uploads\/2025\/01\/image-7.png\" alt=\"\" class=\"wp-image-7107\" srcset=\"https:\/\/swagh.agh.edu.pl\/wp-content\/uploads\/2025\/01\/image-7.png 864w, https:\/\/swagh.agh.edu.pl\/wp-content\/uploads\/2025\/01\/image-7-300x268.png 300w, https:\/\/swagh.agh.edu.pl\/wp-content\/uploads\/2025\/01\/image-7-768x687.png 768w\" sizes=\"auto, (max-width: 864px) 100vw, 864px\" \/><\/a><\/figure>\n\n\n\n<p class=\"has-text-align-center\"><em>Prezentacja regulaminu zawod\u00f3w oraz harmonogramu tego etapu konkursu. (fot. FSNT -NOT)<\/em><\/p>\n\n\n\n<p>Stowarzyszenie Wychowank\u00f3w AGH \u017cyczy uczestnikom dalszych sukces\u00f3w.<br>Do zobaczenia na studiach w AGH.<\/p>\n\n\n\n<p>Prof. Piotr Czaja<br>Prezes SW AGH<\/p>\n","protected":false},"excerpt":{"rendered":"<p>W dniu 8 stycznia 2025 r. na Wydziale Mechanicznym Politechniki Krakowskiej odby\u0142y si\u0119 zawody okr\u0119gowe 51. Edycji Olimpiady Wiedzy Technicznej. Zawody zosta\u0142y obj\u0119te Honorowym Patronatem Marsza\u0142ka Wojew\u00f3dztwa Ma\u0142opolskiego Pana \u0141ukasza Sm\u00f3\u0142ki. Patronami Wydarzenia s\u0105: Patronat<\/p>\n","protected":false},"author":1,"featured_media":7104,"comment_status":"closed","ping_status":"open","sticky":false,"template":"","format":"standard","meta":{"footnotes":"","_links_to":"","_links_to_target":""},"categories":[1],"tags":[],"class_list":["post-7103","post","type-post","status-publish","format-standard","has-post-thumbnail","hentry","category-bez-kategorii"],"_links":{"self":[{"href":"https:\/\/swagh.agh.edu.pl\/index.php?rest_route=\/wp\/v2\/posts\/7103","targetHints":{"allow":["GET"]}}],"collection":[{"href":"https:\/\/swagh.agh.edu.pl\/index.php?rest_route=\/wp\/v2\/posts"}],"about":[{"href":"https:\/\/swagh.agh.edu.pl\/index.php?rest_route=\/wp\/v2\/types\/post"}],"author":[{"embeddable":true,"href":"https:\/\/swagh.agh.edu.pl\/index.php?rest_route=\/wp\/v2\/users\/1"}],"replies":[{"embeddable":true,"href":"https:\/\/swagh.agh.edu.pl\/index.php?rest_route=%2Fwp%2Fv2%2Fcomments&post=7103"}],"version-history":[{"count":1,"href":"https:\/\/swagh.agh.edu.pl\/index.php?rest_route=\/wp\/v2\/posts\/7103\/revisions"}],"predecessor-version":[{"id":7108,"href":"https:\/\/swagh.agh.edu.pl\/index.php?rest_route=\/wp\/v2\/posts\/7103\/revisions\/7108"}],"wp:featuredmedia":[{"embeddable":true,"href":"https:\/\/swagh.agh.edu.pl\/index.php?rest_route=\/wp\/v2\/media\/7104"}],"wp:attachment":[{"href":"https:\/\/swagh.agh.edu.pl\/index.php?rest_route=%2Fwp%2Fv2%2Fmedia&parent=7103"}],"wp:term":[{"taxonomy":"category","embeddable":true,"href":"https:\/\/swagh.agh.edu.pl\/index.php?rest_route=%2Fwp%2Fv2%2Fcategories&post=7103"},{"taxonomy":"post_tag","embeddable":true,"href":"https:\/\/swagh.agh.edu.pl\/index.php?rest_route=%2Fwp%2Fv2%2Ftags&post=7103"}],"curies":[{"name":"wp","href":"https:\/\/api.w.org\/{rel}","templated":true}]}}