{"id":7231,"date":"2025-02-13T08:00:02","date_gmt":"2025-02-13T07:00:02","guid":{"rendered":"https:\/\/swagh.agh.edu.pl\/?p=7231"},"modified":"2025-02-13T08:00:03","modified_gmt":"2025-02-13T07:00:03","slug":"doroczne-spotkanie-w-kole-elektromontazu-w-nowej-hucie","status":"publish","type":"post","link":"https:\/\/swagh.agh.edu.pl\/?p=7231","title":{"rendered":"Doroczne spotkanie w Kole \u201eElektromonta\u017cu\u201d w Nowej Hucie"},"content":{"rendered":"\n<p>W dn. 11 lutego 2025 roku w siedzibie nowohuckiego Oddzia\u0142u NOT spotkali si\u0119 na dorocznym zgromadzeniu cz\u0142onkowie Terenowego Ko\u0142a Stowarzyszenia Wychowank\u00f3w AGH przy dawnym \u201eElektromonta\u017cu\u201d. Rzecznik ko\u0142a kol. Adam Ko\u0142odziejski &#8211; jak zwykle \u2013powita\u0142 zebranych w\u015br\u00f3d kt\u00f3rych najwa\u017cniejszym uczestnikiem by\u0142 najstarszy cz\u0142onek Stowarzyszenia Wychowank\u00f3w AGH,&nbsp; <strong>in\u017c. Kazimierz Kromin<\/strong>. Ju\u017c za kilka dni pan Kazimierz uko\u0144czy 100 lat \u017cycia i mimo tak zaawansowanego wieku jest w dobrej formie i zawsze uczestniczy we wszystkich uroczysto\u015bciach organizowanych przez Stowarzyszenie.<\/p>\n\n\n\n<p>W spotkaniu uczestniczy\u0142 Prezes Stowarzyszenia prof. Piotr Czaja, kt\u00f3ry scharakteryzowa\u0142 mijaj\u0105cy rok 2024 oraz przedstawi\u0142 najwa\u017cniejsze zamierzenia na rok 2025. Nale\u017ce\u0107 do nich b\u0119d\u0105 dwa bardzo wa\u017cne jubileusze:<\/p>\n\n\n\n<ul class=\"wp-block-list\">\n<li>100 lat Kazimierza Kromina \u2013 kt\u00f3ry \u015bwi\u0119towa\u0107 b\u0119dziemy ju\u017c w dniu 14 marca 2025 r. Oto zaproszenie na uroczysto\u015b\u0107.<\/li>\n<\/ul>\n\n\n<div class=\"wp-block-image\">\n<figure class=\"aligncenter size-large\"><a href=\"https:\/\/swagh.agh.edu.pl\/wp-content\/uploads\/2025\/02\/zdjecie-zaproszenia.png\"><img loading=\"lazy\" decoding=\"async\" width=\"1024\" height=\"518\" src=\"https:\/\/swagh.agh.edu.pl\/wp-content\/uploads\/2025\/02\/zdjecie-zaproszenia-1024x518.png\" alt=\"\" class=\"wp-image-7233\" srcset=\"https:\/\/swagh.agh.edu.pl\/wp-content\/uploads\/2025\/02\/zdjecie-zaproszenia-1024x518.png 1024w, https:\/\/swagh.agh.edu.pl\/wp-content\/uploads\/2025\/02\/zdjecie-zaproszenia-300x152.png 300w, https:\/\/swagh.agh.edu.pl\/wp-content\/uploads\/2025\/02\/zdjecie-zaproszenia-768x389.png 768w, https:\/\/swagh.agh.edu.pl\/wp-content\/uploads\/2025\/02\/zdjecie-zaproszenia.png 1027w\" sizes=\"auto, (max-width: 1024px) 100vw, 1024px\" \/><\/a><\/figure>\n<\/div>\n\n\n<ul class=\"wp-block-list\">\n<li>Jubileusz \u00a080-lecia Stowarzyszenia Wychowank\u00f3w AGH, kt\u00f3re \u015bwi\u0119towa\u0107 b\u0119dziemy w dniach 19-21.09.2025 r.<\/li>\n<\/ul>\n\n\n\n<p>Po d\u0142ugiej kole\u017ce\u0144skiej rozmowie i tradycyjnych p\u0105czkach wprowadzonych przed laty przez wspomnianego wy\u017cej Jubilata wykonano pami\u0105tkowe zdj\u0119cie.<\/p>\n\n\n\n<figure class=\"wp-block-image size-full\"><a href=\"https:\/\/swagh.agh.edu.pl\/wp-content\/uploads\/2025\/02\/image-1.png\"><img loading=\"lazy\" decoding=\"async\" width=\"945\" height=\"709\" src=\"https:\/\/swagh.agh.edu.pl\/wp-content\/uploads\/2025\/02\/image-1.png\" alt=\"\" class=\"wp-image-7234\" srcset=\"https:\/\/swagh.agh.edu.pl\/wp-content\/uploads\/2025\/02\/image-1.png 945w, https:\/\/swagh.agh.edu.pl\/wp-content\/uploads\/2025\/02\/image-1-300x225.png 300w, https:\/\/swagh.agh.edu.pl\/wp-content\/uploads\/2025\/02\/image-1-768x576.png 768w\" sizes=\"auto, (max-width: 945px) 100vw, 945px\" \/><\/a><\/figure>\n\n\n\n<p>Prezes zaprosi\u0142 zebranych do uczestnictwa w obchodach 80-lecia SW AGH oraz w innych spotkaniach organizowanych przez Stowarzyszenie. Wszystkim obecnym i nieobecnym \u017cyczymy udanego i szcz\u0119\u015bliwego kolejnego roku.<\/p>\n\n\n\n<p>Prezes SW AGH<\/p>\n\n\n\n<p>prof. Piotr Czaja<\/p>\n","protected":false},"excerpt":{"rendered":"<p>W dn. 11 lutego 2025 roku w siedzibie nowohuckiego Oddzia\u0142u NOT spotkali si\u0119 na dorocznym zgromadzeniu cz\u0142onkowie Terenowego Ko\u0142a Stowarzyszenia Wychowank\u00f3w AGH przy dawnym \u201eElektromonta\u017cu\u201d. Rzecznik ko\u0142a kol. Adam Ko\u0142odziejski &#8211; jak zwykle \u2013powita\u0142 zebranych<\/p>\n","protected":false},"author":1,"featured_media":7234,"comment_status":"closed","ping_status":"open","sticky":false,"template":"","format":"standard","meta":{"footnotes":"","_links_to":"","_links_to_target":""},"categories":[1],"tags":[],"class_list":["post-7231","post","type-post","status-publish","format-standard","has-post-thumbnail","hentry","category-bez-kategorii"],"_links":{"self":[{"href":"https:\/\/swagh.agh.edu.pl\/index.php?rest_route=\/wp\/v2\/posts\/7231","targetHints":{"allow":["GET"]}}],"collection":[{"href":"https:\/\/swagh.agh.edu.pl\/index.php?rest_route=\/wp\/v2\/posts"}],"about":[{"href":"https:\/\/swagh.agh.edu.pl\/index.php?rest_route=\/wp\/v2\/types\/post"}],"author":[{"embeddable":true,"href":"https:\/\/swagh.agh.edu.pl\/index.php?rest_route=\/wp\/v2\/users\/1"}],"replies":[{"embeddable":true,"href":"https:\/\/swagh.agh.edu.pl\/index.php?rest_route=%2Fwp%2Fv2%2Fcomments&post=7231"}],"version-history":[{"count":2,"href":"https:\/\/swagh.agh.edu.pl\/index.php?rest_route=\/wp\/v2\/posts\/7231\/revisions"}],"predecessor-version":[{"id":7236,"href":"https:\/\/swagh.agh.edu.pl\/index.php?rest_route=\/wp\/v2\/posts\/7231\/revisions\/7236"}],"wp:featuredmedia":[{"embeddable":true,"href":"https:\/\/swagh.agh.edu.pl\/index.php?rest_route=\/wp\/v2\/media\/7234"}],"wp:attachment":[{"href":"https:\/\/swagh.agh.edu.pl\/index.php?rest_route=%2Fwp%2Fv2%2Fmedia&parent=7231"}],"wp:term":[{"taxonomy":"category","embeddable":true,"href":"https:\/\/swagh.agh.edu.pl\/index.php?rest_route=%2Fwp%2Fv2%2Fcategories&post=7231"},{"taxonomy":"post_tag","embeddable":true,"href":"https:\/\/swagh.agh.edu.pl\/index.php?rest_route=%2Fwp%2Fv2%2Ftags&post=7231"}],"curies":[{"name":"wp","href":"https:\/\/api.w.org\/{rel}","templated":true}]}}