{"id":7243,"date":"2025-02-13T10:31:00","date_gmt":"2025-02-13T09:31:00","guid":{"rendered":"https:\/\/swagh.agh.edu.pl\/?p=7243"},"modified":"2025-02-13T14:36:31","modified_gmt":"2025-02-13T13:36:31","slug":"rektor-agh-prof-dr-hab-inz-jerzy-lis-serdecznie-zaprasza-na-koncert-niezwykle-tanga-i-walce-z-cyklu-wieslaw-ochman-i-jego-goscie","status":"publish","type":"post","link":"https:\/\/swagh.agh.edu.pl\/?p=7243","title":{"rendered":"Rektor AGH, prof. dr hab. in\u017c. Jerzy Lis, serdecznie zaprasza na koncert &#8222;Niezwyk\u0142e tanga i walce&#8221; z cyklu \u201eWies\u0142aw Ochman i Jego Go\u015bcie\u201d"},"content":{"rendered":"\n<p>Rektor AGH, prof. dr hab. in\u017c. Jerzy Lis, serdecznie zaprasza na koncert &#8222;Niezwyk\u0142e tanga i walce&#8221; z cyklu \u201eWies\u0142aw Ochman i Jego Go\u015bcie\u201d, kt\u00f3ry odb\u0119dzie si\u0119 23 marca 2025 roku o godzinie 18:00 w Klubie Studio w Krakowie.<\/p>\n\n\n\n<p>Wies\u0142aw Ochman, \u015bwiatowej s\u0142awy tenor, zabierze Pa\u0144stwa w niezapomnian\u0105 podr\u00f3\u017c od walca wiede\u0144skiego po tango argenty\u0144skie, prezentuj\u0105c utwory w wykonaniu znakomitych artyst\u00f3w:<\/p>\n\n\n\n<p>\u015apiew: Magdalena Lechowska, Ewa Warta-\u015amietana, Sylwia Zelek, Wies\u0142aw Ochman, <a><\/a>Witold Wrona<\/p>\n\n\n\n<p>Taniec: Izabela Dzierwa-Pabin, Marcelo Carre\u00f1o, Zuzanna Frank, Ewelina Keller, Maxsim Berko, Micha\u0142 K\u0119pka (tancerze Baletu Cracovia Danza)<\/p>\n\n\n\n<p>Instrumentali\u015bci: Mateusz Dudek (akordeon), Bartosz Kolsut (bandoneon), Orchestra Forum Koncertowe pod dyrekcj\u0105 Mateusza Dudka<\/p>\n\n\n\n<p>Koncert poprowadz\u0105 Ewa Warta-\u015amietana i Wies\u0142aw Ochman.<\/p>\n\n\n\n<p>Ceny bilet\u00f3w:<\/p>\n\n\n\n<p>BALKON \u2013 180 z\u0142 (miejsca numerowane)<\/p>\n\n\n\n<p>SEKTOR I \u2013 150 z\u0142 (rz\u0119dy 1\u201313, miejsca nienumerowane)<\/p>\n\n\n\n<p>SEKTOR II \u2013 100 z\u0142 (rz\u0119dy 14\u201320, miejsca nienumerowane)<\/p>\n\n\n\n<p>Dla pracownik\u00f3w, emeryt\u00f3w i rencist\u00f3wAGH przewidziano dofinansowanie z ZF\u015aS.<\/p>\n\n\n\n<p>Bilety mo\u017cna naby\u0107 w budynku C-2, I pi\u0119tro, pok\u00f3j 114 (tel. 45-70).<\/p>\n\n\n\n<p>Serdecznie zach\u0119camy do udzia\u0142u w tym wyj\u0105tkowym wydarzeniu!<\/p>\n\n\n\n<figure class=\"wp-block-image size-large\"><a href=\"https:\/\/swagh.agh.edu.pl\/wp-content\/uploads\/2025\/02\/plakat-ochman2025.03-b1-internet-scaled.jpg\"><img loading=\"lazy\" decoding=\"async\" width=\"724\" height=\"1024\" src=\"https:\/\/swagh.agh.edu.pl\/wp-content\/uploads\/2025\/02\/plakat-ochman2025.03-b1-internet-724x1024.jpg\" alt=\"\" class=\"wp-image-7244\" srcset=\"https:\/\/swagh.agh.edu.pl\/wp-content\/uploads\/2025\/02\/plakat-ochman2025.03-b1-internet-724x1024.jpg 724w, https:\/\/swagh.agh.edu.pl\/wp-content\/uploads\/2025\/02\/plakat-ochman2025.03-b1-internet-212x300.jpg 212w, https:\/\/swagh.agh.edu.pl\/wp-content\/uploads\/2025\/02\/plakat-ochman2025.03-b1-internet-768x1086.jpg 768w, https:\/\/swagh.agh.edu.pl\/wp-content\/uploads\/2025\/02\/plakat-ochman2025.03-b1-internet-1086x1536.jpg 1086w, https:\/\/swagh.agh.edu.pl\/wp-content\/uploads\/2025\/02\/plakat-ochman2025.03-b1-internet-1448x2048.jpg 1448w, https:\/\/swagh.agh.edu.pl\/wp-content\/uploads\/2025\/02\/plakat-ochman2025.03-b1-internet-scaled.jpg 1810w\" sizes=\"auto, (max-width: 724px) 100vw, 724px\" \/><\/a><\/figure>\n","protected":false},"excerpt":{"rendered":"<p>Rektor AGH, prof. dr hab. in\u017c. Jerzy Lis, serdecznie zaprasza na koncert &#8222;Niezwyk\u0142e tanga i walce&#8221; z cyklu \u201eWies\u0142aw Ochman i Jego Go\u015bcie\u201d, kt\u00f3ry odb\u0119dzie si\u0119 23 marca 2025 roku o godzinie 18:00 w Klubie<\/p>\n","protected":false},"author":1,"featured_media":7246,"comment_status":"closed","ping_status":"open","sticky":false,"template":"","format":"standard","meta":{"footnotes":"","_links_to":"","_links_to_target":""},"categories":[1],"tags":[],"class_list":["post-7243","post","type-post","status-publish","format-standard","has-post-thumbnail","hentry","category-bez-kategorii"],"_links":{"self":[{"href":"https:\/\/swagh.agh.edu.pl\/index.php?rest_route=\/wp\/v2\/posts\/7243","targetHints":{"allow":["GET"]}}],"collection":[{"href":"https:\/\/swagh.agh.edu.pl\/index.php?rest_route=\/wp\/v2\/posts"}],"about":[{"href":"https:\/\/swagh.agh.edu.pl\/index.php?rest_route=\/wp\/v2\/types\/post"}],"author":[{"embeddable":true,"href":"https:\/\/swagh.agh.edu.pl\/index.php?rest_route=\/wp\/v2\/users\/1"}],"replies":[{"embeddable":true,"href":"https:\/\/swagh.agh.edu.pl\/index.php?rest_route=%2Fwp%2Fv2%2Fcomments&post=7243"}],"version-history":[{"count":1,"href":"https:\/\/swagh.agh.edu.pl\/index.php?rest_route=\/wp\/v2\/posts\/7243\/revisions"}],"predecessor-version":[{"id":7245,"href":"https:\/\/swagh.agh.edu.pl\/index.php?rest_route=\/wp\/v2\/posts\/7243\/revisions\/7245"}],"wp:featuredmedia":[{"embeddable":true,"href":"https:\/\/swagh.agh.edu.pl\/index.php?rest_route=\/wp\/v2\/media\/7246"}],"wp:attachment":[{"href":"https:\/\/swagh.agh.edu.pl\/index.php?rest_route=%2Fwp%2Fv2%2Fmedia&parent=7243"}],"wp:term":[{"taxonomy":"category","embeddable":true,"href":"https:\/\/swagh.agh.edu.pl\/index.php?rest_route=%2Fwp%2Fv2%2Fcategories&post=7243"},{"taxonomy":"post_tag","embeddable":true,"href":"https:\/\/swagh.agh.edu.pl\/index.php?rest_route=%2Fwp%2Fv2%2Ftags&post=7243"}],"curies":[{"name":"wp","href":"https:\/\/api.w.org\/{rel}","templated":true}]}}