{"id":7336,"date":"2025-03-24T08:48:51","date_gmt":"2025-03-24T07:48:51","guid":{"rendered":"https:\/\/swagh.agh.edu.pl\/?p=7336"},"modified":"2025-03-24T11:22:33","modified_gmt":"2025-03-24T10:22:33","slug":"swiatowy-dzien-inzyniera-dla-zrownowazonego-rozwoju-pod-haslem-technika-w-walce-z-ubostwem","status":"publish","type":"post","link":"https:\/\/swagh.agh.edu.pl\/?p=7336","title":{"rendered":"\u015aWIATOWY DZIE\u0143 IN\u017bYNIERA dla Zr\u00f3wnowa\u017conego Rozwoju pod has\u0142em \u201eTechnika w walce z ub\u00f3stwem\u201d"},"content":{"rendered":"\n<p>Informacja z polskich obchod\u00f3w 2025 <em>\u2026w ogl\u0105dzie wirtualnym<\/em>.<\/p>\n\n\n\n<p><strong>\u015awiatowy Dzie\u0144 In\u017cyniera<\/strong> zosta\u0142 ustanowiony przez Mi\u0119dzynarodow\u0105 Federacj\u0119 Organizacji In\u017cynierskich (WFEO) i obchodzony jest pod patronatem UNESCO. Tegoroczne jego obchody w Polsce odby\u0142y si\u0119 w Politechnice \u0141\u00f3dzkiej, tegorocznej 80-latce, tradycyjnie 4 marca. Zosta\u0142y obj\u0119te Patronatem Honorowym Marsza\u0142ka Sejmu RP Szymona Ho\u0142owni oraz Ministra Nauki i Szkolnictwa Wy\u017cszego Marcina Kulaska. Spotkanie, mimo tak trudnego i z\u0142o\u017conego politycznie czasu \u2013 tak w skali \u015awiata jak i w wymiarze krajowym, by\u0142o bogate merytorycznie, przebiega\u0142o w podnios\u0142ej atmosferze i bardzo reprezentatywnym gronie Uczestnik\u00f3w. Po\u0142\u0105czone by\u0142o z Gal\u0105 <strong>Z\u0142oty In\u017cynier 2024<\/strong>. Na ten sukces z\u0142o\u017cy\u0142a si\u0119 praca i zaanga\u017cowanie wielu os\u00f3b, instytucji \u2013 organizator\u00f3w, ale podkre\u015bli\u0107 nale\u017cy, \u017ce jego matk\u0105, dobrym duchem jest niew\u0105tpliwie Pani Prezes Ewa Ma\u0144kiewicz-Cudny. Podobnie jak wszystkich jego dotychczasowych edycji. Spotkanie poprowadzi\u0142 Kol. Janusz M. Kowalski, redaktor <em>Biuletynu Informacyjnego NOT<\/em>.<\/p>\n\n\n\n<p>Po ciep\u0142ym przywitaniu Uczestnik\u00f3w przez gospodarza wydarzenia JM Rektora Politechniki \u0141\u00f3dzkiej prof. Krzysztofa J\u00f3\u017awika, Przewodnicz\u0105cego KRPUT, g\u0142os zabra\u0142a w\u0142a\u015bnie Ewa Ma\u0144kiewicz-Cudny, prezes FSNT-NOT. W interesuj\u0105cy spos\u00f3b przybli\u017cy\u0142a m.in. cel i ide\u0119 spotkania, histori\u0119 ruchu stowarzyszeniowego oraz genez\u0119 powstania i dalszy rozw\u00f3j Plebiscytu czytelnik\u00f3w <em>\u201ePrzegl\u0105du Technicznego\u201d<\/em> Z\u0141OTY IN\u017bYNIER. Zwr\u00f3ci\u0142a uwag\u0119, i\u017c <strong>2025 jest Rokiem Jubileuszowym zrzeszania si\u0119 Polskich In\u017cynier\u00f3w i Technik\u00f3w<\/strong>. Na ten rok przypada 190-lecie Towarzystwa Politechnicznego Polskiego, 120-lecie Warszawskiego Domu Technika, 90-lecie Naczelnej Organizacji In\u017cynier\u00f3w RP, 80-lecie Naczelnej Organizacji Technicznej i wreszcie 35-lecie Federacji Stowarzysze\u0144 Naukowo-Technicznych NOT, naszej Federacji. Zapocz\u0105tkuj\u0105 te obchody uroczysto\u015bci 190-lecia Towarzystwa Politechnicznego Polskiego w maju w Tarnowie, mie\u015bcie urodzin i spoczynku gen. in\u017c. J\u00f3zefa Bema, za\u0142o\u017cyciela Towarzystwa. Decyzj\u0105 Rady Krajowej, w tym roku odb\u0119dzie si\u0119 te\u017c XXVIII Kongres Technik\u00f3w Polskich, po\u0142\u0105czony z VI \u015awiatowym Zjazdem In\u017cynier\u00f3w Polskich, w czerwcu w Politechnice Pozna\u0144skiej.<\/p>\n\n\n\n<p>Nast\u0119pnie przyszed\u0142 czas na wyst\u0105pienia Go\u015bci Wydarzenia. \u017byczenia zgromadzonym oraz \u015brodowisku in\u017cynierskiemu przekaza\u0142 prof. Marek Gzik, Sekretarz Stanu w Ministerstwie<\/p>\n\n\n\n<p>Nauki i Szkolnictwa Wy\u017cszego, poinformowa\u0142 te\u017c o aktualnych dzia\u0142aniach Ministerstwa.<\/p>\n\n\n\n<p>Senator RP Krzysztof Kwiatkowski przekaza\u0142 adres od Ma\u0142gorzaty Kidawy-B\u0142o\u0144skiej, Marsza\u0142kini Senatu RP, po czym podzieli\u0142 si\u0119 interesuj\u0105cymi w\u0142asnymi refleksjami. Dyrektor Sejmiku Wojew\u00f3dztwa \u0141\u00f3dzkiego Marcin Strumi\u0142\u0142o odczyta\u0142 list od Marsza\u0142ka Sejmu RP Szymona Ho\u0142owni, jak podkre\u015bli\u0142 \u2013 syna dwojga in\u017cynier\u00f3w. By\u0142o wiele adres\u00f3w i przes\u0142a\u0144. Odczytane zosta\u0142y od Wicepremiera, Ministra Cyfryzacji Krzysztofa Gawkowskiego i od Pauliny Hennig-Kloski, Ministry Klimatu i \u015arodowiska. Listy gratulacyjne przes\u0142ali te\u017c: Ewa Zieli\u0144ska \u2013 prezes Polskiego Komitetu Normalizacyjnego, prof. Krzysztof Szama\u0142ek \u2013 dyrektor Pa\u0144stwowego Instytutu Geologicznego, Tomasz Zjawiony \u2013 wiceprezes Krajowej Izby Gospodarczej oraz Tadeusz Donocik \u2013 Honorowy Prezes Regionalnej Izby Gospodarczej w Katowicach. Obecni byli prezesi stowarzysze\u0144 n-t. Swoj\u0105 obecno\u015bci\u0105 u\u015bwietnili uroczysto\u015b\u0107 m.in. Hanna Zdanowska \u2013 Prezydent \u0141odzi, prof. Natalia Sobczak \u2013 wiceprezes Polskiej Akademii Nauk oraz rektorzy i prorektorzy wielu uczelni. Zauwa\u017calna by\u0142a obecno\u015b\u0107 Rektora Akademii G\u00f3rniczo-Hutniczej, JM prof. Jerzego Lisa.<\/p>\n\n\n\n<p>Nast\u0119pnie, zgodnie z programem, mia\u0142a miejsce cz\u0119\u015b\u0107 merytoryczna. Z\u0142o\u017cy\u0142y si\u0119 na ni\u0105 trzy interesuj\u0105ce wyst\u0105pienia. Prof. P\u0141 Jacek Kucharski, Dziekan Wydzia\u0142u EEIiA przedstawi\u0142 prezentacj\u0119 pt. <em>\u201eNowe technologie w walce z ub\u00f3stwem\u201d<\/em>. Bardzo merytoryczne, mo\u017ce i kontrowersyjne w pewnych stwierdzeniach, by\u0142o wyst\u0105pienie Janusza Steinhoffa, wiceprezesa Rady Ministr\u00f3w 2000-2001 i Ministra Gospodarki w latach 1997-2001. Jego tematem by\u0142 <em>\u201eZr\u00f3wnowa\u017cony rozw\u00f3j \u2013 technika wsparciem w walce z ub\u00f3stwem\u201d<\/em>. Na pocz\u0105tku swojej wypowiedzi zwr\u00f3ci\u0142 uwag\u0119 na trzy wyzwania, kt\u00f3rymi \u2013 jego zdaniem \u2013 s\u0105 zbyt niskie inwestycje, demografia i starzenie si\u0119 spo\u0142ecze\u0144stwa. Podkre\u015bli\u0142, \u017ce \u2013 mimo i\u017c wywodzi si\u0119 z tego \u015brodowiska \u2013 uwa\u017ca, \u017ce \u201emusimy godnie po\u017cegna\u0107 g\u00f3rnictwo\u201d. Stwierdzi\u0142, \u017ce jest ono ekonomicznie nieuzasadnione, na poparcie czego przywo\u0142a\u0142 kilka fakt\u00f3w, danych. Zako\u0144czy\u0142 t\u0119 cz\u0119\u015b\u0107 prof. Jerzy Barglik, prezes Akademii In\u017cynierskiej w Polsce prezentacj\u0105 pt. <em>\u201eOchrona tytu\u0142u zawodowego in\u017cyniera\u201d<\/em>. Przedstawi\u0142 stanowisko i ostatnie dzia\u0142ania Akademii w tej sprawie, apel o zachowanie odpowiednich standard\u00f3w i jako\u015bci kszta\u0142cenia in\u017cynier\u00f3w. Akademia protestuje przeciw upowszechnianiu w wielu podmiotach nadaj\u0105cych ten tytu\u0142 wirtualizacji zaj\u0119\u0107 laboratoryjnych. Uznaje, \u017ce prawo do nadawania tytu\u0142u zawodowego in\u017cyniera powinny posiada\u0107 tylko te uczelnie, kt\u00f3re dysponuj\u0105 odpowiednim dla prowadzonych kierunk\u00f3w studi\u00f3w zapleczem laboratoryjnym.<\/p>\n\n\n\n<p>I wreszcie przyszed\u0142 czas na uhonorowanie laureat\u00f3w 31. edycji plebiscytu o tytu\u0142 \u201e<strong>Z\u0142otego<\/strong> <strong>In\u017cyniera<\/strong> <em>Przegl\u0105du Technicznego<\/em>\u201d. Dyplomy i statuetki laureatom wr\u0119czali: prof. Marek Gzik, wiceminister Nauki i Szkolnictwa Wy\u017cszego; Ewa Ma\u0144kiewicz-Cudny, prezes FSNTNOT; prof. Krzysztof J\u00f3\u017awik, rektor Politechniki \u0141\u00f3dzkiej oraz Jolanta Czudak-Tomaka, redaktor naczelna 159-letniego <em>\u201ePrzegl\u0105du Technicznego\u201d<\/em>. Wyr\u00f3\u017cniono w tym roku 26 os\u00f3b, przyznaj\u0105c tytu\u0142y In\u017cyniera Roku Jubileuszowego FSNT-NOT, Diamentowego In\u017cyniera, Z\u0142otych, Srebrnych i Wyr\u00f3\u017cnionych In\u017cynier\u00f3w w r\u00f3\u017cnych kategoriach, M\u0142odych In\u017cynier\u00f3w, a tak\u017ce Honorowych Z\u0142otych In\u017cynier\u00f3w. In\u017cynierem Roku Jubileuszowego FSNT-NOT zosta\u0142 prof. Tadeusz Pa\u0142ko z Politechniki Warszawskiej, specjalista z dziedziny in\u017cynierii biomedycznej. Tytu\u0142em Diamentowy In\u017cynier 2024 wyr\u00f3\u017cniono prof. Krzysztofa Zaremb\u0119, rektora Politechniki Warszawskiej, specjalizuj\u0105cego si\u0119 w elektronice j\u0105drowej i in\u017cynierii biomedycznej. Zabieraj\u0105c w imieniu Laureat\u00f3w g\u0142os na zako\u0144czenie Gali, JM Rektor podzieli\u0142 si\u0119 z zebranymi bardzo interesuj\u0105c\u0105 refleksj\u0105. Stwierdzi\u0142, \u017ce in\u017cynier to \u201estan ducha i umys\u0142u\u201d, cechuj\u0105cy si\u0119 ciekawo\u015bci\u0105 \u015bwiata i potrzeb\u0105 tworzenia. Od X edycji plebiscytu przyznawany jest zaszczytny tytu\u0142 Honorowego Z\u0142otego In\u017cyniera \u2013 absolwentom uczelni technicznych, kt\u00f3rzy sukces odnie\u015bli w zupe\u0142nie innych dziedzinach, a tak\u017ce osobom maj\u0105cym nietechniczne wykszta\u0142cenie, kt\u00f3re wnios\u0142y wk\u0142ad w rozw\u00f3j nowoczesnych technologii lub przyczyni\u0142y si\u0119 do ich upowszechnienia. W tym roku przyznano trzy takie tytu\u0142y, a w\u015br\u00f3d nagrodzonych znalaz\u0142a si\u0119 Hanna Zdanowska, Prezydent \u0141odzi od 2010 r, samorz\u0105dowiec, polityczka, m.in. pos\u0142anka na Sejm VI kadencji. Mi\u0142ym momentem by\u0142o wyr\u00f3\u017cnienie Ewy Ma\u0144kiewicz-Cudny Medalem SEP im. prof. Adolfa Hoffmana. Ko\u0144cowym akcentem Gali by\u0142o pami\u0105tkowe wsp\u00f3lne zdj\u0119cie Laureat\u00f3w oraz os\u00f3b wr\u0119czaj\u0105cych wyr\u00f3\u017cnienia.<\/p>\n\n\n\n<p>Mnie wiele satysfakcji przynios\u0142y wyr\u00f3\u017cnienia tytu\u0142em <strong>Z\u0141OTY IN\u017bYNIER 2024<\/strong> dwojga bliskich mi os\u00f3b: dr <strong>Barbary Juszczyk<\/strong>, dyrektor&nbsp; \u0141ukasiewicz \u2013 Instytutu Metali Nie\u017celaznych w Gliwicach, prezes SITMN w kategorii <em>INNOWACYJNO\u015a\u0106<\/em> <em>(fot. z lewej) <\/em>i prof. <strong>Rafa\u0142a Da\u0144ko<\/strong>, prorektora AGH ds. studenckich, prezesa STOP w kategorii <em>NAUKA<\/em> <em>(fot. z prawej)<\/em>.<\/p>\n\n\n\n<figure class=\"wp-block-gallery has-nested-images columns-default is-cropped wp-block-gallery-1 is-layout-flex wp-block-gallery-is-layout-flex\">\n<figure class=\"wp-block-image size-large\"><img loading=\"lazy\" decoding=\"async\" width=\"431\" height=\"266\" data-id=\"7338\" src=\"https:\/\/swagh.agh.edu.pl\/wp-content\/uploads\/2025\/03\/image-24.png\" alt=\"\" class=\"wp-image-7338\" srcset=\"https:\/\/swagh.agh.edu.pl\/wp-content\/uploads\/2025\/03\/image-24.png 431w, https:\/\/swagh.agh.edu.pl\/wp-content\/uploads\/2025\/03\/image-24-300x185.png 300w\" sizes=\"auto, (max-width: 431px) 100vw, 431px\" \/><\/figure>\n\n\n\n<figure class=\"wp-block-image size-large\"><img loading=\"lazy\" decoding=\"async\" width=\"437\" height=\"266\" data-id=\"7339\" src=\"https:\/\/swagh.agh.edu.pl\/wp-content\/uploads\/2025\/03\/image-25.png\" alt=\"\" class=\"wp-image-7339\" srcset=\"https:\/\/swagh.agh.edu.pl\/wp-content\/uploads\/2025\/03\/image-25.png 437w, https:\/\/swagh.agh.edu.pl\/wp-content\/uploads\/2025\/03\/image-25-300x183.png 300w\" sizes=\"auto, (max-width: 437px) 100vw, 437px\" \/><\/figure>\n<\/figure>\n\n\n\n<p class=\"has-text-align-center\">[<em>Autor zdj\u0119\u0107:<\/em> Marcin Szmidt]<\/p>\n\n\n\n<p>Niezwykle mi\u0142e by\u0142o te\u017c wyr\u00f3\u017cnienie tytu\u0142em <strong>M\u0142odego In\u017cyniera<\/strong> doktorantki Szko\u0142y Doktorskiej AGH <strong>Marii Sajdak<\/strong> z Wydzia\u0142u In\u017cynierii Materia\u0142owej i Ceramiki, wio\u015blarki (wicemistrzyni Europy 2016, mistrzyni \u015bwiata i Europy 2018, mistrzyni \u015bwiata 2017 i 2019, srebrnej medalistki Igrzysk Olimpijskich Tokio 2020). W imieniu nieobecnej z jak\u017ce szczeg\u00f3lnego powodu macierzy\u0144stwa Laureatki, nagrod\u0119 odebra\u0142 Rektor AGH prof. Jerzy Lis.<\/p>\n\n\n<div class=\"wp-block-image\">\n<figure class=\"aligncenter size-full\"><img loading=\"lazy\" decoding=\"async\" width=\"438\" height=\"266\" src=\"https:\/\/swagh.agh.edu.pl\/wp-content\/uploads\/2025\/03\/image-23.png\" alt=\"\" class=\"wp-image-7337\" srcset=\"https:\/\/swagh.agh.edu.pl\/wp-content\/uploads\/2025\/03\/image-23.png 438w, https:\/\/swagh.agh.edu.pl\/wp-content\/uploads\/2025\/03\/image-23-300x182.png 300w\" sizes=\"auto, (max-width: 438px) 100vw, 438px\" \/><\/figure>\n<\/div>\n\n\n<p>Na tym zako\u0144czy\u0142a si\u0119 transmisja online tegorocznych obchod\u00f3w <strong>\u015awiatowego Dnia In\u017cyniera<\/strong>. Ja, niestety, z powodu ogranicze\u0144 zdrowotnych uczestniczy\u0142em w tym Wydarzeniu w\u0142a\u015bnie online. Raz jeszcze pragn\u0119 z\u0142o\u017cy\u0107 serdeczne gratulacje Organizatorom!<\/p>\n\n\n\n<p>Wed\u0142ug programu, w dalszej cz\u0119\u015bci zainteresowani wys\u0142uchali koncertu przeboj\u00f3w filmowych na cztery smyczki Opera String Quartet. Na strudzonych wielogodzinn\u0105 uroczysto\u015bci\u0105 uczestnik\u00f3w czeka\u0142 te\u017c pocz\u0119stunek.<\/p>\n\n\n\n<p><strong>Wac\u0142aw MUZYKIEWICZ <\/strong><em>em.<\/em> profesor AGH dr hab. in\u017c.<\/p>\n\n\n\n<p>Wiceprezes Stowarzyszenia Wychowank\u00f3w AGH<\/p>\n\n\n\n<p>Przewodnicz\u0105cy IX Zjazdu Krajowego SW AGH<\/p>\n\n\n\n<p>Honorowy Wiceprezes&nbsp;Stowarzyszenia In\u017cynier\u00f3w i Technik\u00f3w Metali Nie\u017celaznych<\/p>\n\n\n\n<p><strong>Z\u0142oty In\u017cynier 2021<\/strong> w kategorii <strong>Nauka<\/strong><\/p>\n\n\n\n<p>Delegat SITMN do Rady Krajowej FSNT-NOT<\/p>\n","protected":false},"excerpt":{"rendered":"<p>Informacja z polskich obchod\u00f3w 2025 \u2026w ogl\u0105dzie wirtualnym. \u015awiatowy Dzie\u0144 In\u017cyniera zosta\u0142 ustanowiony przez Mi\u0119dzynarodow\u0105 Federacj\u0119 Organizacji In\u017cynierskich (WFEO) i obchodzony jest pod patronatem UNESCO. Tegoroczne jego obchody w Polsce odby\u0142y si\u0119 w Politechnice \u0141\u00f3dzkiej,<\/p>\n","protected":false},"author":1,"featured_media":7340,"comment_status":"closed","ping_status":"open","sticky":false,"template":"","format":"standard","meta":{"footnotes":"","_links_to":"","_links_to_target":""},"categories":[1],"tags":[],"class_list":["post-7336","post","type-post","status-publish","format-standard","has-post-thumbnail","hentry","category-bez-kategorii"],"_links":{"self":[{"href":"https:\/\/swagh.agh.edu.pl\/index.php?rest_route=\/wp\/v2\/posts\/7336","targetHints":{"allow":["GET"]}}],"collection":[{"href":"https:\/\/swagh.agh.edu.pl\/index.php?rest_route=\/wp\/v2\/posts"}],"about":[{"href":"https:\/\/swagh.agh.edu.pl\/index.php?rest_route=\/wp\/v2\/types\/post"}],"author":[{"embeddable":true,"href":"https:\/\/swagh.agh.edu.pl\/index.php?rest_route=\/wp\/v2\/users\/1"}],"replies":[{"embeddable":true,"href":"https:\/\/swagh.agh.edu.pl\/index.php?rest_route=%2Fwp%2Fv2%2Fcomments&post=7336"}],"version-history":[{"count":3,"href":"https:\/\/swagh.agh.edu.pl\/index.php?rest_route=\/wp\/v2\/posts\/7336\/revisions"}],"predecessor-version":[{"id":7345,"href":"https:\/\/swagh.agh.edu.pl\/index.php?rest_route=\/wp\/v2\/posts\/7336\/revisions\/7345"}],"wp:featuredmedia":[{"embeddable":true,"href":"https:\/\/swagh.agh.edu.pl\/index.php?rest_route=\/wp\/v2\/media\/7340"}],"wp:attachment":[{"href":"https:\/\/swagh.agh.edu.pl\/index.php?rest_route=%2Fwp%2Fv2%2Fmedia&parent=7336"}],"wp:term":[{"taxonomy":"category","embeddable":true,"href":"https:\/\/swagh.agh.edu.pl\/index.php?rest_route=%2Fwp%2Fv2%2Fcategories&post=7336"},{"taxonomy":"post_tag","embeddable":true,"href":"https:\/\/swagh.agh.edu.pl\/index.php?rest_route=%2Fwp%2Fv2%2Ftags&post=7336"}],"curies":[{"name":"wp","href":"https:\/\/api.w.org\/{rel}","templated":true}]}}