{"id":7817,"date":"2026-01-14T12:40:10","date_gmt":"2026-01-14T11:40:10","guid":{"rendered":"https:\/\/swagh.agh.edu.pl\/?p=7817"},"modified":"2026-01-22T10:11:59","modified_gmt":"2026-01-22T09:11:59","slug":"swiateczno-noworoczne-spotkanie-wychowankow-agh","status":"publish","type":"post","link":"https:\/\/swagh.agh.edu.pl\/?p=7817","title":{"rendered":"\u015awi\u0105teczno-noworoczne spotkanie wychowank\u00f3w AGH"},"content":{"rendered":"\n<p>12 stycznia 2026 roku odby\u0142o si\u0119 w auli AGH tradycyjne \u015bwi\u0105teczno-noworoczne spotkanie Stowarzyszenia Wychowank\u00f3w AGH.<\/p>\n\n\n\n<p>Jako pierwszy g\u0142os zabra\u0142 prof. Piotr Czaja \u2013 Prezes Stowarzyszenia Wychowank\u00f3w AGH, recytuj\u0105c wiersz napisany w 1999 roku przez Wand\u0119 Chotomsk\u0105:<\/p>\n\n\n\n<pre class=\"wp-block-verse\">To ju\u017c pora na wigili\u0119, to ju\u017c czas,<br>A tu jeszcze kogo\u015b nie ma po\u015br\u00f3d nas,<br>A tu jeszcze, a tu jeszcze kto\u015b ma przyj\u015b\u0107,<br>Bo przy stole wolne miejsce czeka dzi\u015b.<br><br>Gwiazdo betlejemska, prowad\u017a go przez \u015bwiat,<br>\u017beby razem z nami przy tym stole siad\u0142.<br>Prowad\u017a go tu do nas z tych dalekich dr\u00f3g,<br>\u017beby razem z nami kol\u0119dowa\u0107 m\u00f3g\u0142.<br><br>Daj mu \u015bwiat\u0142o, bo tak \u0142atwo zmyli\u0107 \u015blad,<br>Daj nadziej\u0119, kiedy w oczy wieje wiatr,<br>Strudzonemu, zm\u0119czonemu pom\u00f3\u017c i\u015b\u0107,<br>Bo samotny nikt nie mo\u017ce zosta\u0107 dzi\u015b\u2026<\/pre>\n\n\n<div class=\"wp-block-image\">\n<figure class=\"aligncenter size-large\"><img loading=\"lazy\" decoding=\"async\" width=\"1024\" height=\"684\" src=\"https:\/\/swagh.agh.edu.pl\/wp-content\/uploads\/2026\/01\/spotkanie_noworoczne__1391__01-1024x684.jpg\" alt=\"\" class=\"wp-image-7818\" srcset=\"https:\/\/swagh.agh.edu.pl\/wp-content\/uploads\/2026\/01\/spotkanie_noworoczne__1391__01-1024x684.jpg 1024w, https:\/\/swagh.agh.edu.pl\/wp-content\/uploads\/2026\/01\/spotkanie_noworoczne__1391__01-300x200.jpg 300w, https:\/\/swagh.agh.edu.pl\/wp-content\/uploads\/2026\/01\/spotkanie_noworoczne__1391__01-768x513.jpg 768w, https:\/\/swagh.agh.edu.pl\/wp-content\/uploads\/2026\/01\/spotkanie_noworoczne__1391__01-1536x1025.jpg 1536w, https:\/\/swagh.agh.edu.pl\/wp-content\/uploads\/2026\/01\/spotkanie_noworoczne__1391__01-2048x1367.jpg 2048w, https:\/\/swagh.agh.edu.pl\/wp-content\/uploads\/2026\/01\/spotkanie_noworoczne__1391__01-420x280.jpg 420w\" sizes=\"auto, (max-width: 1024px) 100vw, 1024px\" \/><figcaption class=\"wp-element-caption\">Profesor Piotr Czaja \u2013 Prezes SW AGH, rozpoczynaj\u0105cy uroczyste spotkanie<br>op\u0142atkowo-noworoczne wychowank\u00f3w AGH (fot. Z. Sulima)<\/figcaption><\/figure>\n<\/div>\n\n\n<p>Nast\u0119pnie zebrani za\u015bpiewali kol\u0119d\u0119 \u201eGdy si\u0119 Chrystus Rodzi\u201d.<br>Po czym prezes stowarzyszenia kontynuowa\u0142 swoje wyst\u0105pienie.<\/p>\n\n\n\n<figure class=\"wp-block-pullquote\"><blockquote><p><\/p><cite><a href=\"https:\/\/foto.agh.edu.pl\/thumbnails.php?album=838\" target=\"_blank\" rel=\"noreferrer noopener\">Zapraszamy do obejrzenia wszystkich zdj\u0119\u0107 ze spotkania,<br>kt\u00f3re mo\u017cna zobaczy\u0107 klikaj\u0105c w ten tekst.<\/a><\/cite><\/blockquote><\/figure>\n\n\n\n<p><strong>Drodzy wychowankowie<\/strong><\/p>\n\n\n\n<p>Jak co roku i jak ka\u017ce pi\u0119kna polska tradycja \u2013 jako wspania\u0142a rodzina Wychowank\u00f3w AGH spotykamy si\u0119, aby u\u015bciskiem d\u0142oni, wymienionym spojrzeniem, prze\u0142amanym op\u0142atkiem czy podniesionym toastem przekaza\u0107 sobie uczucia blisko\u015bci, uczucia wzajemnego poszanowania i skondensowane w kilku s\u0142owach serdeczne \u017cyczenia.<\/p>\n\n\n\n<p>\u015awi\u0119ta Bo\u017cego Narodzenia \u2013 te wyj\u0105tkowe i niepowtarzalne przypominaj\u0105 nam, jak pisa\u0142 ks. prof. J\u00f3zef Tischner, \u017ce:<\/p>\n\n\n\n<pre class=\"wp-block-verse\">\u201e\u017cyjemy zawsze<br>\tz kim\u015b,<br>\tprzy kim\u015b,<br>\tobok kogo\u015b,<br>\twobec kogo\u015b,<br>\tdla kogo\u015b\u201d \u2013<\/pre>\n\n\n\n<p>W\u0142a\u015bnie w tych relacjach kryje si\u0119 najg\u0142\u0119bszy sens uroczystego \u015bwi\u0119towania.<\/p>\n\n\n\n<p>Niech ten wyj\u0105tkowy czas przyniesie nam wszystkim poczucie wsp\u00f3lnoty, rado\u015b\u0107 ze spotka\u0144 oraz nadziej\u0119, kt\u00f3ra zostanie z nami na d\u0142u\u017cej.<\/p>\n\n\n\n<p>Jednym z istotnych punkt\u00f3w spotkania by\u0142o po\u017cegnanie, niestety odchodz\u0105cej na emerytur\u0119 \u2013 naszej nieocenionej \u2013 pani Teresy Nosal. Profesor Czaja bardzo serdecznie podzi\u0119kowa\u0142 pani Teresie za ofiarn\u0105 prac\u0119 na rzecz stowarzyszenia, kompetencje i urok osobisty, kt\u00f3ry bardzo u\u0142atwia komunikacj\u0119 z wychowankami. Podkre\u015bli\u0142 r\u00f3wnie\u017c fakt, \u017ce pani Teresa wykszta\u0142ci\u0142a sobie godn\u0105 nast\u0119pczyni\u0119 w postaci pani Pauliny Licho\u0144. Wszyscy zgromadzeni na sali wyrazili swoje podzi\u0119kowania poprzez gromkie brawa.<\/p>\n\n\n<div class=\"wp-block-image\">\n<figure class=\"aligncenter size-large\"><img loading=\"lazy\" decoding=\"async\" width=\"1024\" height=\"683\" src=\"https:\/\/swagh.agh.edu.pl\/wp-content\/uploads\/2026\/01\/spotkanie_noworoczne__2672-1024x683.jpg\" alt=\"\" class=\"wp-image-7861\" srcset=\"https:\/\/swagh.agh.edu.pl\/wp-content\/uploads\/2026\/01\/spotkanie_noworoczne__2672-1024x683.jpg 1024w, https:\/\/swagh.agh.edu.pl\/wp-content\/uploads\/2026\/01\/spotkanie_noworoczne__2672-300x200.jpg 300w, https:\/\/swagh.agh.edu.pl\/wp-content\/uploads\/2026\/01\/spotkanie_noworoczne__2672-768x512.jpg 768w, https:\/\/swagh.agh.edu.pl\/wp-content\/uploads\/2026\/01\/spotkanie_noworoczne__2672-1536x1024.jpg 1536w, https:\/\/swagh.agh.edu.pl\/wp-content\/uploads\/2026\/01\/spotkanie_noworoczne__2672-2048x1365.jpg 2048w, https:\/\/swagh.agh.edu.pl\/wp-content\/uploads\/2026\/01\/spotkanie_noworoczne__2672-420x280.jpg 420w\" sizes=\"auto, (max-width: 1024px) 100vw, 1024px\" \/><figcaption class=\"wp-element-caption\">G\u0142os zabra\u0142a nasza Terenia (fot. Stanis\u0142aw Szafran)<\/figcaption><\/figure>\n<\/div>\n\n\n<p>Witam serdecznie Was wszystkich, zw\u0142aszcza tych, kt\u00f3rzy przebyli d\u0142ug\u0105 drog\u0119, aby do nas dotrze\u0107.<\/p>\n\n\n\n<ul class=\"wp-block-list\">\n<li>Witam prof. Krzysztofa Mendroka \u2013 Prorektora ds. Kszta\u0142cenia reprezentuj\u0105cego prof. Jerzego Lisa \u2013 Rektora AGH,<\/li>\n\n\n\n<li>by\u0142ych rektor\u00f3w, prorektor\u00f3w, obecnych i by\u0142ych dziekan\u00f3w naszych wydzia\u0142\u00f3w, wszystkich zarz\u0105dzaj\u0105cych na ka\u017cdym szczeblu naszej organizacyjnej drabinki AGH na czele z prof. Miros\u0142awem Karbowniczkiem \u2013 by\u0142ym prorektorem AGH, obecnym Sekretarzem Rady Stowarzyszenia.<\/li>\n<\/ul>\n\n\n\n<p>Witam naszych zacnych go\u015bci:<\/p>\n\n\n\n<ul class=\"wp-block-list\">\n<li>ks. Leszka Garstk\u0119 \u2013 proboszcz parafii \u015bw. Szczepana,<\/li>\n\n\n\n<li>mia\u0142 z nami by\u0107 tak\u017ce ks. prof. Tadeusz Panu\u015b \u2013 lauret Kryszta\u0142owej Barb\u00f3rki, ale z przyczyn zdrowotnych nie m\u00f3g\u0142 przyby\u0107 na nasze spotkanie.<\/li>\n<\/ul>\n\n\n<div class=\"wp-block-image\">\n<figure class=\"aligncenter size-large\"><img loading=\"lazy\" decoding=\"async\" width=\"1024\" height=\"684\" src=\"https:\/\/swagh.agh.edu.pl\/wp-content\/uploads\/2026\/01\/spotkanie_noworoczne__1432__02-1024x684.jpg\" alt=\"\" class=\"wp-image-7819\" srcset=\"https:\/\/swagh.agh.edu.pl\/wp-content\/uploads\/2026\/01\/spotkanie_noworoczne__1432__02-1024x684.jpg 1024w, https:\/\/swagh.agh.edu.pl\/wp-content\/uploads\/2026\/01\/spotkanie_noworoczne__1432__02-300x200.jpg 300w, https:\/\/swagh.agh.edu.pl\/wp-content\/uploads\/2026\/01\/spotkanie_noworoczne__1432__02-768x513.jpg 768w, https:\/\/swagh.agh.edu.pl\/wp-content\/uploads\/2026\/01\/spotkanie_noworoczne__1432__02-1536x1025.jpg 1536w, https:\/\/swagh.agh.edu.pl\/wp-content\/uploads\/2026\/01\/spotkanie_noworoczne__1432__02-2048x1367.jpg 2048w, https:\/\/swagh.agh.edu.pl\/wp-content\/uploads\/2026\/01\/spotkanie_noworoczne__1432__02-420x280.jpg 420w\" sizes=\"auto, (max-width: 1024px) 100vw, 1024px\" \/><figcaption class=\"wp-element-caption\">Uczestnicy spotkania op\u0142atkowo-noworocznego SW AGH (fot. Z. Sulima)<\/figcaption><\/figure>\n<\/div>\n\n\n<p>Mi\u0142o mi powita\u0107 go\u015bci z najwspanialszej wszechnicy Polskiej \u2013 Uniwersytetu Jagiello\u0144skiego, prof. Piotra Laidlera \u2013 prezesa Stowarzyszenia Absolwent\u00f3w Uniwersytetu Jagiello\u0144\u015bkiego z ca\u0142\u0105 delegacj\u0105.<\/p>\n\n\n<div class=\"wp-block-image\">\n<figure class=\"aligncenter size-large\"><img loading=\"lazy\" decoding=\"async\" width=\"1024\" height=\"684\" src=\"https:\/\/swagh.agh.edu.pl\/wp-content\/uploads\/2026\/01\/spotkanie_noworoczne__1453__03-1024x684.jpg\" alt=\"\" class=\"wp-image-7820\" srcset=\"https:\/\/swagh.agh.edu.pl\/wp-content\/uploads\/2026\/01\/spotkanie_noworoczne__1453__03-1024x684.jpg 1024w, https:\/\/swagh.agh.edu.pl\/wp-content\/uploads\/2026\/01\/spotkanie_noworoczne__1453__03-300x200.jpg 300w, https:\/\/swagh.agh.edu.pl\/wp-content\/uploads\/2026\/01\/spotkanie_noworoczne__1453__03-768x513.jpg 768w, https:\/\/swagh.agh.edu.pl\/wp-content\/uploads\/2026\/01\/spotkanie_noworoczne__1453__03-1536x1025.jpg 1536w, https:\/\/swagh.agh.edu.pl\/wp-content\/uploads\/2026\/01\/spotkanie_noworoczne__1453__03-2048x1367.jpg 2048w, https:\/\/swagh.agh.edu.pl\/wp-content\/uploads\/2026\/01\/spotkanie_noworoczne__1453__03-420x280.jpg 420w\" sizes=\"auto, (max-width: 1024px) 100vw, 1024px\" \/><figcaption class=\"wp-element-caption\">Przywitanie prof. Piotra Laidlera \u2013 prezesa SA UJ (fot. Z. Sulima)<\/figcaption><\/figure>\n<\/div>\n\n\n<p>Niezwykle nam mi\u0142o i\u017c w\u015br\u00f3d nas jest nestor stowarzyszenia kol. Kazimierz Kromin, kt\u00f3ry pojawi\u0142 si\u0119 na naszym spotkaniu w wieku stu jeden lat. Jest w\u015br\u00f3d nas kilku \u201em\u0142odocianych\u201d senior\u00f3w 90-ciolatk\u00f3w w\u015br\u00f3d kt\u00f3rych pragn\u0105\u0142 bym wymieni\u0107 Tadeusza Dudzica, Antoniego Michalaka i prof. Antoniego \u0141opat\u0119.<\/p>\n\n\n<div class=\"wp-block-image\">\n<figure class=\"aligncenter size-large\"><img loading=\"lazy\" decoding=\"async\" width=\"1024\" height=\"684\" src=\"https:\/\/swagh.agh.edu.pl\/wp-content\/uploads\/2026\/01\/spotkanie_noworoczne__1540__04-1024x684.jpg\" alt=\"\" class=\"wp-image-7821\" srcset=\"https:\/\/swagh.agh.edu.pl\/wp-content\/uploads\/2026\/01\/spotkanie_noworoczne__1540__04-1024x684.jpg 1024w, https:\/\/swagh.agh.edu.pl\/wp-content\/uploads\/2026\/01\/spotkanie_noworoczne__1540__04-300x200.jpg 300w, https:\/\/swagh.agh.edu.pl\/wp-content\/uploads\/2026\/01\/spotkanie_noworoczne__1540__04-768x513.jpg 768w, https:\/\/swagh.agh.edu.pl\/wp-content\/uploads\/2026\/01\/spotkanie_noworoczne__1540__04-1536x1025.jpg 1536w, https:\/\/swagh.agh.edu.pl\/wp-content\/uploads\/2026\/01\/spotkanie_noworoczne__1540__04-2048x1367.jpg 2048w, https:\/\/swagh.agh.edu.pl\/wp-content\/uploads\/2026\/01\/spotkanie_noworoczne__1540__04-420x280.jpg 420w\" sizes=\"auto, (max-width: 1024px) 100vw, 1024px\" \/><figcaption class=\"wp-element-caption\">Pan Kazimierz Kromin stujednoletni nestor SW AGH (fot. Z. Sulima)<\/figcaption><\/figure>\n<\/div>\n\n\n<p>Witam wszystkich pracownik\u00f3w AGH oraz kwiat polskich in\u017cynier\u00f3w rozsianych po ca\u0142ym kraju i ca\u0142ym \u015bwiecie.<\/p>\n\n\n\n<p>Prze\u0142om lat to okazja do podsumowania minionego roku. Wi\u0119kszo\u015b\u0107 z nas uczestniczy\u0142a we wrze\u015bniu w obchodach jubileuszu 80-lecia stowarzyszenia, a je\u017celi nie, to wystarczy zerkn\u0105\u0107 do naszej Kroniki wydanej na t\u0119 okazj\u0119, aby \u0142atwo zapozna\u0107 si\u0119 z tym co dzia\u0142o si\u0119 w stowarzyszeniu w ostatnim dziesi\u0119cioleciu i tak\u017ce w ostatnim 2025 roku.<\/p>\n\n\n\n<p>Przy tej uroczystej okazji ogranicz\u0119 si\u0119 jedynie do szczerych podzi\u0119kowa\u0144 dla wszystkich absolwent\u00f3w i wychowank\u00f3w AGH za to pi\u0119kne dzie\u0142o jakie budujecie w naszym kraju spe\u0142niaj\u0105c sw\u0105 in\u017cyniersk\u0105 misj\u0119.<\/p>\n\n\n\n<p>Dzi\u0119kuj\u0119 bardzo za wsp\u00f3\u0142prac\u0119 ze stowarzyszeniem, za wsp\u00f3\u0142organizacj\u0119 wielu wydarze\u0144 b\u0119d\u0105cych okazj\u0105 do wzajemnych spotka\u0144 w uczelni i powrotu do pi\u0119knych lat m\u0142odo\u015bci sp\u0119dzonych tu pod Wawelem na rogu alei i Reymonta.<\/p>\n\n\n\n<p>I wszystkim wam \u017cycz\u0119, aby kolejny ju\u017c 2026 rok w tej naszej erze by\u0142 pomy\u015blny, radosny i pe\u0142en sukces\u00f3w. Nade wszystko \u017cycz\u0119, aby zawsze otaczali was ludzie dobrzy, gotowi na serdeczny u\u015bmiech ale i na pomoc gdy zajdzie tego potrzeba.<\/p>\n\n\n\n<p><strong>Wszystkiego najlepszego!<br>Szcz\u0119\u015b\u0107 Bo\u017ce.<\/strong><\/p>\n\n\n\n<p>Po wyst\u0105pieniu prezesa SW AGH, zebranym \u017cyczenia z\u0142o\u017cyli:<\/p>\n\n\n\n<ul class=\"wp-block-list\">\n<li>prof. Piotr Laidler \u2013 prezes SA UJ;<\/li>\n<\/ul>\n\n\n\n<figure class=\"wp-block-image size-large\"><img loading=\"lazy\" decoding=\"async\" width=\"1015\" height=\"1024\" src=\"https:\/\/swagh.agh.edu.pl\/wp-content\/uploads\/2026\/01\/spotkanie_noworoczne__1451__05-1015x1024.jpg\" alt=\"\" class=\"wp-image-7822\" srcset=\"https:\/\/swagh.agh.edu.pl\/wp-content\/uploads\/2026\/01\/spotkanie_noworoczne__1451__05-1015x1024.jpg 1015w, https:\/\/swagh.agh.edu.pl\/wp-content\/uploads\/2026\/01\/spotkanie_noworoczne__1451__05-297x300.jpg 297w, https:\/\/swagh.agh.edu.pl\/wp-content\/uploads\/2026\/01\/spotkanie_noworoczne__1451__05-768x775.jpg 768w, https:\/\/swagh.agh.edu.pl\/wp-content\/uploads\/2026\/01\/spotkanie_noworoczne__1451__05-1522x1536.jpg 1522w, https:\/\/swagh.agh.edu.pl\/wp-content\/uploads\/2026\/01\/spotkanie_noworoczne__1451__05.jpg 1570w\" sizes=\"auto, (max-width: 1015px) 100vw, 1015px\" \/><figcaption class=\"wp-element-caption\">prof. Piotr Laidler \u2013 prezes SA UJ (fot. Z. Sulima)<\/figcaption><\/figure>\n\n\n\n<ul class=\"wp-block-list\">\n<li>w imieniu prof. Jerzego Lisa \u2013 Rektora AGH, prof. Krzysztof Mendrok \u2013 Prorektor ds. Kszta\u0142cenia;<\/li>\n<\/ul>\n\n\n<div class=\"wp-block-image\">\n<figure class=\"aligncenter size-large\"><img loading=\"lazy\" decoding=\"async\" width=\"1024\" height=\"684\" src=\"https:\/\/swagh.agh.edu.pl\/wp-content\/uploads\/2026\/01\/spotkanie_noworoczne__1440__06-1024x684.jpg\" alt=\"\" class=\"wp-image-7823\" srcset=\"https:\/\/swagh.agh.edu.pl\/wp-content\/uploads\/2026\/01\/spotkanie_noworoczne__1440__06-1024x684.jpg 1024w, https:\/\/swagh.agh.edu.pl\/wp-content\/uploads\/2026\/01\/spotkanie_noworoczne__1440__06-300x200.jpg 300w, https:\/\/swagh.agh.edu.pl\/wp-content\/uploads\/2026\/01\/spotkanie_noworoczne__1440__06-768x513.jpg 768w, https:\/\/swagh.agh.edu.pl\/wp-content\/uploads\/2026\/01\/spotkanie_noworoczne__1440__06-1536x1025.jpg 1536w, https:\/\/swagh.agh.edu.pl\/wp-content\/uploads\/2026\/01\/spotkanie_noworoczne__1440__06-2048x1367.jpg 2048w, https:\/\/swagh.agh.edu.pl\/wp-content\/uploads\/2026\/01\/spotkanie_noworoczne__1440__06-420x280.jpg 420w\" sizes=\"auto, (max-width: 1024px) 100vw, 1024px\" \/><figcaption class=\"wp-element-caption\">prof. Krzysztof Mendrok \u2013 Prorektor ds. Kszta\u0142cenia (fot. Z. Sulima)<\/figcaption><\/figure>\n<\/div>\n\n\n<ul class=\"wp-block-list\">\n<li>seniorzy z ko\u0142a Trybunalskiego Antoni Michalak oraz Boles\u0142aw Herudzi\u0144ski.<\/li>\n<\/ul>\n\n\n<div class=\"wp-block-image\">\n<figure class=\"aligncenter size-large\"><img loading=\"lazy\" decoding=\"async\" width=\"1024\" height=\"684\" src=\"https:\/\/swagh.agh.edu.pl\/wp-content\/uploads\/2026\/01\/spotkanie_noworoczne__1460__07-1024x684.jpg\" alt=\"\" class=\"wp-image-7824\" srcset=\"https:\/\/swagh.agh.edu.pl\/wp-content\/uploads\/2026\/01\/spotkanie_noworoczne__1460__07-1024x684.jpg 1024w, https:\/\/swagh.agh.edu.pl\/wp-content\/uploads\/2026\/01\/spotkanie_noworoczne__1460__07-300x200.jpg 300w, https:\/\/swagh.agh.edu.pl\/wp-content\/uploads\/2026\/01\/spotkanie_noworoczne__1460__07-768x513.jpg 768w, https:\/\/swagh.agh.edu.pl\/wp-content\/uploads\/2026\/01\/spotkanie_noworoczne__1460__07-1536x1025.jpg 1536w, https:\/\/swagh.agh.edu.pl\/wp-content\/uploads\/2026\/01\/spotkanie_noworoczne__1460__07-2048x1367.jpg 2048w, https:\/\/swagh.agh.edu.pl\/wp-content\/uploads\/2026\/01\/spotkanie_noworoczne__1460__07-420x280.jpg 420w\" sizes=\"auto, (max-width: 1024px) 100vw, 1024px\" \/><figcaption class=\"wp-element-caption\">\u017byczenia sk\u0142ada pan Antoni Michalak (fot. Z. Sulima)<\/figcaption><\/figure>\n<\/div>\n\n\n<figure class=\"wp-block-image size-large\"><img loading=\"lazy\" decoding=\"async\" width=\"1024\" height=\"684\" src=\"https:\/\/swagh.agh.edu.pl\/wp-content\/uploads\/2026\/01\/spotkanie_noworoczne__1467__08-1024x684.jpg\" alt=\"\" class=\"wp-image-7825\" srcset=\"https:\/\/swagh.agh.edu.pl\/wp-content\/uploads\/2026\/01\/spotkanie_noworoczne__1467__08-1024x684.jpg 1024w, https:\/\/swagh.agh.edu.pl\/wp-content\/uploads\/2026\/01\/spotkanie_noworoczne__1467__08-300x200.jpg 300w, https:\/\/swagh.agh.edu.pl\/wp-content\/uploads\/2026\/01\/spotkanie_noworoczne__1467__08-768x513.jpg 768w, https:\/\/swagh.agh.edu.pl\/wp-content\/uploads\/2026\/01\/spotkanie_noworoczne__1467__08-1536x1025.jpg 1536w, https:\/\/swagh.agh.edu.pl\/wp-content\/uploads\/2026\/01\/spotkanie_noworoczne__1467__08-2048x1367.jpg 2048w, https:\/\/swagh.agh.edu.pl\/wp-content\/uploads\/2026\/01\/spotkanie_noworoczne__1467__08-420x280.jpg 420w\" sizes=\"auto, (max-width: 1024px) 100vw, 1024px\" \/><figcaption class=\"wp-element-caption\">\u017byczenia sk\u0142ada pan Boles\u0142aw Herudzi\u0144ski (fot. Z. Sulima)<\/figcaption><\/figure>\n\n\n\n<p>Opraw\u0119 muzyczn\u0105, tradycyjnie ju\u017c, zapewni\u0142a, kapela Zespo\u0142u Pie\u015bni i Ta\u0144ca AGH \u201eKrakus\u201d, a pi\u0119kny st\u00f3\u0142 \u015bwi\u0105teczny r\u00f3wnie tradycyjnie przygotowa\u0142a pani Ewa S\u0105siada (Cafeteria paw. C-2).<\/p>\n\n\n\n<figure class=\"wp-block-image size-large\"><img loading=\"lazy\" decoding=\"async\" width=\"1024\" height=\"684\" src=\"https:\/\/swagh.agh.edu.pl\/wp-content\/uploads\/2026\/01\/spotkanie_noworoczne__1579__09-1024x684.jpg\" alt=\"\" class=\"wp-image-7826\" srcset=\"https:\/\/swagh.agh.edu.pl\/wp-content\/uploads\/2026\/01\/spotkanie_noworoczne__1579__09-1024x684.jpg 1024w, https:\/\/swagh.agh.edu.pl\/wp-content\/uploads\/2026\/01\/spotkanie_noworoczne__1579__09-300x200.jpg 300w, https:\/\/swagh.agh.edu.pl\/wp-content\/uploads\/2026\/01\/spotkanie_noworoczne__1579__09-768x513.jpg 768w, https:\/\/swagh.agh.edu.pl\/wp-content\/uploads\/2026\/01\/spotkanie_noworoczne__1579__09-1536x1025.jpg 1536w, https:\/\/swagh.agh.edu.pl\/wp-content\/uploads\/2026\/01\/spotkanie_noworoczne__1579__09-2048x1367.jpg 2048w, https:\/\/swagh.agh.edu.pl\/wp-content\/uploads\/2026\/01\/spotkanie_noworoczne__1579__09-420x280.jpg 420w\" sizes=\"auto, (max-width: 1024px) 100vw, 1024px\" \/><figcaption class=\"wp-element-caption\">Kapela z Zespo\u0142u Pie\u015bni i Ta\u0144ca AGH &#8222;Krakus&#8221; (fot. Z. Sulima)<\/figcaption><\/figure>\n\n\n\n<p>W nastr\u00f3j \u015bwi\u0105teczny, przy akompaniamencie gitary, wprowadzi\u0142 zgromadzonych prof. Stanis\u0142aw Tokarski, prezentuj\u0105c trzy pastora\u0142ki swojego autorstwa.<\/p>\n\n\n<div class=\"wp-block-image\">\n<figure class=\"aligncenter size-large\"><img loading=\"lazy\" decoding=\"async\" width=\"1024\" height=\"684\" src=\"https:\/\/swagh.agh.edu.pl\/wp-content\/uploads\/2026\/01\/spotkanie_noworoczne__1495__10-1024x684.jpg\" alt=\"\" class=\"wp-image-7827\" srcset=\"https:\/\/swagh.agh.edu.pl\/wp-content\/uploads\/2026\/01\/spotkanie_noworoczne__1495__10-1024x684.jpg 1024w, https:\/\/swagh.agh.edu.pl\/wp-content\/uploads\/2026\/01\/spotkanie_noworoczne__1495__10-300x200.jpg 300w, https:\/\/swagh.agh.edu.pl\/wp-content\/uploads\/2026\/01\/spotkanie_noworoczne__1495__10-768x513.jpg 768w, https:\/\/swagh.agh.edu.pl\/wp-content\/uploads\/2026\/01\/spotkanie_noworoczne__1495__10-1536x1025.jpg 1536w, https:\/\/swagh.agh.edu.pl\/wp-content\/uploads\/2026\/01\/spotkanie_noworoczne__1495__10-2048x1367.jpg 2048w, https:\/\/swagh.agh.edu.pl\/wp-content\/uploads\/2026\/01\/spotkanie_noworoczne__1495__10-420x280.jpg 420w\" sizes=\"auto, (max-width: 1024px) 100vw, 1024px\" \/><figcaption class=\"wp-element-caption\">Profesor Stanis\u0142aw Tokarski (fot. Z. Sulima)<\/figcaption><\/figure>\n<\/div>\n\n\n<p>Teksty pastora\u0142ek zaprezentowanych przez prof. S. Tokarskiego:<\/p>\n\n\n\n<div class=\"wp-block-columns is-layout-flex wp-container-core-columns-is-layout-9d6595d7 wp-block-columns-is-layout-flex\">\n<div class=\"wp-block-column is-layout-flow wp-block-column-is-layout-flow\">\n<pre class=\"wp-block-verse\"><strong>Gdzie jest ta Moc?<\/strong><br>Zn\u00f3w \u015awi\u0119ta w marketach, zn\u00f3w \u015awi\u0119ta w TV,<br>Podnosisz r\u0105cz\u0119ta, ach Jezu, to Ty?<br>Dlaczego w promocji, tak prawie za free,<br>Jezu Ty? Czy to Ty?<br>\tGdzie jest ta Moc,<br>\tCo zmieni los, ludzki los?<br>Do kogo przychodzisz, czy kto\u015b czeka Ci\u0119<br>Na Ziemi zatrutej, gdzie p\u0142ynie zn\u00f3w krew?<br>W ruinach i ch\u0142odzie tak czeka\u0107 na \u015bmier\u0107,<br>Jezu chcesz? Chcesz na \u015bmier\u0107?<br>\tGdzie jest ta Moc,<br>\tCo zmieni los, ludzki los?<br>Sk\u0105d w Tobie cz\u0142owieku nienawi\u015b\u0107 i z\u0142o<br>By r\u0119k\u0119 podnosi\u0107 i niszczy\u0107 nasz Dom?<br>A\u017c Ziemia male\u0144ka rozsypie si\u0119 w proch,<br>Podnie\u015b Sw\u0105, Jezu Sw\u0105\u2026<br>\tGdzie jest ta Moc,<br>\tCo zmieni los, ludzki los?<br>Czy zdo\u0142asz obroni\u0107 cz\u0142owieka przed nim,<br>Nim samym szalonym \u017c\u0105dzami, we krwi?<br>Czy starczy nadziei i jednej cho\u0107 \u0142zy,<br>Twojej \u0142zy? Jezu \u0142zy\u2026<br>\tGdzie jest ta Moc,<br>\tCo zmieni los, ludzki los?<br>Wi\u0119c w Noc Wigilijn\u0105, zm\u0119czony, bez tchu<br>Zapragnij tej Mocy cz\u0142owieku, jak d\u017cd\u017cu.<br>Pokojem na \u015bwiecie zape\u0142nij nasz dom<br>Jezu m\u00f3j, Cz\u0142owieku m\u00f3j\u2026<br>\tGdzie jest ta Moc,<br>\tCo zmieni los, ludzki los?<br><\/pre>\n<\/div>\n\n\n\n<div class=\"wp-block-column is-layout-flow wp-block-column-is-layout-flow\">\n<pre class=\"wp-block-verse\"><strong>Jezu, gdzie dzi\u015b si\u0119 rodzisz?<br><\/strong>Jezu, gdzie dzi\u015b si\u0119 rodzisz?<br>Na kt\u00f3rej z galaktyk i gwiazd?<br>Na jakiej planecie, Ty Bo\u017ce Dzieci\u0119,<br>Tw\u00f3j \u017c\u0142\u00f3bek, Tw\u00f3j strach i Tw\u00f3j p\u0142acz?<br>\tP\u0142acz Jezu ma\u0142y, Tw\u00f3j dziecka p\u0142acz, Niech zadr\u017cy w nas.<br>Na Ziemi si\u0119 rodzi\u0142e\u015b<br>W Drodze Mlecznej male\u0144kiej z gwiazd.<br>Czy Ci dobrze by\u0142o, czy znajdziesz mi\u0142o\u015b\u0107,<br>Gdy wpadniesz po drodze, ot tak\u2026<br>\tP\u0142acz Jezu ma\u0142y, Tw\u00f3j dziecka p\u0142acz, Niech skruszy nas.<br>Z twarz\u0105 Innego stukasz<br>Do drzwi, do serc w narodzin czas.<br>Jak ujrze\u0107 Ci\u0119 Dzieci\u0119 w tej Innej kobiecie,<br>Co z dzieckiem (z Tob\u0105?), w lesie, bez szans?<br>\tP\u0142acz Jezu ma\u0142y, Tw\u00f3j dziecka p\u0142acz, Niech bije w nas.<br>Talerz pusty na stole,<br>Za oknem \u015bnieg, miliony gwiazd.<br>Mo\u017ce wreszcie p\u0119knie, co dzieli odejdzie<br>W t\u0119 noc gdy narodzin Twych czas.<br>\tP\u0142acz Jezu ma\u0142y, Tw\u00f3j dziecka p\u0142acz, Niech p\u0119knie w nas.<br>Musisz p\u0119dzi\u0107 do Innych.<br>Na orbitach milion\u00f3w gwiazd<br>W mi\u0142o\u015bci eterze uczucia kwanty drgaj\u0105<br>W kosmiczny mi\u0142o\u015bci takt.<br>\tP\u0142acz Jezu ma\u0142y, Tw\u00f3j dziecka p\u0142acz, Tak niech drga w nas.<br><\/pre>\n<\/div>\n<\/div>\n\n\n\n<div class=\"wp-block-columns is-layout-flex wp-container-core-columns-is-layout-9d6595d7 wp-block-columns-is-layout-flex\">\n<div class=\"wp-block-column is-layout-flow wp-block-column-is-layout-flow\">\n<pre class=\"wp-block-verse\"><strong>Wigilia dla nieobecnych<\/strong><br>W grudniow\u0105 noc, gwie\u017adzist\u0105 noc,<br>Gdy niebo si\u0119 skrzy,<br>Szuka\u0142em ich, wo\u0142a\u0142em ich,<br>Lecz wszech\u015bwiat jak g\u0142uchy by\u0142.<br>Stuka\u0142em w drzwi, nie otwar\u0142 nikt,<br>\tDom te\u017c pusty by\u0142,<br>\tA zimny gr\u00f3b, cho\u0107 blaskiem l\u015bni\u0142,<br>\tWszak tylko mogi\u0142\u0105 by\u0142.<br>\t\tWiary \u0142yk, nadziei k\u0119s,<br>\t\tCzy tu i w tym jest sens?<br>Gdy rodzisz si\u0119, do \u017cywych chcesz,<br>Dla \u017cywych Twa moc,<br>A tam jak jest, czy oni te\u017c<br>Do sto\u0142u si\u0105d\u0105 w t\u0119 noc?<br>\tKto stanie przy ich stole i<br>\tWzruszony, przez \u0142zy,<br>\tW t\u0119 cich\u0105 noc, Wigilii noc,<br><br>\t\u017byczenia zn\u00f3w z\u0142o\u017cy Ci?<br>\t\tWiary \u0142yk, nadziei k\u0119s,<br>\t\t\u017be tu i w tym jest sens.<br>Gdzie niebo ich i gdzie ich raj,<br>Na ziemi czy w\u015br\u00f3d gwiazd?<br>Nie zawied\u017a ich, daj wieczny wikt,<br>Bo w Ciebie wierzyli tak.<br>\tWi\u0119c gdy w t\u0119 noc, objawisz moc,<br>\tZnowu narodzisz si\u0119,<br>\tPo\u0142\u0105cz nasz st\u00f3\u0142, ze sto\u0142em ich,<br>\tZ \u017cywymi op\u0142atkiem dziel.<br>\t\tWiary \u0142yk, nadziei k\u0119s,<br>\t\t\u017be \u017cycie na tej Ziemi ma sens.<br><\/pre>\n<\/div>\n<\/div>\n\n\n\n<p>Nadszed\u0142 moment kulminacyjny \u015bwi\u0105tecznego spotkania. Ksi\u0105dz Leszek Garstka pob\u0142ogos\u0142awi\u0142 op\u0142atki, kt\u00f3rymi podzielili si\u0119 zgromadzeni sk\u0142adaj\u0105c sobie serdeczne \u017cyczenia.<\/p>\n\n\n<div class=\"wp-block-image\">\n<figure class=\"aligncenter size-large\"><img loading=\"lazy\" decoding=\"async\" width=\"1024\" height=\"684\" src=\"https:\/\/swagh.agh.edu.pl\/wp-content\/uploads\/2026\/01\/spotkanie_noworoczne__1530__11-1024x684.jpg\" alt=\"\" class=\"wp-image-7829\" srcset=\"https:\/\/swagh.agh.edu.pl\/wp-content\/uploads\/2026\/01\/spotkanie_noworoczne__1530__11-1024x684.jpg 1024w, https:\/\/swagh.agh.edu.pl\/wp-content\/uploads\/2026\/01\/spotkanie_noworoczne__1530__11-300x200.jpg 300w, https:\/\/swagh.agh.edu.pl\/wp-content\/uploads\/2026\/01\/spotkanie_noworoczne__1530__11-768x513.jpg 768w, https:\/\/swagh.agh.edu.pl\/wp-content\/uploads\/2026\/01\/spotkanie_noworoczne__1530__11-1536x1025.jpg 1536w, https:\/\/swagh.agh.edu.pl\/wp-content\/uploads\/2026\/01\/spotkanie_noworoczne__1530__11-2048x1367.jpg 2048w, https:\/\/swagh.agh.edu.pl\/wp-content\/uploads\/2026\/01\/spotkanie_noworoczne__1530__11-420x280.jpg 420w\" sizes=\"auto, (max-width: 1024px) 100vw, 1024px\" \/><figcaption class=\"wp-element-caption\">Ksi\u0105dz Leszek Garstka b\u0142ogos\u0142awi op\u0142atki przygotowane na spotkanie (fot. Z. Sulima)<\/figcaption><\/figure>\n<\/div>\n\n\n<figure class=\"wp-block-image size-large\"><img loading=\"lazy\" decoding=\"async\" width=\"1024\" height=\"684\" src=\"https:\/\/swagh.agh.edu.pl\/wp-content\/uploads\/2026\/01\/spotkanie_noworoczne__1557__12-1024x684.jpg\" alt=\"\" class=\"wp-image-7830\" srcset=\"https:\/\/swagh.agh.edu.pl\/wp-content\/uploads\/2026\/01\/spotkanie_noworoczne__1557__12-1024x684.jpg 1024w, https:\/\/swagh.agh.edu.pl\/wp-content\/uploads\/2026\/01\/spotkanie_noworoczne__1557__12-300x200.jpg 300w, https:\/\/swagh.agh.edu.pl\/wp-content\/uploads\/2026\/01\/spotkanie_noworoczne__1557__12-768x513.jpg 768w, https:\/\/swagh.agh.edu.pl\/wp-content\/uploads\/2026\/01\/spotkanie_noworoczne__1557__12-1536x1025.jpg 1536w, https:\/\/swagh.agh.edu.pl\/wp-content\/uploads\/2026\/01\/spotkanie_noworoczne__1557__12-2048x1367.jpg 2048w, https:\/\/swagh.agh.edu.pl\/wp-content\/uploads\/2026\/01\/spotkanie_noworoczne__1557__12-420x280.jpg 420w\" sizes=\"auto, (max-width: 1024px) 100vw, 1024px\" \/><figcaption class=\"wp-element-caption\">(fot. Z. Sulima)<\/figcaption><\/figure>\n\n\n\n<p>Przy pocz\u0119stunku z suto zastawionego sto\u0142u wybrzmia\u0142y kol\u0119dy \u015bpiewane przez przyby\u0142ych, a kiedy wybrzmia\u0142a ju\u017c ostatnia pie\u015b\u0144 \u015bwi\u0105teczna rzecznicy k\u00f3\u0142 terenowych SW, obecni na spotkaniu, udali si\u0119 do Klubu Profesora (to te\u017c tradycyjne spotkanie) gdzie prof. P. Czaja \u2013 Prezes SW, podsumowa\u0142 poprzedni rok dzia\u0142alno\u015bci stowarzyszenia i nakre\u015bli\u0142 plany na 2026 rok, w kt\u00f3rym bardzo wa\u017cnym wydarzeniem b\u0119d\u0105 wybory w\u0142adz stowarzyszenia, kt\u00f3re odb\u0119d\u0105 si\u0119 ju\u017c zupe\u0142nie nie d\u0142ugo, bo 26 lutego 2026 roku.<\/p>\n\n\n<div class=\"wp-block-image\">\n<figure class=\"aligncenter size-large\"><img loading=\"lazy\" decoding=\"async\" width=\"1024\" height=\"684\" src=\"https:\/\/swagh.agh.edu.pl\/wp-content\/uploads\/2026\/01\/spotkanie_noworoczne__1619__13-1024x684.jpg\" alt=\"\" class=\"wp-image-7831\" srcset=\"https:\/\/swagh.agh.edu.pl\/wp-content\/uploads\/2026\/01\/spotkanie_noworoczne__1619__13-1024x684.jpg 1024w, https:\/\/swagh.agh.edu.pl\/wp-content\/uploads\/2026\/01\/spotkanie_noworoczne__1619__13-300x200.jpg 300w, https:\/\/swagh.agh.edu.pl\/wp-content\/uploads\/2026\/01\/spotkanie_noworoczne__1619__13-768x513.jpg 768w, https:\/\/swagh.agh.edu.pl\/wp-content\/uploads\/2026\/01\/spotkanie_noworoczne__1619__13-1536x1025.jpg 1536w, https:\/\/swagh.agh.edu.pl\/wp-content\/uploads\/2026\/01\/spotkanie_noworoczne__1619__13-2048x1367.jpg 2048w, https:\/\/swagh.agh.edu.pl\/wp-content\/uploads\/2026\/01\/spotkanie_noworoczne__1619__13-420x280.jpg 420w\" sizes=\"auto, (max-width: 1024px) 100vw, 1024px\" \/><figcaption class=\"wp-element-caption\">Spotkanie rzecznik\u00f3w k\u00f3\u0142 terenowych SW w Klubie Profesora (fot. Z. Sulima)<\/figcaption><\/figure>\n<\/div>","protected":false},"excerpt":{"rendered":"<p>12 stycznia 2026 roku odby\u0142o si\u0119 w auli AGH tradycyjne \u015bwi\u0105teczno-noworoczne spotkanie Stowarzyszenia Wychowank\u00f3w AGH. Jako pierwszy g\u0142os zabra\u0142 prof. Piotr Czaja \u2013 Prezes Stowarzyszenia Wychowank\u00f3w AGH, recytuj\u0105c wiersz napisany w 1999 roku przez Wand\u0119<\/p>\n","protected":false},"author":1,"featured_media":7836,"comment_status":"closed","ping_status":"open","sticky":false,"template":"","format":"standard","meta":{"footnotes":"","_links_to":"","_links_to_target":""},"categories":[1],"tags":[],"class_list":["post-7817","post","type-post","status-publish","format-standard","has-post-thumbnail","hentry","category-bez-kategorii"],"_links":{"self":[{"href":"https:\/\/swagh.agh.edu.pl\/index.php?rest_route=\/wp\/v2\/posts\/7817","targetHints":{"allow":["GET"]}}],"collection":[{"href":"https:\/\/swagh.agh.edu.pl\/index.php?rest_route=\/wp\/v2\/posts"}],"about":[{"href":"https:\/\/swagh.agh.edu.pl\/index.php?rest_route=\/wp\/v2\/types\/post"}],"author":[{"embeddable":true,"href":"https:\/\/swagh.agh.edu.pl\/index.php?rest_route=\/wp\/v2\/users\/1"}],"replies":[{"embeddable":true,"href":"https:\/\/swagh.agh.edu.pl\/index.php?rest_route=%2Fwp%2Fv2%2Fcomments&post=7817"}],"version-history":[{"count":7,"href":"https:\/\/swagh.agh.edu.pl\/index.php?rest_route=\/wp\/v2\/posts\/7817\/revisions"}],"predecessor-version":[{"id":7862,"href":"https:\/\/swagh.agh.edu.pl\/index.php?rest_route=\/wp\/v2\/posts\/7817\/revisions\/7862"}],"wp:featuredmedia":[{"embeddable":true,"href":"https:\/\/swagh.agh.edu.pl\/index.php?rest_route=\/wp\/v2\/media\/7836"}],"wp:attachment":[{"href":"https:\/\/swagh.agh.edu.pl\/index.php?rest_route=%2Fwp%2Fv2%2Fmedia&parent=7817"}],"wp:term":[{"taxonomy":"category","embeddable":true,"href":"https:\/\/swagh.agh.edu.pl\/index.php?rest_route=%2Fwp%2Fv2%2Fcategories&post=7817"},{"taxonomy":"post_tag","embeddable":true,"href":"https:\/\/swagh.agh.edu.pl\/index.php?rest_route=%2Fwp%2Fv2%2Ftags&post=7817"}],"curies":[{"name":"wp","href":"https:\/\/api.w.org\/{rel}","templated":true}]}}