{"id":7849,"date":"2026-01-21T10:23:05","date_gmt":"2026-01-21T09:23:05","guid":{"rendered":"https:\/\/swagh.agh.edu.pl\/?p=7849"},"modified":"2026-01-21T10:23:05","modified_gmt":"2026-01-21T09:23:05","slug":"doroczne-spotkanie-noworoczne-w-stowarzyszeniu-absolwentow-uj","status":"publish","type":"post","link":"https:\/\/swagh.agh.edu.pl\/?p=7849","title":{"rendered":"Doroczne spotkanie noworoczne w Stowarzyszeniu Absolwent\u00f3w UJ"},"content":{"rendered":"\n<p>17 stycznia 2026 roku w najs\u0142ynniejszej auli uniwersyteckiej Polski czyli Auli Collegium Novum Uniwersytetu Jagiello\u0144skiego odby\u0142o si\u0119 doroczne spotkanie noworoczne Stowarzyszenia Absolwent\u00f3w UJ. Uroczysto\u015b\u0107 starannie przygotowana i poprowadzona \u2013 jak zwykle z wielk\u0105 klas\u0105 przez prof. Piotra Laidlera \u2013 Prezesa SAUJ, zgromadzi\u0142a rekordowo du\u017c\u0105 liczb\u0119 uczestnik\u00f3w.<\/p>\n\n\n<div class=\"wp-block-image\">\n<figure class=\"aligncenter size-large\"><img loading=\"lazy\" decoding=\"async\" width=\"1024\" height=\"768\" src=\"https:\/\/swagh.agh.edu.pl\/wp-content\/uploads\/2026\/01\/SA_UJ__01-1024x768.jpg\" alt=\"\" class=\"wp-image-7850\" srcset=\"https:\/\/swagh.agh.edu.pl\/wp-content\/uploads\/2026\/01\/SA_UJ__01-1024x768.jpg 1024w, https:\/\/swagh.agh.edu.pl\/wp-content\/uploads\/2026\/01\/SA_UJ__01-300x225.jpg 300w, https:\/\/swagh.agh.edu.pl\/wp-content\/uploads\/2026\/01\/SA_UJ__01-768x576.jpg 768w, https:\/\/swagh.agh.edu.pl\/wp-content\/uploads\/2026\/01\/SA_UJ__01-1536x1152.jpg 1536w, https:\/\/swagh.agh.edu.pl\/wp-content\/uploads\/2026\/01\/SA_UJ__01.jpg 1600w\" sizes=\"auto, (max-width: 1024px) 100vw, 1024px\" \/><figcaption class=\"wp-element-caption\">Otwarcie uroczysto\u015bci przez prof. Piotra Laidlera \u2013 prezesa SAUJ (fot. P. Czaja)<\/figcaption><\/figure>\n<\/div>\n\n\n<p>W\u015br\u00f3d uczestnik\u00f3w byli: urz\u0119duj\u0105cy prorektorzy UJ: prof. Jaros\u0142aw G\u00f3rniak oraz prof. Pawe\u0142 Laidler oraz by\u0142y rektor prof. Wojciech Nowak, a tak\u017ce wiele os\u00f3b spo\u015br\u00f3d kierownictwa uczelni. Go\u015bciem specjalnym by\u0142 ks. prof. Kazimierz Panu\u015b Proboszcz Kolegiaty \u015bw. Anny. Byli tak\u017ce obecni liczni absolwenci UJ \u2013 przedstawiciele wielu organizacji wsp\u00f3\u0142pracuj\u0105cych ze stowarzyszeniem jak: pani Jadwiga Duda \u2013 prezes Towarzystwa Przyjaci\u00f3\u0142 Wieliczki, pani Zofia Sitko \u2013 prezes Stowarzyszenia Bochniak\u00f3w i Przyjaci\u00f3\u0142 Ziemi Boche\u0144skiej, Pani Janina Bober \u2013 wiceprezes Zwi\u0105zku Sybirak\u00f3w Oddzia\u0142 w Krakowie oraz prezesi stowarzysze\u0144 absolwenckich w AGH prof. Piotr Czaja i w UG pan Eligiusz Micha\u0142ek.<\/p>\n\n\n<div class=\"wp-block-image\">\n<figure class=\"aligncenter size-large\"><img loading=\"lazy\" decoding=\"async\" width=\"1024\" height=\"768\" src=\"https:\/\/swagh.agh.edu.pl\/wp-content\/uploads\/2026\/01\/SA_UJ__02-1024x768.jpg\" alt=\"\" class=\"wp-image-7851\" srcset=\"https:\/\/swagh.agh.edu.pl\/wp-content\/uploads\/2026\/01\/SA_UJ__02-1024x768.jpg 1024w, https:\/\/swagh.agh.edu.pl\/wp-content\/uploads\/2026\/01\/SA_UJ__02-300x225.jpg 300w, https:\/\/swagh.agh.edu.pl\/wp-content\/uploads\/2026\/01\/SA_UJ__02-768x576.jpg 768w, https:\/\/swagh.agh.edu.pl\/wp-content\/uploads\/2026\/01\/SA_UJ__02-1536x1152.jpg 1536w, https:\/\/swagh.agh.edu.pl\/wp-content\/uploads\/2026\/01\/SA_UJ__02.jpg 1600w\" sizes=\"auto, (max-width: 1024px) 100vw, 1024px\" \/><figcaption class=\"wp-element-caption\">Uczestnicy spotkania w auli Collegium Novum (fot. P. Czaja)<\/figcaption><\/figure>\n<\/div>\n\n\n<p>Prezes prof. P. Laidler zaprezentowa\u0142 najwa\u017cniejsze wydarzenia 2025 roku w tym rezultaty Zjazdu Sprawozdawczo-Wyborczego, kt\u00f3ry 4 pa\u017adziernika 2025 roku wybra\u0142 nowe w\u0142adze w tym prof. P. Laidlera na prezesa w kolejnej kadencji.<\/p>\n\n\n\n<p>Jak zwykle w Stowarzyszeniu Absolwent\u00f3w UJ \u2013 spotkanie uszlachetniono muzyk\u0105 \u015bpiewem kol\u0119d i pastora\u0142ek \u2013 tym razem francuskich.<\/p>\n\n\n\n<p>Wydarzeniem dnia \u2013 dla Stowarzyszenia Wychowank\u00f3w AGH \u2013 by\u0142o wr\u0119czenie prof. Piotrowi Czai \u2013 prezesowi SW AGH, dyplomu Honorowego Cz\u0142onka Stowarzyszenia Absolwent\u00f3w UJ nadanego przez walne zgromadzenie SA UJ 4 pa\u017adziernika 2025 roku.<\/p>\n\n\n\n<div class=\"wp-block-columns is-layout-flex wp-container-core-columns-is-layout-9d6595d7 wp-block-columns-is-layout-flex\">\n<div class=\"wp-block-column is-layout-flow wp-block-column-is-layout-flow\">\n<figure class=\"wp-block-image size-large\"><img loading=\"lazy\" decoding=\"async\" width=\"726\" height=\"1024\" src=\"https:\/\/swagh.agh.edu.pl\/wp-content\/uploads\/2026\/01\/SA_UJ__03-726x1024.jpg\" alt=\"\" class=\"wp-image-7852\" srcset=\"https:\/\/swagh.agh.edu.pl\/wp-content\/uploads\/2026\/01\/SA_UJ__03-726x1024.jpg 726w, https:\/\/swagh.agh.edu.pl\/wp-content\/uploads\/2026\/01\/SA_UJ__03-213x300.jpg 213w, https:\/\/swagh.agh.edu.pl\/wp-content\/uploads\/2026\/01\/SA_UJ__03-768x1084.jpg 768w, https:\/\/swagh.agh.edu.pl\/wp-content\/uploads\/2026\/01\/SA_UJ__03-1089x1536.jpg 1089w, https:\/\/swagh.agh.edu.pl\/wp-content\/uploads\/2026\/01\/SA_UJ__03-1452x2048.jpg 1452w, https:\/\/swagh.agh.edu.pl\/wp-content\/uploads\/2026\/01\/SA_UJ__03-scaled.jpg 1814w\" sizes=\"auto, (max-width: 726px) 100vw, 726px\" \/><\/figure>\n<\/div>\n\n\n\n<div class=\"wp-block-column is-layout-flow wp-block-column-is-layout-flow\">\n<figure class=\"wp-block-image size-large\"><img loading=\"lazy\" decoding=\"async\" width=\"768\" height=\"1024\" src=\"https:\/\/swagh.agh.edu.pl\/wp-content\/uploads\/2026\/01\/SA_UJ__04-768x1024.jpg\" alt=\"\" class=\"wp-image-7853\" srcset=\"https:\/\/swagh.agh.edu.pl\/wp-content\/uploads\/2026\/01\/SA_UJ__04-768x1024.jpg 768w, https:\/\/swagh.agh.edu.pl\/wp-content\/uploads\/2026\/01\/SA_UJ__04-225x300.jpg 225w, https:\/\/swagh.agh.edu.pl\/wp-content\/uploads\/2026\/01\/SA_UJ__04-1152x1536.jpg 1152w, https:\/\/swagh.agh.edu.pl\/wp-content\/uploads\/2026\/01\/SA_UJ__04.jpg 1530w\" sizes=\"auto, (max-width: 768px) 100vw, 768px\" \/><figcaption class=\"wp-element-caption\">Wr\u0119czenie dyplomu dla Prezesa<br>Stowarzyszenia Wychowank\u00f3w AGH (fot. R. W. Wr\u00f3bel)<\/figcaption><\/figure>\n<\/div>\n<\/div>\n\n\n\n<p>Wyr\u00f3\u017cnienie to jest potwierdzeniem doskona\u0142ej i efektywnej wieloletniej wsp\u00f3\u0142pracy naszych stowarzysze\u0144.<\/p>\n\n\n\n<p>Po uroczystej cz\u0119\u015bci oficjalnej odby\u0142o si\u0119 spotkanie towarzyskie zapocz\u0105tkowane przez ks. prof. K. Panusia, kt\u00f3ry nawi\u0105zuj\u0105c do tradycji Bo\u017conarodzeniowej skierowa\u0142 do zebranych okoliczno\u015bciowe s\u0142owo oraz po\u015bwi\u0119ci\u0142 op\u0142atki, kt\u00f3rymi dzielili si\u0119 zebrani przy d\u017awi\u0119kach uroczych polskich kol\u0119d.<\/p>\n\n\n\n<p>Spotkanie to, jak wszystkie tego typu \u2013 by\u0142o okazj\u0105 do wzajemnych \u017cycze\u0144, rozm\u00f3w i pi\u0119knych wspomnie\u0144 tego co min\u0119\u0142o.<\/p>\n\n\n\n<p>Wszystkim cz\u0142onkom Stowarzyszenia Absolwent\u00f3w UJ sk\u0142adamy serdeczne podzi\u0119kowania za owocn\u0105 wsp\u00f3\u0142prac\u0119 i najlepsze \u017cyczenia \u201ePOMY\u015aLNEGO ROKU 2026\u201d.<\/p>\n\n\n\n<p>Zarz\u0105d Stowarzyszenia Wychowank\u00f3w AGH<\/p>\n","protected":false},"excerpt":{"rendered":"<p>17 stycznia 2026 roku w najs\u0142ynniejszej auli uniwersyteckiej Polski czyli Auli Collegium Novum Uniwersytetu Jagiello\u0144skiego odby\u0142o si\u0119 doroczne spotkanie noworoczne Stowarzyszenia Absolwent\u00f3w UJ. Uroczysto\u015b\u0107 starannie przygotowana i poprowadzona \u2013 jak zwykle z wielk\u0105 klas\u0105 przez<\/p>\n","protected":false},"author":1,"featured_media":7851,"comment_status":"closed","ping_status":"open","sticky":false,"template":"","format":"standard","meta":{"footnotes":"","_links_to":"","_links_to_target":""},"categories":[1],"tags":[],"class_list":["post-7849","post","type-post","status-publish","format-standard","has-post-thumbnail","hentry","category-bez-kategorii"],"_links":{"self":[{"href":"https:\/\/swagh.agh.edu.pl\/index.php?rest_route=\/wp\/v2\/posts\/7849","targetHints":{"allow":["GET"]}}],"collection":[{"href":"https:\/\/swagh.agh.edu.pl\/index.php?rest_route=\/wp\/v2\/posts"}],"about":[{"href":"https:\/\/swagh.agh.edu.pl\/index.php?rest_route=\/wp\/v2\/types\/post"}],"author":[{"embeddable":true,"href":"https:\/\/swagh.agh.edu.pl\/index.php?rest_route=\/wp\/v2\/users\/1"}],"replies":[{"embeddable":true,"href":"https:\/\/swagh.agh.edu.pl\/index.php?rest_route=%2Fwp%2Fv2%2Fcomments&post=7849"}],"version-history":[{"count":1,"href":"https:\/\/swagh.agh.edu.pl\/index.php?rest_route=\/wp\/v2\/posts\/7849\/revisions"}],"predecessor-version":[{"id":7854,"href":"https:\/\/swagh.agh.edu.pl\/index.php?rest_route=\/wp\/v2\/posts\/7849\/revisions\/7854"}],"wp:featuredmedia":[{"embeddable":true,"href":"https:\/\/swagh.agh.edu.pl\/index.php?rest_route=\/wp\/v2\/media\/7851"}],"wp:attachment":[{"href":"https:\/\/swagh.agh.edu.pl\/index.php?rest_route=%2Fwp%2Fv2%2Fmedia&parent=7849"}],"wp:term":[{"taxonomy":"category","embeddable":true,"href":"https:\/\/swagh.agh.edu.pl\/index.php?rest_route=%2Fwp%2Fv2%2Fcategories&post=7849"},{"taxonomy":"post_tag","embeddable":true,"href":"https:\/\/swagh.agh.edu.pl\/index.php?rest_route=%2Fwp%2Fv2%2Ftags&post=7849"}],"curies":[{"name":"wp","href":"https:\/\/api.w.org\/{rel}","templated":true}]}}