{"id":7855,"date":"2026-01-21T12:05:01","date_gmt":"2026-01-21T11:05:01","guid":{"rendered":"https:\/\/swagh.agh.edu.pl\/?p=7855"},"modified":"2026-01-21T12:05:02","modified_gmt":"2026-01-21T11:05:02","slug":"doroczne-spotkanie-kola-elektromontaz","status":"publish","type":"post","link":"https:\/\/swagh.agh.edu.pl\/?p=7855","title":{"rendered":"Doroczne spotkanie ko\u0142a \u201eElektromonta\u017c\u201d"},"content":{"rendered":"\n<p>20 stycznia 2026 roku w siedzibie Stowarzyszenia Elektryk\u00f3w Polskich \u2013 Oddzia\u0142 Nowa Huta spotkali si\u0119 Seniorzy \u2013 cz\u0142onkowie Ko\u0142a SW AGH \u201eElektromonta\u017c\u201d.<\/p>\n\n\n\n<p>Spotkaniu przewodniczy\u0142 Rzecznik Ko\u0142a in\u017c. Adam Ko\u0142odziejski, a go\u015bcinnie by\u0142 obecny r\u00f3wnie\u017c prof. Piotr Czaja \u2013 Prezes SW AGH.<\/p>\n\n\n<div class=\"wp-block-image\">\n<figure class=\"aligncenter size-large\"><img loading=\"lazy\" decoding=\"async\" width=\"1024\" height=\"768\" src=\"https:\/\/swagh.agh.edu.pl\/wp-content\/uploads\/2026\/01\/elektromontaz__02-1024x768.jpg\" alt=\"\" class=\"wp-image-7856\" srcset=\"https:\/\/swagh.agh.edu.pl\/wp-content\/uploads\/2026\/01\/elektromontaz__02-1024x768.jpg 1024w, https:\/\/swagh.agh.edu.pl\/wp-content\/uploads\/2026\/01\/elektromontaz__02-300x225.jpg 300w, https:\/\/swagh.agh.edu.pl\/wp-content\/uploads\/2026\/01\/elektromontaz__02-768x576.jpg 768w, https:\/\/swagh.agh.edu.pl\/wp-content\/uploads\/2026\/01\/elektromontaz__02-1536x1152.jpg 1536w, https:\/\/swagh.agh.edu.pl\/wp-content\/uploads\/2026\/01\/elektromontaz__02-2048x1536.jpg 2048w\" sizes=\"auto, (max-width: 1024px) 100vw, 1024px\" \/><figcaption class=\"wp-element-caption\">Uczestnicy spotkania w kole \u201eElektromonta\u017c\u201d (fot. P. Czaja)<\/figcaption><\/figure>\n<\/div>\n\n\n<p>Warunki pogodowe (silny mr\u00f3z) sprawi\u0142y, \u017ce tylko nieliczni cz\u0142onkowie tego ko\u0142a dotarli na spotkanie. W trakcie spotkania prof. P. Czaja przedstawi\u0142 zebranym najciekawsze wydarzenia ostatniego okresu w tym szczeg\u00f3\u0142ow\u0105 relacj\u0119 z obchod\u00f3w Jubileuszu 80-lecia Stowarzyszenia. Wszyscy obecni otrzymali egzemplarze <em>Kroniki<\/em> wydanej z okazji jubileuszu.<\/p>\n\n\n\n<p>Szczeg\u00f3lnie zacnym uczestnikiem spotkania by\u0142 Super Senior pan Kazimierz Kromin, kt\u00f3ry za kilka tygodni uko\u0144czy sw\u00f3j 101 rok \u017cycia.<\/p>\n\n\n<div class=\"wp-block-image\">\n<figure class=\"aligncenter size-large\"><img loading=\"lazy\" decoding=\"async\" width=\"762\" height=\"1024\" src=\"https:\/\/swagh.agh.edu.pl\/wp-content\/uploads\/2026\/01\/elektromontaz__03-762x1024.jpg\" alt=\"\" class=\"wp-image-7857\" srcset=\"https:\/\/swagh.agh.edu.pl\/wp-content\/uploads\/2026\/01\/elektromontaz__03-762x1024.jpg 762w, https:\/\/swagh.agh.edu.pl\/wp-content\/uploads\/2026\/01\/elektromontaz__03-223x300.jpg 223w, https:\/\/swagh.agh.edu.pl\/wp-content\/uploads\/2026\/01\/elektromontaz__03-768x1031.jpg 768w, https:\/\/swagh.agh.edu.pl\/wp-content\/uploads\/2026\/01\/elektromontaz__03-1144x1536.jpg 1144w, https:\/\/swagh.agh.edu.pl\/wp-content\/uploads\/2026\/01\/elektromontaz__03.jpg 1513w\" sizes=\"auto, (max-width: 762px) 100vw, 762px\" \/><figcaption class=\"wp-element-caption\">Pan Kazimierz Kromin podczas obchod\u00f3w setnej rocznicy urodzin w Klubie Profesora AGH<br>14 marca 2025 roku (fot. Z. Sulima)<\/figcaption><\/figure>\n<\/div>\n\n\n<p>Jak zwykle by\u0142y tradycyjne p\u0105czki, lampka wina i \u017cyczenia \u2013 pomy\u015blnego kolejnego roku. Prezes poinformowa\u0142 zebranych o przygotowaniach do X Krajowego Zjazdu Sprawozdawczo-Wyborczego Stowarzyszenia i zaprosi\u0142 do wyboru delegat\u00f3w na to wa\u017cne wydarzenie.<\/p>\n\n\n\n<p>Wszystkim cz\u0142onkom tego ko\u0142a dzi\u0119kujemy za owocn\u0105 wsp\u00f3\u0142prac\u0119 oraz \u017cyczymy du\u017co zdrowia i wszelkiej pomy\u015blno\u015bci w 2026 roku.<\/p>\n\n\n\n<p>Zarz\u0105d SW AGH<\/p>\n","protected":false},"excerpt":{"rendered":"<p>20 stycznia 2026 roku w siedzibie Stowarzyszenia Elektryk\u00f3w Polskich \u2013 Oddzia\u0142 Nowa Huta spotkali si\u0119 Seniorzy \u2013 cz\u0142onkowie Ko\u0142a SW AGH \u201eElektromonta\u017c\u201d. Spotkaniu przewodniczy\u0142 Rzecznik Ko\u0142a in\u017c. Adam Ko\u0142odziejski, a go\u015bcinnie by\u0142 obecny r\u00f3wnie\u017c prof.<\/p>\n","protected":false},"author":1,"featured_media":7858,"comment_status":"closed","ping_status":"open","sticky":false,"template":"","format":"standard","meta":{"footnotes":"","_links_to":"","_links_to_target":""},"categories":[1],"tags":[],"class_list":["post-7855","post","type-post","status-publish","format-standard","has-post-thumbnail","hentry","category-bez-kategorii"],"_links":{"self":[{"href":"https:\/\/swagh.agh.edu.pl\/index.php?rest_route=\/wp\/v2\/posts\/7855","targetHints":{"allow":["GET"]}}],"collection":[{"href":"https:\/\/swagh.agh.edu.pl\/index.php?rest_route=\/wp\/v2\/posts"}],"about":[{"href":"https:\/\/swagh.agh.edu.pl\/index.php?rest_route=\/wp\/v2\/types\/post"}],"author":[{"embeddable":true,"href":"https:\/\/swagh.agh.edu.pl\/index.php?rest_route=\/wp\/v2\/users\/1"}],"replies":[{"embeddable":true,"href":"https:\/\/swagh.agh.edu.pl\/index.php?rest_route=%2Fwp%2Fv2%2Fcomments&post=7855"}],"version-history":[{"count":1,"href":"https:\/\/swagh.agh.edu.pl\/index.php?rest_route=\/wp\/v2\/posts\/7855\/revisions"}],"predecessor-version":[{"id":7859,"href":"https:\/\/swagh.agh.edu.pl\/index.php?rest_route=\/wp\/v2\/posts\/7855\/revisions\/7859"}],"wp:featuredmedia":[{"embeddable":true,"href":"https:\/\/swagh.agh.edu.pl\/index.php?rest_route=\/wp\/v2\/media\/7858"}],"wp:attachment":[{"href":"https:\/\/swagh.agh.edu.pl\/index.php?rest_route=%2Fwp%2Fv2%2Fmedia&parent=7855"}],"wp:term":[{"taxonomy":"category","embeddable":true,"href":"https:\/\/swagh.agh.edu.pl\/index.php?rest_route=%2Fwp%2Fv2%2Fcategories&post=7855"},{"taxonomy":"post_tag","embeddable":true,"href":"https:\/\/swagh.agh.edu.pl\/index.php?rest_route=%2Fwp%2Fv2%2Ftags&post=7855"}],"curies":[{"name":"wp","href":"https:\/\/api.w.org\/{rel}","templated":true}]}}