{"id":8326,"date":"2026-09-01T12:52:55","date_gmt":"2026-09-01T10:52:55","guid":{"rendered":"https:\/\/swagh.agh.edu.pl\/?p=8326"},"modified":"2026-09-01T12:52:56","modified_gmt":"2026-09-01T10:52:56","slug":"zaproszenie-na-v-razv-rajd-akcji-zapomog","status":"publish","type":"post","link":"https:\/\/swagh.agh.edu.pl\/?p=8326","title":{"rendered":"Zaproszenie na\u2026 V RAZ(V Rajd Akcji Zapom\u00f3g)"},"content":{"rendered":"\n<p class=\"wp-block-paragraph\">Czyli, na V Charytatywny Rajd Pieszy \u201eOrle Gniazda 2026\u201d Akcji Zapom\u00f3g Stowarzyszenia Wychowank\u00f3w AGH \u2013 \u201eLiczy si\u0119 ka\u017cdy krok\u201d<\/p>\n\n\n\n<p class=\"wp-block-paragraph\">Wszystkich zainteresowanych i zaciekawionych zapraszam <strong>w niedziel\u0119<\/strong> <strong>4 pa\u017adziernika 2026 roku<\/strong> na kolejny \u2013 V Rajd Akcji Zapom\u00f3g SW AGH. Jak zawsze startujemy pod has\u0142em \u201eLiczy si\u0119 ka\u017cdy krok\u201d. Dla tych, kt\u00f3rzy nie poznali jeszcze naszej nowej idei pomocy najbardziej potrzebuj\u0105cym wychowankom AGH spiesz\u0119 z informacj\u0105, \u017ce jest to forma \u201echodzonej\u201d pomocy polegaj\u0105ca na tym, \u017ce za ka\u017cdy kilometr w\u0119dr\u00f3wki uczestnik przekazuje 1 z\u0142oty lub jego wielokrotno\u015b\u0107 na konto Akcji Zapom\u00f3g SWAGH. Ka\u017cdy z uczestnik\u00f3w decyduje sam o wielko\u015bci przelanej kwoty. Warto wiedzie\u0107, \u017ce wpisuj\u0105c s\u0142owo \u201edarowizna\u201d w tytule przelewu, mo\u017cna ca\u0142o\u015b\u0107 przelanej kwoty uwzgl\u0119dni\u0107 przy rocznym rozliczeniu PIT, jako \u017ce Stowarzyszenie Wychowank\u00f3w AGH od 2008 roku jest organizacj\u0105 po\u017cytku publicznego o numerze KRS: 0000084696.<\/p>\n\n\n\n<p class=\"wp-block-paragraph\">A sk\u0105d pomys\u0142 aby nie\u015b\u0107 pomoc?<\/p>\n\n\n\n<p class=\"wp-block-paragraph\">Stowarzyszenie Wychowank\u00f3w od pocz\u0105tku swojej dzia\u0142alno\u015bci anga\u017cuje si\u0119 w pomoc mniej zamo\u017cnym cz\u0142onkom i Wychowankom uczelni, kt\u00f3rzy znale\u017ali si\u0119 w trudnej sytuacji materialnej.<\/p>\n\n\n\n<p class=\"wp-block-paragraph\">Jednym z cel\u00f3w dzia\u0142ania Stowarzyszenia Wychowank\u00f3w Akademii G\u00f3rniczo-Hutniczej zapisanym w Statucie sStowarzyszenia jest niesienie pomocy materialnej wychowankom oraz wdowom i sierotom po wychowankach AGH. Ta po\u017cyteczna spo\u0142ecznie inicjatywa zrodzi\u0142a si\u0119 w 1945 roku w\u015br\u00f3d wychowank\u00f3w Akademii G\u00f3rniczej. Formalne usytuowanie si\u0119 Akcji Zapom\u00f3g nast\u0105pi\u0142o na zebraniu 15 lipca 1946 roku, podczas kt\u00f3rego powo\u0142ano Komisj\u0119 Kwalifikacyjn\u0105 do analizy otrzymanych wniosk\u00f3w o wsparcie zapomogowe. Na Zje\u017adzie Wychowank\u00f3w (jeszcze) Akademii G\u00f3rniczej 8 maja 1948 roku akcj\u0119 pomocow\u0105 przekazano Komitetowi Organizacyjnemu Stowarzyszenia Wychowank\u00f3w AGH. Wtedy to powsta\u0142a \u201eAkcja Zapom\u00f3g dla Wd\u00f3w i Sierot po zmar\u0142ych kolegach SW AGH\u201d. Zebrane \u015brodki przeznaczone by\u0142y tylko na jeden podstawowy cel: wspomaganie ludzi najbiedniejszych, bezradnych i schorowanych oczekuj\u0105cych cz\u0119stokro\u0107 ratunku. Si\u0142a dzia\u0142ania AZ trwa nieustannie do dzisiaj.<\/p>\n\n\n\n<p class=\"wp-block-paragraph\">Zesp\u00f3\u0142 ds. Akcji Zapom\u00f3g od momentu ukonstytuowania si\u0119 by\u0142 kolejno kierowanych przez koleg\u00f3w:\u00a0 K. Suszy\u0144skiego, J. Mi\u0105sika, E. Zaj\u0105ca, J. \u017belaznego, T. Rumanstorfera, S. Ksi\u0105skiego, T. Dudzica, H. Konieczko (w latach 1999\u20132016), S. Laska (w latach 2016\u20132021), a od grudnia 2021 roku zespo\u0142em kieruje Piotr Ubowski.<\/p>\n\n\n\n<p class=\"has-text-align-center wp-block-paragraph\">Akcj\u0119 Zapom\u00f3g mo\u017cna wspiera\u0107 wp\u0142acaj\u0105c datki na konto:<br><strong>Pekao SA 28 1240 4559 1111 0000 5418 4653<\/strong><\/p>\n\n\n\n<p class=\"wp-block-paragraph\">lub:<\/p>\n\n\n\n<p class=\"has-text-align-center wp-block-paragraph\">przekazuj\u0105c nam <strong>1,5 % swojego podatku<\/strong> w rozliczeniu rocznym.<br>W tym celu w swoim PIT nale\u017cy poda\u0107 nr <strong>KRS 0000084696<br><\/strong>Cel: Stowarzyszenie Wychowank\u00f3w AGH<\/p>\n\n\n\n<p class=\"wp-block-paragraph\"><strong>Szczeg\u00f3\u0142y V Rajdu AZ AD 2026<\/strong><\/p>\n\n\n\n<p class=\"wp-block-paragraph\">W tym roku przy\u015bwieca nam szczeg\u00f3lny cel \u2013 uczczenie 80 rocznicy powstania Akcji Zapom\u00f3g dla Wd\u00f3w i Sierot po Wychowankach AGH. Tak, tak, to ju\u017c 80 lat trwa bezprecedensowa w skali \u015bwiatowej akcja, w kt\u00f3rej absolwenci macierzystej uczelni bezinteresownie, w\u0142asnymi pieni\u0119dzmi, pomagaj\u0105 swoim kole\u017cankom i kolegom ze studenckich \u0142aw i sal wyk\u0142adowych, kt\u00f3rym los nie szcz\u0119dzi\u0142 trosk, a \u017cycie rzuci\u0142o k\u0142ody pod nogi, zabieraj\u0105c zdrowie, a cz\u0119sto \u017cycie w\u0142asne b\u0105d\u017a najbli\u017cszych.<\/p>\n\n\n\n<p class=\"wp-block-paragraph\">Spotykamy si\u0119 w niedzielny poranek, 4 pa\u017adziernika, o godzinie 8:00 w Podzamczu na Placu Jurajskim, na skrzy\u017cowaniu ulicy Zamkowej i Krakowskiej. Oczywi\u015bcie kwadrans akademicki jak najbardziej obowi\u0105zuje &#x1f60a;. Trasa tegorocznego Rajdu AZ przebiega oczywi\u015bcie cz\u0119\u015bci\u0105 Szlaku \u201eOrlich Gniazd\u201d. Z miejsca zbi\u00f3rki skierujemy si\u0119 do Mirowa, kt\u00f3ry jest met\u0105 tej edycji Rajdu. Po drodze, jak to na Jurze Krakowsko-Cz\u0119stochowskiej czeka nas mn\u00f3stwo atrakcji krajoznawczych!<\/p>\n\n\n\n<p class=\"wp-block-paragraph\">Trasa, jak wspomnia\u0142em zaczyna si\u0119 w Podzamczu i z werw\u0105, ochot\u0105 i z u\u015bmiechem na twarzy si\u0119 p\u00f3jdziemy ni\u0105 na p\u00f3\u0142noc. Przebieg trasy: Okolice Grodu na G\u00f3rze Bir\u00f3w, Dworski Las, \u017berkowice, Okiennik Wielki, Morsko \u2013 zamek B\u0105kowiec, G\u00f3ra Zbor\u00f3w \u2013 a tam Jaskinia Pojednania Hanys\u00f3w i Goroli &#x1f60a;, Zd\u00f3w, Bobolice \u2013 zamek, Mir\u00f3w \u2013 zamek.<\/p>\n\n\n\n<p class=\"wp-block-paragraph\">Nie b\u0119d\u0119 rozpisywa\u0142 si\u0119 szczeg\u00f3\u0142owo na temat ka\u017cdej atrakcji mijanej po drodze, ale jak najbardziej zapraszam do poznania ich na stronach internetowych \u2013 opis\u00f3w i zdj\u0119\u0107 nie brakuje!<\/p>\n\n\n\n<p class=\"wp-block-paragraph\">Tegoroczna trasa V Rajdu AZ liczy \u0142\u0105cznie oko\u0142o 26,5 km. <strong>Ca\u0142y czas (podkre\u015blam) idziemy czerwonym szlakiem \u201eOrlich Gniazd\u201d.<\/strong><\/p>\n\n\n\n<p class=\"wp-block-paragraph\">Jak co roku proponuj\u0119 tak zwane Punkty Zborne, czyli miejsca, gdzie ka\u017cdy mo\u017ce zacz\u0105\u0107 lub zako\u0144czy\u0107 wsp\u00f3ln\u0105 w\u0119dr\u00f3wk\u0119. Chodzi o to, aby ka\u017cdy dostosowa\u0142 swoje si\u0142y do w\u0142asnych mo\u017cliwo\u015bci. Oczywi\u015bcie wymaga to podj\u0119cia dodatkowych krok\u00f3w logistycznych, ale dla chc\u0105cego nic trudnego \u2013 wsz\u0119dzie jest mo\u017cliwo\u015b\u0107 dojazdu autem i zagwarantowane pokrycie sieci\u0105 gsm &#x1f609;. Wystarczy znale\u017a\u0107 ch\u0119tn\u0105 dusz\u0119, kt\u00f3ra podwiezie pod dane miejsce i odbierze z okre\u015blonego punktu \u2013 dlatego bardzo szczeg\u00f3\u0142owo przedstawiam przebieg trasy. Maj\u0105c na wzgl\u0119dzie pomys\u0142owo\u015b\u0107 i kreatywno\u015b\u0107 absolwent\u00f3w naszej AGH nie powinno to stanowi\u0107 problemu &#x1f60a;. A naprawd\u0119 warto nawet kilka kilometr\u00f3w przej\u015b\u0107 wsp\u00f3lnie, aby pozna\u0107<br>i poczu\u0107 wspania\u0142\u0105 atmosfer\u0119 jaka nam towarzyszy podczas w\u0119dr\u00f3wki. Ca\u0142y czas jeste\u015bmy w kontakcie telefonicznym aby nikogo, kto si\u0119 b\u0119dzie chcia\u0142 zabra\u0107 po drodze, nie przeoczy\u0107.<\/p>\n\n\n\n<p class=\"wp-block-paragraph\">W tym roku punktami zbornymi mog\u0105 by\u0107: Karlin, \u017berkowice (skrzy\u017cowanie z DK 78), parking przy Wielkim Okienniku, Piaseczno, parking przy Zamku B\u0105kowiec w Morsku, parking przy G\u00f3rze Zbor\u00f3w (skrzy\u017cowanie z drog\u0105 nr 792), Zd\u00f3w \u2013 przystanek PKS, Bobolice parking, Mir\u00f3w parking (mo\u017cliwo\u015b\u0107 zjedzenia obiadu w zaje\u017adzie przy parkingu).<\/p>\n\n\n\n<p class=\"wp-block-paragraph\">Wyjazd do Podzamcza godzina 7:00 z parkingu KWK Murcki-Staszic, ul. Karolinki 1, wyjazd powrotny z parkingu w Mirowie oko\u0142o 17:00 \u2013 17:30 (czas przejazdu oko\u0142o 1h).<\/p>\n\n\n\n<p class=\"wp-block-paragraph\">Wszelkie pytania prosz\u0119 kierowa\u0107 na mail: <a href=\"mailto:uboot@poczta.onet.pl\">uboot@poczta.onet.pl<\/a>, w temacie wiadomo\u015bci prosz\u0119 wpisa\u0107: \u201eV Rajd AZ\u201d, lub telefonicznie: 601\u00a0340\u00a0985 w godzinach popo\u0142udniowych.<\/p>\n\n\n\n<p class=\"has-text-align-center wp-block-paragraph\"><strong>Wszystkich ch\u0119tnych do wzi\u0119cia udzia\u0142u bardzo prosz\u0119 o informacj\u0119 (zapisy) najp\u00f3\u017aniej do 30 wrze\u015bnia, szczeg\u00f3lnie osoby zainteresowane przejazdem na trasie<br>parking KWK Murcki-Staszic \u2013 Podzamcze i powr\u00f3t Mir\u00f3w \u2013 parking KWK Murcki-Staszic.<\/strong><\/p>\n\n\n\n<p class=\"wp-block-paragraph\">Serdecznie zapraszam<br>Piotr Ubowski<\/p>\n\n\n\n<p class=\"wp-block-paragraph\">PS<\/p>\n\n\n\n<p class=\"wp-block-paragraph\">Na koniec chcia\u0142bym przedstawi\u0107 niezwykle ciekaw\u0105, rzek\u0142bym nowatorsk\u0105 metod\u0119 pomocy dla Akcji Zapom\u00f3g, zaproponowan\u0105 przez profesora Piotr Czaj\u0119 \u2013 Prezesa SW. Profesor, za po\u015brednictwem portalu internetowego SW AGH og\u0142osi\u0142 apel, kt\u00f3ry pozwol\u0119 sobie przytoczy\u0107:<\/p>\n\n\n\n<hr class=\"wp-block-separator has-alpha-channel-opacity\"\/>\n\n\n\n<p class=\"wp-block-paragraph\">\u201e\u2026aby wesprze\u0107 ide\u0119 i wysi\u0142ek Piotra Ubowskiego proponuj\u0119, aby Cz\u0142onkowie Stowarzyszenia przy\u0142\u0105czyli si\u0119 do tej akcji. <strong>Niech ka\u017cdy, kto popiera ten pomys\u0142 (a nie jest w stanie osobi\u015bcie uczestniczy\u0107 w Rajdzie AZ)\u00a0 wp\u0142aci na rzecz \u201eAkcji Zapom\u00f3g\u201d przynajmniej z\u0142ot\u00f3wk\u0119 od kilometra przebytego w tym, b\u0105d\u017a nast\u0119pnym tygodniu kiedy odbywa si\u0119 Rajd AZ<\/strong> (numer konta znajdziecie na stronie Stowarzyszenia).<\/p>\n\n\n\n<p class=\"wp-block-paragraph\"><strong>Ja osobi\u015bcie mam zarejestrowane w tym tygodniu przebycie 65 km (to codzienne poranne \u0107wiczenia oraz spacery rejestrowane na moim smartfonie. Za ka\u017cdy kilometr przebyty w\u00a0tym tygodniu wp\u0142acam darowizn\u0119 na rzecz \u201eAkcji Zapom\u00f3g\u201d w wysoko\u015bci trzykrotnej zaproponowanej przez Piotra\u00a0 to jest\u00a0 3 z\u0142\/km.\u00a0 Z oblicze\u0144 wynika, \u017ce b\u0119dzie to: 65 *3-=195 z\u0142 \u2013 po zaokr\u0105gleniu 200 z\u0142.<\/strong><\/p>\n\n\n\n<p class=\"wp-block-paragraph\"><strong>Zapraszam najpierw cz\u0142onk\u00f3w Zarz\u0105du SW AGH i cz\u0142onk\u00f3w Rady SW AGH do w\u0142\u0105czenia si\u0119 do tej akcji. Zapraszam te\u017c wszystkich cz\u0142onk\u00f3w<\/strong> <strong>stowarzyszenia, kt\u00f3rzy od dawna nie w\u0142\u0105czali si\u0119 do aktywnego wspierania tego rodzaju dzia\u0142alno\u015bci SW AGH. Pami\u0119tajcie, \u017ce pomaganie s\u0142abszym i potrzebuj\u0105cym jest najcenniejszym aktem przyja\u017ani i braterstwa.\u201d<\/strong><\/p>\n\n\n\n<p class=\"wp-block-paragraph\">prof. Piotr Czaja<\/p>\n\n\n\n<hr class=\"wp-block-separator has-alpha-channel-opacity\"\/>\n\n\n\n<figure class=\"wp-block-image size-large\"><img loading=\"lazy\" decoding=\"async\" width=\"1024\" height=\"785\" src=\"https:\/\/swagh.agh.edu.pl\/wp-content\/uploads\/2026\/09\/mapa__V_Rajdu_AZ-1024x785.jpg\" alt=\"\" class=\"wp-image-8327\" srcset=\"https:\/\/swagh.agh.edu.pl\/wp-content\/uploads\/2026\/09\/mapa__V_Rajdu_AZ-1024x785.jpg 1024w, https:\/\/swagh.agh.edu.pl\/wp-content\/uploads\/2026\/09\/mapa__V_Rajdu_AZ-300x230.jpg 300w, https:\/\/swagh.agh.edu.pl\/wp-content\/uploads\/2026\/09\/mapa__V_Rajdu_AZ-768x589.jpg 768w, https:\/\/swagh.agh.edu.pl\/wp-content\/uploads\/2026\/09\/mapa__V_Rajdu_AZ.jpg 1136w\" sizes=\"auto, (max-width: 1024px) 100vw, 1024px\" \/><\/figure>\n","protected":false},"excerpt":{"rendered":"<p>Czyli, na V Charytatywny Rajd Pieszy \u201eOrle Gniazda 2026\u201d Akcji Zapom\u00f3g Stowarzyszenia Wychowank\u00f3w AGH \u2013 \u201eLiczy si\u0119 ka\u017cdy krok\u201d Wszystkich zainteresowanych i zaciekawionych zapraszam w niedziel\u0119 4 pa\u017adziernika 2026 roku na kolejny \u2013 V Rajd<\/p>\n","protected":false},"author":1,"featured_media":8328,"comment_status":"closed","ping_status":"open","sticky":false,"template":"","format":"standard","meta":{"footnotes":"","_links_to":"","_links_to_target":""},"categories":[1],"tags":[],"class_list":["post-8326","post","type-post","status-publish","format-standard","has-post-thumbnail","hentry","category-bez-kategorii"],"_links":{"self":[{"href":"https:\/\/swagh.agh.edu.pl\/index.php?rest_route=\/wp\/v2\/posts\/8326","targetHints":{"allow":["GET"]}}],"collection":[{"href":"https:\/\/swagh.agh.edu.pl\/index.php?rest_route=\/wp\/v2\/posts"}],"about":[{"href":"https:\/\/swagh.agh.edu.pl\/index.php?rest_route=\/wp\/v2\/types\/post"}],"author":[{"embeddable":true,"href":"https:\/\/swagh.agh.edu.pl\/index.php?rest_route=\/wp\/v2\/users\/1"}],"replies":[{"embeddable":true,"href":"https:\/\/swagh.agh.edu.pl\/index.php?rest_route=%2Fwp%2Fv2%2Fcomments&post=8326"}],"version-history":[{"count":1,"href":"https:\/\/swagh.agh.edu.pl\/index.php?rest_route=\/wp\/v2\/posts\/8326\/revisions"}],"predecessor-version":[{"id":8329,"href":"https:\/\/swagh.agh.edu.pl\/index.php?rest_route=\/wp\/v2\/posts\/8326\/revisions\/8329"}],"wp:featuredmedia":[{"embeddable":true,"href":"https:\/\/swagh.agh.edu.pl\/index.php?rest_route=\/wp\/v2\/media\/8328"}],"wp:attachment":[{"href":"https:\/\/swagh.agh.edu.pl\/index.php?rest_route=%2Fwp%2Fv2%2Fmedia&parent=8326"}],"wp:term":[{"taxonomy":"category","embeddable":true,"href":"https:\/\/swagh.agh.edu.pl\/index.php?rest_route=%2Fwp%2Fv2%2Fcategories&post=8326"},{"taxonomy":"post_tag","embeddable":true,"href":"https:\/\/swagh.agh.edu.pl\/index.php?rest_route=%2Fwp%2Fv2%2Ftags&post=8326"}],"curies":[{"name":"wp","href":"https:\/\/api.w.org\/{rel}","templated":true}]}}