{"id":990,"date":"2014-06-05T08:36:40","date_gmt":"2014-06-05T08:36:40","guid":{"rendered":"http:\/\/galaxy.agh.edu.pl\/~swagh\/?p=990"},"modified":"2014-06-05T11:42:29","modified_gmt":"2014-06-05T11:42:29","slug":"990","status":"publish","type":"post","link":"https:\/\/swagh.agh.edu.pl\/?p=990","title":{"rendered":"Dzie\u0144 Hutnika w Biuletynie AGH"},"content":{"rendered":"<p>Zapraszam do zapoznania si\u0119 z najnowszym wydaniem Biuletynu AGH, kt\u00f3rego Tematem wydania by\u0142o doroczne \u015bwi\u0119to hutnik\u00f3w, kt\u00f3re w AGH uczczono licznymi wydarzeniami. Zach\u0119cam do\u00a0 przeczytania rozwa\u017ca\u0144 Prezesa Zarz\u0105du Izby Przemys\u0142owo-Handlowej Stefana Dzienniaka pt. \u201eSytuacja sektora stalowego w Polsce\u201d, kt\u00f3re publikujemy na stronach 5\u20138 naszej\u00a0 gazety.<\/p>\n<p><!--more-->Uroczysto\u015bci zainaugurowane zosta\u0142y uroczyst\u0105 msz\u0105 \u015bwi\u0119t\u0105 w Kolegiacie \u015bw. Anny. Kontynuowano je spotkaniem integracyjnym pracownik\u00f3w i student\u00f3w, kt\u00f3rego g\u0142\u00f3wnym punktem by\u0142y zawody sportowe. Nie zabrak\u0142o te\u017c wydarze\u0144 naukowych.Odby\u0142a si\u0119 konferencja naukowa \u201eInnowacje w Metalurgii i In\u017cynierii Materia\u0142owej\u201d. Do nurtu naukowego obchod\u00f3w do\u0142\u0105czyli si\u0119 studenci uczestnicz\u0105cy w 51. Konferencji K\u00f3\u0142 Naukowych Pionu Hutniczego. Punktem kulminacyjnym obchod\u00f3w by\u0142o uroczyste posiedzenie Senatu po\u0142\u0105czone z Ceremoni\u0105 \u015alubowania Hutniczego, a wieczorem \u015bwi\u0119towanie ko\u0144czono biesiad\u0105, kt\u00f3ra odby\u0142a si\u0119 w siedzibie ZPIT AGH \u201eKrakus\u201d.<\/p>\n<p>W zesz\u0142ym miesi\u0105cu odby\u0142a si\u0119 w AGH cykliczna Konferencja Prorektor\u00f3w ds. Kszta\u0142cenia i Studenckich Polskich Uczelni Technicznych. Relacj\u0119 z tego wydarzenia znajd\u0105 Pa\u0144stwo na stronach 9\u201310.<\/p>\n<p>R\u00f3wnie\u017c w zesz\u0142ym miesi\u0105cu odby\u0142y si\u0119 coroczne Krakowskie Dni Integracji. By\u0142a to ju\u017c VII edycja tego cyklicznego wydarzenia. Nasza uczelnia podejmuje wiele dzia\u0142a\u0144 maj\u0105cych na celu pomoc niepe\u0142nosprawnym studentom. Osobom funkcjonuj\u0105cym codziennie bez \u017cadnych obci\u0105\u017ce\u0144 trudno jest poj\u0105\u0107 problemy, z jakimi musz\u0105 boryka\u0107 si\u0119 osoby niepe\u0142nosprawne, dlatego Krakowskie Dni Integracji maj\u0105 tak du\u017ce znaczenie \u2013 relacj\u0119 z tego wydarzenia zamieszczamy na stronach 13\u201314.<\/p>\n<p>Coraz wi\u0119cej m\u00f3wi si\u0119 o materiale przysz\u0142o\u015bci, jakim jest grafen. Jego w\u0142a\u015bciwo\u015bci mog\u0105 zrewolucjonizowa\u0107 nasze codzienne \u017cycie. Tekst Ilony Tr\u0119bacz o pracach badawczych nad zastosowaniem grafenu w energetyce publikujemy na stronach 16\u201317.<\/p>\n<p>Zapraszam r\u00f3wnie\u017c do przeczytania bardzo obszernej i barwnej relacji z IX Mi\u0119dzynarodowego Forum-Konkursu Student\u00f3w i M\u0142odych Uczonych, kt\u00f3re niedawno odby\u0142o si\u0119 w Petersburgu (strony 32\u201335).<\/p>\n<p>Zach\u0119camy te\u017c do zapoznania si\u0119 z naszym dzia\u0142em \u201eKultura\u201d, gdzie tym razem piszemy o zespole Recycling Band i pokazujemy pi\u0119kne obrazy Gra\u017cyny \u015aliwi\u0144skiej, kt\u00f3re na \u017cywo mo\u017cna ogl\u0105da\u0107 w Klubie AGH.<\/p>\n<p>&nbsp;<\/p>\n<p><a href=\"http:\/\/galaxy.agh.edu.pl\/~swagh\/wp-content\/uploads\/2014\/06\/077_05_2014_okladka1.jpg\"><img loading=\"lazy\" decoding=\"async\" class=\"alignleft  wp-image-1013\" title=\"077_05_2014_okladka\" src=\"http:\/\/galaxy.agh.edu.pl\/~swagh\/wp-content\/uploads\/2014\/06\/077_05_2014_okladka1.jpg\" alt=\"\" width=\"558\" height=\"792\" \/><\/a><\/p>\n<p>&nbsp;<\/p>\n<p>(fot. Z.Sulima)<\/p>\n","protected":false},"excerpt":{"rendered":"<p>Zapraszam do zapoznania si\u0119 z najnowszym wydaniem Biuletynu AGH, kt\u00f3rego Tematem wydania by\u0142o doroczne \u015bwi\u0119to hutnik\u00f3w, kt\u00f3re w AGH uczczono licznymi wydarzeniami. Zach\u0119cam do\u00a0 przeczytania rozwa\u017ca\u0144 Prezesa Zarz\u0105du Izby Przemys\u0142owo-Handlowej Stefana Dzienniaka pt. \u201eSytuacja sektora<\/p>\n","protected":false},"author":1,"featured_media":0,"comment_status":"closed","ping_status":"open","sticky":false,"template":"","format":"standard","meta":{"footnotes":"","_links_to":"","_links_to_target":""},"categories":[1],"tags":[],"class_list":["post-990","post","type-post","status-publish","format-standard","hentry","category-bez-kategorii"],"_links":{"self":[{"href":"https:\/\/swagh.agh.edu.pl\/index.php?rest_route=\/wp\/v2\/posts\/990","targetHints":{"allow":["GET"]}}],"collection":[{"href":"https:\/\/swagh.agh.edu.pl\/index.php?rest_route=\/wp\/v2\/posts"}],"about":[{"href":"https:\/\/swagh.agh.edu.pl\/index.php?rest_route=\/wp\/v2\/types\/post"}],"author":[{"embeddable":true,"href":"https:\/\/swagh.agh.edu.pl\/index.php?rest_route=\/wp\/v2\/users\/1"}],"replies":[{"embeddable":true,"href":"https:\/\/swagh.agh.edu.pl\/index.php?rest_route=%2Fwp%2Fv2%2Fcomments&post=990"}],"version-history":[{"count":12,"href":"https:\/\/swagh.agh.edu.pl\/index.php?rest_route=\/wp\/v2\/posts\/990\/revisions"}],"predecessor-version":[{"id":1019,"href":"https:\/\/swagh.agh.edu.pl\/index.php?rest_route=\/wp\/v2\/posts\/990\/revisions\/1019"}],"wp:attachment":[{"href":"https:\/\/swagh.agh.edu.pl\/index.php?rest_route=%2Fwp%2Fv2%2Fmedia&parent=990"}],"wp:term":[{"taxonomy":"category","embeddable":true,"href":"https:\/\/swagh.agh.edu.pl\/index.php?rest_route=%2Fwp%2Fv2%2Fcategories&post=990"},{"taxonomy":"post_tag","embeddable":true,"href":"https:\/\/swagh.agh.edu.pl\/index.php?rest_route=%2Fwp%2Fv2%2Ftags&post=990"}],"curies":[{"name":"wp","href":"https:\/\/api.w.org\/{rel}","templated":true}]}}